{"id":113862,"date":"2025-12-15T14:55:13","date_gmt":"2025-12-15T14:55:13","guid":{"rendered":"https:\/\/www.europesays.com\/no\/113862\/"},"modified":"2025-12-15T14:55:13","modified_gmt":"2025-12-15T14:55:13","slug":"slar-seg-sammen-utrolig-viktig-for-folk-over-hele-norge-mn24-no","status":"publish","type":"post","link":"https:\/\/www.europesays.com\/no\/113862\/","title":{"rendered":"Sl\u00e5r seg sammen: \u2013 Utrolig viktig for folk over hele Norge &#8211; mn24.no"},"content":{"rendered":"<ol>\n<li><a href=\"https:\/\/news.google.com\/rss\/articles\/CBMisgFBVV95cUxQdHFrVXB6MXpJdFVHMmhseVpCd1NTaU1oZVV6ZF9YU3ZNUHFySzIwQlFNaHBCQVE5Z1BTODRXc1FDaHlFQkFIb3I1SDB0VVRNWDdnYUcxUnZKWndGSVh0cTg3WDRWeHZaU3RsdHZySzA2U2Z5QjZIcXI0WU90MHF4UFlzbEpwN0VMWWV6SHpDVTRfS0dfeGdvT3pSQkJ1cDg3ODJ1ZDhoUkhVRzRfdk81QjBn?oc=5\" target=\"_blank\" rel=\"nofollow noopener\">Sl\u00e5r seg sammen: \u2013 Utrolig viktig for folk over hele Norge<\/a>&nbsp;&nbsp;mn24.no<\/li>\n<li><a href=\"https:\/\/news.google.com\/rss\/articles\/CBMieEFVX3lxTE9JYmpHelYzMVNzMW52M1BNNkcyUGdGMkhNbUFNWE1hcGh0RVVYbUVOTy03U2xoWE9FMFZOaEQ3eXdOV3dlUVZBbmtDSXpZVVRvRmtmQUpSTzRoaEx0WlNkSmZfRTV0YTR0LVZrcUpMYWVDQnNCSWw0Yg?oc=5\" target=\"_blank\" rel=\"nofollow noopener\">Dagligvare\u00adkjempen varsler sammensl\u00e5ing<\/a>&nbsp;&nbsp;adressa.no<\/li>\n<li><a href=\"https:\/\/news.google.com\/rss\/articles\/CBMiigFBVV95cUxQUWxLTmI5VkE4V3VING5PamRHams2S1duX1F2STBTaVdpU3FJOXZuTUhBRXdGbGprY180VndNTWdJd25LLTdJRFRzYUhaRlRvTHktOUpLQm5LZ2RudlAzSl9mWVJVN0RiRkpQTXlfZjVFaFAzMVBKeldOOVA4MWVJNWRQcG9NeXNyLUE?oc=5\" target=\"_blank\" rel=\"nofollow noopener\">N\u00e6ringsliv, Coop | Coop-fusjon \u2013 n\u00e5 f\u00e5r tr\u00f8nderne mer i kj\u00f8peutbytte<\/a>&nbsp;&nbsp;Tr\u00f8nder-Avisa<\/li>\n<li><a href=\"https:\/\/news.google.com\/rss\/articles\/CBMihAFBVV95cUxNZmNlZXJuNTVGdENQb3lvM19EZjExTXhaVEVTQ25sVkt6VHRKMmpUWHpDZjVMcGFfTjVZY3YtU0IxUm5uV1dGVWFzR19qZmFpdC1KTkxLYWlEbjNaSW1SYjBOUElQUmp0SVZRMHltM191NlV4TV9Td3BDeEZNR0ZjRDBqQkQ?oc=5\" target=\"_blank\" rel=\"nofollow noopener\">Handels\u00adgiganter sl\u00e5r seg sammen<\/a>&nbsp;&nbsp;tronderbladet.no<\/li>\n<li><a href=\"https:\/\/news.google.com\/rss\/articles\/CBMipwFBVV95cUxNVXdoS1VvSlB1WlNJcHZORGJ0bmhPNVFMUm9STkdyYy16UE9mOVVkcDFkRXpHSlFGNFVzbkt0M1htVGtIYWlzTkNmQjhOUU5KeU9rcUpjT0xIYlg4cWx6aDlDQjQyUmdEd2VnS0dXeFpXWnljamQ2clNtMjl3RzJJeTZibDIyR0lCV0xseUZmdV9XdWJCSWJYMmcyQi0ySlNzTE9wVUliSQ?oc=5\" target=\"_blank\" rel=\"nofollow noopener\">Finnmark, Alta | Gigant-fusjon: Danner \u00abCoop Allianse\u00bb med tr\u00f8nderne<\/a>&nbsp;&nbsp;iFinnmark<\/li>\n<\/ol>\n","protected":false},"excerpt":{"rendered":"Sl\u00e5r seg sammen: \u2013 Utrolig viktig for folk over hele Norge&nbsp;&nbsp;mn24.no Dagligvare\u00adkjempen varsler sammensl\u00e5ing&nbsp;&nbsp;adressa.no N\u00e6ringsliv, Coop | Coop-fusjon&hellip;\n","protected":false},"author":2,"featured_media":113863,"comment_status":"","ping_status":"","sticky":false,"template":"","format":"standard","meta":{"footnotes":""},"categories":[5],"tags":[20,21,1749,24,25,15,19,22,23,17,18,13,30,28,29,14,16,26,27,13860,270],"class_list":{"0":"post-113862","1":"post","2":"type-post","3":"status-publish","4":"format-standard","5":"has-post-thumbnail","7":"category-overskrifter","8":"tag-breaking-news","9":"tag-breakingnews","10":"tag-coop","11":"tag-featured-news","12":"tag-featurednews","13":"tag-headlines","14":"tag-hovedoppslag","15":"tag-latest-news","16":"tag-latestnews","17":"tag-main-news","18":"tag-mainnews","19":"tag-news","20":"tag-no","21":"tag-norge","22":"tag-norway","23":"tag-nyheter","24":"tag-overskrifter","25":"tag-top-stories","26":"tag-topstories","27":"tag-torbjorn-skei","28":"tag-trondelag"},"share_on_mastodon":{"url":"https:\/\/pubeurope.com\/@no\/115724165049113803","error":""},"_links":{"self":[{"href":"https:\/\/www.europesays.com\/no\/wp-json\/wp\/v2\/posts\/113862","targetHints":{"allow":["GET"]}}],"collection":[{"href":"https:\/\/www.europesays.com\/no\/wp-json\/wp\/v2\/posts"}],"about":[{"href":"https:\/\/www.europesays.com\/no\/wp-json\/wp\/v2\/types\/post"}],"author":[{"embeddable":true,"href":"https:\/\/www.europesays.com\/no\/wp-json\/wp\/v2\/users\/2"}],"replies":[{"embeddable":true,"href":"https:\/\/www.europesays.com\/no\/wp-json\/wp\/v2\/comments?post=113862"}],"version-history":[{"count":0,"href":"https:\/\/www.europesays.com\/no\/wp-json\/wp\/v2\/posts\/113862\/revisions"}],"wp:featuredmedia":[{"embeddable":true,"href":"https:\/\/www.europesays.com\/no\/wp-json\/wp\/v2\/media\/113863"}],"wp:attachment":[{"href":"https:\/\/www.europesays.com\/no\/wp-json\/wp\/v2\/media?parent=113862"}],"wp:term":[{"taxonomy":"category","embeddable":true,"href":"https:\/\/www.europesays.com\/no\/wp-json\/wp\/v2\/categories?post=113862"},{"taxonomy":"post_tag","embeddable":true,"href":"https:\/\/www.europesays.com\/no\/wp-json\/wp\/v2\/tags?post=113862"}],"curies":[{"name":"wp","href":"https:\/\/api.w.org\/{rel}","templated":true}]}}