{"id":113868,"date":"2025-12-15T15:01:11","date_gmt":"2025-12-15T15:01:11","guid":{"rendered":"https:\/\/www.europesays.com\/no\/113868\/"},"modified":"2025-12-15T15:01:11","modified_gmt":"2025-12-15T15:01:11","slug":"william-hoff-selnes-14-savnet-etter-dodsbrannen-i-rana","status":"publish","type":"post","link":"https:\/\/www.europesays.com\/no\/113868\/","title":{"rendered":"William Hoff Selnes (14) savnet etter d\u00f8dsbrannen i Rana"},"content":{"rendered":"\n<p class=\"_lead_o9xde_2 _lead_xtcu6_50 layout-component text-serif-m layout-normal text-serif-l layout-component layout-wide layout-padded _wide_17hqh_1 layout-padded\">Politiet tror at det var han som omkom i brannen. <\/p>\n<p><img alt=\"Brannvesenet jobber p\u00e5 stedet.  Foto: VG-tipser\" class=\"_image_qp4xg_65 layout-component layout-wide\" data-fullscreen- data-track-element-type=\"Article image fullscreen\" data-track-name=\"ImageFullscreen\" fetchpriority=\"high\" decoding=\"sync\" loading=\"eager\" height=\"1170\" itemprop=\"image\"  src=\"https:\/\/www.europesays.com\/no\/wp-content\/uploads\/2025\/12\/8bd1cc96-f14f-4274-8aa5-9542d6d948db\"  style=\"object-position:0% 0%\" width=\"1560\"\/>Brannvesenet jobber p\u00e5 stedet.  Foto: VG-tipser<\/p>\n<ul aria-hidden=\"true\" class=\"_images_ntbth_112\">\n<li><a class=\"_link_ntbth_117\" href=\"https:\/\/www.vg.no\/forfatter\/einar-torkelsen\" style=\"z-index:1\" title=\"Einar Torkelsen\" rel=\"nofollow noopener\" target=\"_blank\"><img alt=\"Bilde av Einar Torkelsen\" class=\"_image_ntbth_93\" fetchpriority=\"low\" loading=\"lazy\" decoding=\"async\" itemprop=\"image\"  src=\"https:\/\/www.europesays.com\/no\/wp-content\/uploads\/2025\/12\/1765810869_295_f6016772-ddbc-43d2-b733-41afc7cc9046\"  width=\"480\"\/><\/a><\/li>\n<\/ul>\n<p> Oppdatert mandag 15. desember kl. 15:50     <\/p>\n<p class=\"_paragraph_o9xde_4 _paragraph_xtcu6_10 layout-component text-serif-m layout-normal text-serif-m layout-padded\">Politiet skriver i en pressemelding mandag at 14 \u00e5r gamle William Hoff Selnes er savnet etter brannen p\u00e5 omsorgsboligen i Rana forrige uke.<\/p>\n<p class=\"_paragraph_o9xde_4 _paragraph_xtcu6_10 layout-component text-serif-m layout-normal text-serif-m layout-padded\">\u2013 Selnes var beboer i huset som brant, og er savnet etter brannen. Han er ikke formelt identifisert, men politiet har grunn til \u00e5 tro at det var Selnes som omkom under brannen. Navnet frigis i samr\u00e5d med de p\u00e5r\u00f8rende, skriver politiet. <\/p>\n<p class=\"_paragraph_o9xde_4 _paragraph_xtcu6_10 layout-component text-serif-m layout-normal text-serif-m layout-padded\">Brann\u00e5rsaken er forel\u00f8pig ukjent. Politiet etterforsker saken. <\/p>\n<p class=\"_paragraph_o9xde_4 _paragraph_xtcu6_10 layout-component text-serif-m layout-normal layout-padded\"><strong class=\"_strong_o9xde_25\">Les ogs\u00e5:<\/strong> <a href=\"https:\/\/www.vg.no\/i\/8pwkpd\" data-track-element-type=\"Link\" data-track-id=\"link:8pwkpd\" class=\"_link_o9xde_39\" rel=\"nofollow noopener\" target=\"_blank\">Rana i sorg etter d\u00f8dsbrann: \u2013 Dypt tragisk <\/a><\/p>\n<p class=\"_paragraph_o9xde_4 _paragraph_xtcu6_10 layout-component text-serif-m layout-normal text-serif-m layout-padded\">\u2013 Vi er forel\u00f8pig i en innledende fase av det som ser ut til \u00e5 bli en omfattende etterforskning, og det er fortsatt for tidlig \u00e5 kunne svare p\u00e5 hva som gjorde at brannen oppsto, og hvorfor den fikk det tragiske utfallet den fikk. Forh\u00e5pentligvis vil den videre etterforskningen kunne gi svar p\u00e5 det, sier politiadvokat Joachim Nymann. <\/p>\n<p class=\"_paragraph_o9xde_4 _paragraph_xtcu6_10 layout-component text-serif-m layout-normal text-serif-m layout-padded\">Politiet viser til at en sentral del av etterforskningen blir kriminaltekniske unders\u00f8kelser p\u00e5 brannstedet. Dette arbeidet begynner torsdag denne uken. <\/p>\n<p class=\"_paragraph_o9xde_4 _paragraph_xtcu6_10 layout-component text-serif-m layout-normal text-serif-m layout-padded\">\u2013 Videre vil det v\u00e6re sentralt \u00e5 avh\u00f8re vitner og innhente relevant informasjon som kan bidra til \u00e5 opplyse saken. Dette arbeidet er p\u00e5begynt og vi vil fortsette \u00e5 ha trykk p\u00e5 dette i l\u00f8pet av de kommende dagene, sier Nymann. <\/p>\n<p><img alt=\"Foto: Norges R\u00f8de Kors Rana \/ Handout \/ NTB \/ NTB\" class=\"_image_qp4xg_65 layout-component layout-normal\" data-fullscreen- data-track-element-type=\"Article image fullscreen\" data-track-name=\"ImageFullscreen\" decoding=\"async\" loading=\"lazy\" height=\"744\" itemprop=\"image\"  src=\"https:\/\/www.europesays.com\/no\/wp-content\/uploads\/2025\/12\/4ae68bcf-68c8-4e9e-9b28-f595c2683396\"  style=\"object-position:0% 0%\" width=\"1429\"\/>Foto: Norges R\u00f8de Kors Rana \/ Handout \/ NTB \/ NTB<\/p>\n<p class=\"_paragraph_o9xde_4 _paragraph_xtcu6_10 layout-component text-serif-m layout-normal text-serif-m layout-padded\">Det brant kraftig p\u00e5 omsorgsboligen fredag kveld. Omsorgsboligen som brant er et tilbygg til et sykehjem. <\/p>\n<p class=\"_paragraph_o9xde_4 _paragraph_xtcu6_10 layout-component text-serif-m layout-normal text-serif-m layout-padded\">Natt til l\u00f8rdag bekreftet politiet at \u00e9n person hadde omkommet i brannen. <\/p>\n<p class=\"_paragraph_o9xde_4 _paragraph_xtcu6_10 layout-component text-serif-m layout-normal text-serif-m layout-padded\">Rana kommune satte krisestab etter tragedien. <\/p>\n<p class=\"_paragraph_o9xde_4 _paragraph_xtcu6_10 layout-component text-serif-m layout-normal text-serif-m layout-padded\">\u2013 Brannen i omsorgsboligene p\u00e5 Gruben fredag kveld hadde et verst tenkelig utfall, et ungt liv gikk tapt. Det preger oss sterkt, sa ordf\u00f8rer Geir Waage p\u00e5 l\u00f8rdag. <\/p>\n<p class=\"_paragraph_o9xde_4 _paragraph_xtcu6_10 layout-component text-serif-m layout-normal layout-padded\"><strong class=\"_strong_o9xde_25\">Les ogs\u00e5:<\/strong> <a href=\"https:\/\/www.vg.no\/i\/OknJoE\" data-track-element-type=\"Link\" data-track-id=\"link:OknJoE\" class=\"_link_o9xde_39\" rel=\"nofollow noopener\" target=\"_blank\">\u00c9n omkommet etter brann i omsorgsbolig i Rana<\/a><\/p>\n<p>    <img decoding=\"async\" alt=\"Tips oss illustrasjon\" src=\"https:\/\/www.europesays.com\/no\/wp-content\/uploads\/2025\/10\/pssst-small.webp.webp\"\/>    <\/p>\n<p class=\"title-serif-s\">Har du tips?<\/p>\n<p class=\"text-sans-m\">Send oss informasjon, bilder eller video.<\/p>\n<p>  <a href=\"https:\/\/www.vg.no\/tips-oss\" rel=\"nofollow noopener\" target=\"_blank\"> Tips oss <\/a>      <\/p>\n","protected":false},"excerpt":{"rendered":"Politiet tror at det var han som omkom i brannen. Brannvesenet jobber p\u00e5 stedet. Foto: VG-tipser Oppdatert mandag&hellip;\n","protected":false},"author":2,"featured_media":113869,"comment_status":"","ping_status":"","sticky":false,"template":"","format":"standard","meta":{"footnotes":""},"categories":[10],"tags":[367,31,20,21,9626,24,25,15,22,23,13,30,687,28,29,14,6710,16,1360,26,27],"class_list":{"0":"post-113868","1":"post","2":"type-post","3":"status-publish","4":"format-standard","5":"has-post-thumbnail","7":"category-norge","8":"tag-brann","9":"tag-breaking","10":"tag-breaking-news","11":"tag-breakingnews","12":"tag-dodsbranner","13":"tag-featured-news","14":"tag-featurednews","15":"tag-headlines","16":"tag-latest-news","17":"tag-latestnews","18":"tag-news","19":"tag-no","20":"tag-nordland","21":"tag-norge","22":"tag-norway","23":"tag-nyheter","24":"tag-omsorgsboliger","25":"tag-overskrifter","26":"tag-rana","27":"tag-top-stories","28":"tag-topstories"},"share_on_mastodon":{"url":"https:\/\/pubeurope.com\/@no\/115724189002287627","error":""},"_links":{"self":[{"href":"https:\/\/www.europesays.com\/no\/wp-json\/wp\/v2\/posts\/113868","targetHints":{"allow":["GET"]}}],"collection":[{"href":"https:\/\/www.europesays.com\/no\/wp-json\/wp\/v2\/posts"}],"about":[{"href":"https:\/\/www.europesays.com\/no\/wp-json\/wp\/v2\/types\/post"}],"author":[{"embeddable":true,"href":"https:\/\/www.europesays.com\/no\/wp-json\/wp\/v2\/users\/2"}],"replies":[{"embeddable":true,"href":"https:\/\/www.europesays.com\/no\/wp-json\/wp\/v2\/comments?post=113868"}],"version-history":[{"count":0,"href":"https:\/\/www.europesays.com\/no\/wp-json\/wp\/v2\/posts\/113868\/revisions"}],"wp:featuredmedia":[{"embeddable":true,"href":"https:\/\/www.europesays.com\/no\/wp-json\/wp\/v2\/media\/113869"}],"wp:attachment":[{"href":"https:\/\/www.europesays.com\/no\/wp-json\/wp\/v2\/media?parent=113868"}],"wp:term":[{"taxonomy":"category","embeddable":true,"href":"https:\/\/www.europesays.com\/no\/wp-json\/wp\/v2\/categories?post=113868"},{"taxonomy":"post_tag","embeddable":true,"href":"https:\/\/www.europesays.com\/no\/wp-json\/wp\/v2\/tags?post=113868"}],"curies":[{"name":"wp","href":"https:\/\/api.w.org\/{rel}","templated":true}]}}