{"id":113876,"date":"2025-12-15T15:12:09","date_gmt":"2025-12-15T15:12:09","guid":{"rendered":"https:\/\/www.europesays.com\/no\/113876\/"},"modified":"2025-12-15T15:12:09","modified_gmt":"2025-12-15T15:12:09","slug":"vecna-slar-tilbake-i-ny-stranger-things-trailer","status":"publish","type":"post","link":"https:\/\/www.europesays.com\/no\/113876\/","title":{"rendered":"Vecna sl\u00e5r tilbake i ny Stranger Things-trailer"},"content":{"rendered":"<p>Netflix har sluppet traileren til Volume 2 av Stranger Things 5, og en ting er klinkende klart \u2013 Vecna er langt fra ferdig. <\/p>\n<p>Seriens sluttspill n\u00e6rmer seg for alvor n\u00e5r de siste episodene rulles ut i juleh\u00f8ytiden. Og Hawkins st\u00e5r overfor sin st\u00f8rste trussel noensinne. <\/p>\n<p>Netflix bekrefter at Volume 2 slippes dagen etter julaften, 25. desember og best\u00e5r av tre episoder. <\/p>\n<p>Finalen markerer en storsl\u00e5tt avslutning p\u00e5 serien som har definert en hel Netflix-era. <\/p>\n<p>De fire f\u00f8rste episodene av sesong 5 ble sluppet p\u00e5 Thanksgiving. Men selve finalen kommer p\u00e5 nytt\u00e5rsaften \u2013 og vises i tillegg p\u00e5 kino.<\/p>\n<p>I den nye traileren ser vi innbyggerne i Hawkins samle seg til kamp mot Vecna og h\u00e6ren hans av Demogorgons fra The Upside Down. <\/p>\n<p><img loading=\"lazy\" decoding=\"async\" width=\"1400\" height=\"933\" src=\"https:\/\/www.europesays.com\/no\/wp-content\/uploads\/2025\/12\/stranger-things-season-5-volum-2-.jpg\" alt=\"stranger things sesong 5 volum 2 st5 norge\" class=\"wp-image-309534\"  \/>ST5 (Netflix)<\/p>\n<p>Steve og Dustin sl\u00e5r seg sammen igjen, mens resten av gjengen kjemper b\u00e5de mot milit\u00e6ret og monstertrusselen som har begynt \u00e5 sive over i den virkelige verden. <\/p>\n<p>Samtidig jakter myndighetene fortsatt p\u00e5 Eleven. <\/p>\n<p>Traileren avsl\u00f8rer at Max p\u00e5 et mystisk vis har overlevd etter \u00e5 ha ligget i koma siden slutten av sesong 4. <\/p>\n<p>Sammen med Holly Wheeler havner hun fanget i Vernas minner \u2013 et mareritt som bare gj\u00f8r situasjonen enda farligere. <\/p>\n<p>Og mens kaoset eskalerer, viser Will endelig tegn til \u00e5 ha funnet sitt fulle potensial. Han klarer \u00e5 kontrollere monstrene og redder dagen \u2013 i hvert fall midlertidig. <\/p>\n<p><strong>Sjekk ut Stranger Things Volume 2 \u2013 trailer nedenfor. <\/strong><\/p>\n<p>Men h\u00e5pet varer ikke lenge. <\/p>\n<p>Vecna har overlevd et massivt milit\u00e6rangrep uten en eneste skramme, og selv om han trekker seg tilbake for \u00f8yeblikket, er planen klar. Hawkins f\u00f8rst \u2013 verden deretter. <\/p>\n<p>Hele hovedcasten vender tilbake i den femte og siste sesongen. <\/p>\n<p>Vi f\u00e5r se Millie Bobby Brown, Finn Wolfhard, Gaten Matarazzo, Caleb McLaughlin, Noah Schnapp, Winona Ryder, David Harbour, Sadie Sink, Joe Keery, Maya Hawke \u2013 og Jamie Campbell Bower som Vecna.<\/p>\n<p>I tillegg f\u00e5r sesongen flere nye fjes, blant annet Linda Hamilton, Nell Fisher, Alex Breaux og Jake Connelly. <\/p>\n<p><img loading=\"lazy\" decoding=\"async\" width=\"1000\" height=\"710\" src=\"https:\/\/www.europesays.com\/no\/wp-content\/uploads\/2025\/12\/Stranger-Things.jpg\" alt=\"Stranger Things\" class=\"wp-image-289032\"  \/>Gaten Matarazzo, Caleb McLaughlin, Millie Bobby Brown, Sadie Sink, Finn Wolfhard p\u00e5 premieren til Stranger Things sesong 3 i 2019 (Amy Sussman\/Getty)<\/p>\n<p>Stranger Things g\u00e5r n\u00e5 mot sitt endelige klimaks, og traileren lover en avslutning full av nostalgi, action og m\u00f8rke vendinger. <\/p>\n<p>Julen 2025 blir alt annet enn koselig i Hawkins, med andre ord. <\/p>\n","protected":false},"excerpt":{"rendered":"Netflix har sluppet traileren til Volume 2 av Stranger Things 5, og en ting er klinkende klart \u2013&hellip;\n","protected":false},"author":2,"featured_media":113877,"comment_status":"","ping_status":"","sticky":false,"template":"","format":"standard","meta":{"footnotes":""},"categories":[57],"tags":[13861,13862,10627,13863,13864,13865,13866,13867,13868,13869,13870,13871,13872,12495,13873,13874,2794,13875,220,30,13876,28,29,13877,65,63,64,2795,66,70,13878,792,13879,69,67,68,13880,13881],"class_list":{"0":"post-113876","1":"post","2":"type-post","3":"status-publish","4":"format-standard","5":"has-post-thumbnail","7":"category-vitenskap-og-teknologi","8":"tag-alex-breaux","9":"tag-caleb-mclaughlin","10":"tag-david-harbour","11":"tag-demogorgons","12":"tag-dustin","13":"tag-eleven","14":"tag-finn-wolfhard","15":"tag-gaten-matarazzo","16":"tag-hawkins","17":"tag-holly-wheeler","18":"tag-jake-connelly","19":"tag-jamie-campbell-bower","20":"tag-joe-keery","21":"tag-linda-hamilton","22":"tag-max","23":"tag-maya-hawke","24":"tag-millie-bobby-brown","25":"tag-nell-fisher","26":"tag-netflix","27":"tag-no","28":"tag-noah-schnapp","29":"tag-norge","30":"tag-norway","31":"tag-sadie-sink","32":"tag-science","33":"tag-science-and-technology","34":"tag-scienceandtechnology","35":"tag-stranger-things","36":"tag-technology","37":"tag-teknologi","38":"tag-the-upside-down","39":"tag-tv-serie","40":"tag-vecna","41":"tag-vitenskap","42":"tag-vitenskap-og-teknologi","43":"tag-vitenskapteknologi","44":"tag-will","45":"tag-winona-ryder"},"share_on_mastodon":{"url":"","error":"Validation failed: Text character limit of 500 exceeded"},"_links":{"self":[{"href":"https:\/\/www.europesays.com\/no\/wp-json\/wp\/v2\/posts\/113876","targetHints":{"allow":["GET"]}}],"collection":[{"href":"https:\/\/www.europesays.com\/no\/wp-json\/wp\/v2\/posts"}],"about":[{"href":"https:\/\/www.europesays.com\/no\/wp-json\/wp\/v2\/types\/post"}],"author":[{"embeddable":true,"href":"https:\/\/www.europesays.com\/no\/wp-json\/wp\/v2\/users\/2"}],"replies":[{"embeddable":true,"href":"https:\/\/www.europesays.com\/no\/wp-json\/wp\/v2\/comments?post=113876"}],"version-history":[{"count":0,"href":"https:\/\/www.europesays.com\/no\/wp-json\/wp\/v2\/posts\/113876\/revisions"}],"wp:featuredmedia":[{"embeddable":true,"href":"https:\/\/www.europesays.com\/no\/wp-json\/wp\/v2\/media\/113877"}],"wp:attachment":[{"href":"https:\/\/www.europesays.com\/no\/wp-json\/wp\/v2\/media?parent=113876"}],"wp:term":[{"taxonomy":"category","embeddable":true,"href":"https:\/\/www.europesays.com\/no\/wp-json\/wp\/v2\/categories?post=113876"},{"taxonomy":"post_tag","embeddable":true,"href":"https:\/\/www.europesays.com\/no\/wp-json\/wp\/v2\/tags?post=113876"}],"curies":[{"name":"wp","href":"https:\/\/api.w.org\/{rel}","templated":true}]}}