{"id":113882,"date":"2025-12-15T15:17:11","date_gmt":"2025-12-15T15:17:11","guid":{"rendered":"https:\/\/www.europesays.com\/no\/113882\/"},"modified":"2025-12-15T15:17:11","modified_gmt":"2025-12-15T15:17:11","slug":"ellevilt","status":"publish","type":"post","link":"https:\/\/www.europesays.com\/no\/113882\/","title":{"rendered":"&#8211; Ellevilt"},"content":{"rendered":"<p>  Hele fire nordmenn var inne blant de seks beste p\u00e5 s\u00f8ndagens slal\u00e5m i Val d&#8217;Is\u00e8re. Timon Haugan gikk helt til topps, med Henrik Kristoffersen p\u00e5 3.-plass.<\/p>\n<p>\n    TIL TOPPS: Timon Haugan vant slal\u00e5men. Foto: AFP\n  <\/p>\n<p>L\u00f8rdag ble det trippelt sveitsisk i storslal\u00e5m i Val d&#8217;Is\u00e8re. B\u00e5de Henrik Kristoffersen og Timon Haugan l\u00e5 godt an etter f\u00f8rste omgang, men Haugan ble til slutt beste norske p\u00e5 den sure fjerdeplassen.<\/p>\n<p>I s\u00f8ndagens slal\u00e5m, leverte de norske gutta igjen gode 1. omganger. Lo\u00efc Meillard ledet, med Haugan, Atle Lie McGrath og Kristoffersen p\u00e5 plassene bak. Like bak nordmennene fulgte Lucas Pinheiro Braathen.\u00a0<\/p>\n<p>I t\u00f8ffe forhold i andre omgang, var det flere av de som startet tidlig som kom seg langt fram p\u00e5 resultatlista.\u00a0<\/p>\n<p>Italienske Alex Vinatzer var nummer 25 etter f\u00f8rste omgang, men kj\u00f8rte seg voldsomt opp i andre omgang, og ledet da det var nordmennenes tur.<\/p>\n<p>Ogs\u00e5 Henrik Kristoffersen tapte til Vinatzer, men det holdt til ledelse i m\u00e5l. Han var likevel ikke helt forn\u00f8yd.<\/p>\n<p>        HERRELANDSLAGET: En dansk kommentator mener Henny Reistad kunne spilt p\u00e5 det norske herrelandslaget. Slik svarer hun p\u00e5 kommentaren. Reporter: Henrik Myhrvold Simensen. Video: Birthe Skingen<\/p>\n<p>&#8211; Med feil! Faen! ropte Kristoffersen.\u00a0<\/p>\n<p>S\u00e5 var det Timon Haugans tur. Han smalt til, og kom seg inn foran Henrik Kristoffersen. Det holdt ogs\u00e5 til seier, da Lo\u00efc Meillard ikke klarte \u00e5 tukte tiden til nordmannen.\u00a0<\/p>\n<p>&#8211; Ellevilt, sa Viaplay-kommentar Henrik Jonassen om den norske innsatsen.\u00a0<\/p>\n<p>I tillegg til nordmennene i tet leverte to unge norsk alpinister knallsterkt.<\/p>\n<p>B\u00e5de Oscar Sandvik (21) og Hans Grahl-Madsen (22) kom seg til finaleomgangen. Der fikk de kj\u00f8re tidlig, klatre mangfoldige plasser p\u00e5 resultatlistene og sl\u00e5 ny bestenotering i verdenscupen.<\/p>\n<p>Grahl-Madsen sikret sine f\u00f8rste verdenscuppoeng og fikk en liten visitt i lederstolen.<\/p>\n<p>\u2013 Det var fint. Den var god og varm. Jeg kommer tilbake igjen der, sa 22-\u00e5ringen til Viaplay f\u00f8r ungguttene klatret ytterligere p\u00e5 resultatlistene.<\/p>\n<p>F\u00f8r s\u00f8ndagens renn hadde det blitt norsk seier de to siste gangene det har blitt holdt slal\u00e5mrenn i verdenscupen i Val d&#8217;Is\u00e8re.<\/p>\n<p>I 2024 vant Kristoffersen foran Atle Lie McGrath, mens i 2023 ble rennet avlyst grunnet d\u00e5rlige forhold. I 2022 vant Lucas Braathen, da som norsk representant.<\/p>\n<p>N\u00e5 kj\u00f8rer Braathen for Brasil og er n\u00e6rmeste utfordrer bak Meillard og de tre norske favorittene i toppen.<\/p>\n","protected":false},"excerpt":{"rendered":"Hele fire nordmenn var inne blant de seks beste p\u00e5 s\u00f8ndagens slal\u00e5m i Val d&#8217;Is\u00e8re. Timon Haugan gikk&hellip;\n","protected":false},"author":2,"featured_media":113883,"comment_status":"","ping_status":"","sticky":false,"template":"","format":"standard","meta":{"footnotes":""},"categories":[5],"tags":[249,5961,20,21,24,25,15,9794,19,22,23,17,18,13,30,28,29,14,16,83,9894,26,27],"class_list":{"0":"post-113882","1":"post","2":"type-post","3":"status-publish","4":"format-standard","5":"has-post-thumbnail","7":"category-overskrifter","8":"tag-alpint","9":"tag-atle-lie-mcgrath","10":"tag-breaking-news","11":"tag-breakingnews","12":"tag-featured-news","13":"tag-featurednews","14":"tag-headlines","15":"tag-henrik-kristoffersen","16":"tag-hovedoppslag","17":"tag-latest-news","18":"tag-latestnews","19":"tag-main-news","20":"tag-mainnews","21":"tag-news","22":"tag-no","23":"tag-norge","24":"tag-norway","25":"tag-nyheter","26":"tag-overskrifter","27":"tag-sport","28":"tag-timon-haugan","29":"tag-top-stories","30":"tag-topstories"},"share_on_mastodon":{"url":"https:\/\/pubeurope.com\/@no\/115724251483426360","error":""},"_links":{"self":[{"href":"https:\/\/www.europesays.com\/no\/wp-json\/wp\/v2\/posts\/113882","targetHints":{"allow":["GET"]}}],"collection":[{"href":"https:\/\/www.europesays.com\/no\/wp-json\/wp\/v2\/posts"}],"about":[{"href":"https:\/\/www.europesays.com\/no\/wp-json\/wp\/v2\/types\/post"}],"author":[{"embeddable":true,"href":"https:\/\/www.europesays.com\/no\/wp-json\/wp\/v2\/users\/2"}],"replies":[{"embeddable":true,"href":"https:\/\/www.europesays.com\/no\/wp-json\/wp\/v2\/comments?post=113882"}],"version-history":[{"count":0,"href":"https:\/\/www.europesays.com\/no\/wp-json\/wp\/v2\/posts\/113882\/revisions"}],"wp:featuredmedia":[{"embeddable":true,"href":"https:\/\/www.europesays.com\/no\/wp-json\/wp\/v2\/media\/113883"}],"wp:attachment":[{"href":"https:\/\/www.europesays.com\/no\/wp-json\/wp\/v2\/media?parent=113882"}],"wp:term":[{"taxonomy":"category","embeddable":true,"href":"https:\/\/www.europesays.com\/no\/wp-json\/wp\/v2\/categories?post=113882"},{"taxonomy":"post_tag","embeddable":true,"href":"https:\/\/www.europesays.com\/no\/wp-json\/wp\/v2\/tags?post=113882"}],"curies":[{"name":"wp","href":"https:\/\/api.w.org\/{rel}","templated":true}]}}