{"id":113886,"date":"2025-12-15T15:28:17","date_gmt":"2025-12-15T15:28:17","guid":{"rendered":"https:\/\/www.europesays.com\/no\/113886\/"},"modified":"2025-12-15T15:28:17","modified_gmt":"2025-12-15T15:28:17","slug":"den-store-misforstaelsen-om-datasentre","status":"publish","type":"post","link":"https:\/\/www.europesays.com\/no\/113886\/","title":{"rendered":"Den store misforst\u00e5elsen om datasentre"},"content":{"rendered":"<p class=\"text-md pt-2 pb-8 mb-3 text-base border-b border-brandNeutral-900 dark:border-brandNeutral-100\">Dette debattinnlegget gir uttrykk for skribentens meninger. Innlegg kan sendes til debatt@digi.no.<\/p>\n<p>Planlagte datasenterutbygginger omtales som str\u00f8msluk, men tallene beskriver maksimal kapasitet, ikke faktisk forbruk. Utbyggingen kan skape arbeidsplasser, KI-industri og verdifull gjenbruk av spillvarme.\u00a0<\/p>\n<p>Planene til Aker Nscale i Nord-Norge har skapt sterke reaksjoner. En <a href=\"https:\/\/www.digi.no\/artikler\/rokkes-datasenterplaner-kan-kreve-mer-strom-enn-hele-oslo\/564149?utm_source=newsletter-digidaily&amp;utm_medium=email&amp;utm_campaign=newsletter-2025-11-12\" target=\"_blank\" rel=\"noopener nofollow\">kartlegging gjort av Digi,<\/a>\u00a0viser at selskapets tomter kan legge til rette for\u00a0et mulig str\u00f8mbruk p\u00e5 opptil 12 terawattimer (TWh)\u00a0\u2013 mer enn Oslos \u00e5rlige forbruk.<\/p>\n<p>Tallene h\u00f8res dramatiske ut, men de beskriver maksimal kapasitet, ikke faktisk forbruk. \u00a0<\/p>\n<p>Potensial er ikke forbruk<\/p>\n<p>N\u00e5r et datasenter s\u00f8ker om tilgang p\u00e5 tilstrekkelig kapasitet handler det om fleksibilitet og mulighet for \u00e5 kunne vokse over tid. I praksis bygges anleggene gradvis, og forbruket ligger langt lavere enn det anleggene er dimensjonert for.<\/p>\n<p>Forbruket varierer avhengig av behov, men ligger i gjennomsnitt p\u00e5 50 prosent av full kapasitet. \u00c5 ta utgangspunkt i maksimale rammer gir et misvisende bilde av str\u00f8mforbruket.<\/p>\n<p>I f\u00f8rste halv\u00e5r av 2025 brukte norske datasentre <a href=\"https:\/\/publikasjoner.nve.no\/rapport\/2025\/rapport2025_28.pdf\" rel=\"nofollow noopener\" target=\"_blank\">cirka 1,4 TWh<\/a> \u2013 under to prosent av landets totale kraftforbruk. Selv om bruken vil \u00f8ke til rundt 3 TWh de kommende \u00e5rene vil dette likevel bare utgj\u00f8re rundt 3 prosent av norsk kraftforbruk. Til sammenligning bruker andre industrier over ti ganger s\u00e5 mye energi.<\/p>\n<p>Hvorfor datasentre i Nord-Norge?<\/p>\n<p>Nord-Norge har store kraftoverskudd og begrenset overf\u00f8ringskapasitet s\u00f8rover, noe som gir lave str\u00f8mpriser og kraft som i praksis g\u00e5r tapt.<\/p>\n<p>Samtidig vokser ettersp\u00f8rselen i datasentermarkedet, og regionen trenger nye arbeidsplasser etter \u00e5r med fraflytting og industrinedbygging. Datasentre i nord representerer b\u00e5de potensielle arbeidsplasser, investeringer og en vei inn i fremtidens digitale \u00f8konomi.<\/p>\n<p>Datasentre fremstilles ofte som str\u00f8msluk, men moderne anlegg kan bidra til energisystemet p\u00e5 flere m\u00e5ter:<\/p>\n<ol class=\"mb-6\">&#13;<\/p>\n<li>Spillvarme kan varme opp bydeler, industriparker og drivhus, og dermed redusere det totale energibehovet lokalt.<\/li>\n<p>&#13;<\/p>\n<li>Fleksibelt forbruk gj\u00f8r at datasentre raskt kan redusere str\u00f8mforbruket sitt og bruke egne batterier og avlaste str\u00f8mnettet n\u00e5r belastningen er h\u00f8y.<\/li>\n<p>&#13;<\/p>\n<li>Moderne anlegg bygges modulert, slik at kraftbehovet kan \u00f8ke gradvis og tilpasses utviklingen i nettet.<\/li>\n<p>&#13;\n<\/ol>\n<p>Dette er egenskaper tradisjonell industri ikke kan tilby.<\/p>\n<p>Norge risikerer \u00e5 tape KI-\u00f8konomien<\/p>\n<p>I Narvik bygges det store datasentre som skal levere kraft til avansert KI-infrastruktur. Ettersp\u00f8rselen \u00f8ker, og hvis ikke Norge bygger denne typen industri, vil andre land gj\u00f8re det. I s\u00e5 fall mister vi b\u00e5de verdiskapning og et teknologisk fortrinn.<\/p>\n<p>Debatten i datasentre handler i dag i stor grad om store tall og lite forst\u00e5else for faktisk drift. Sp\u00f8rsm\u00e5let er ikke kapasitetsrammene, men hvordan datasentre integreres i kraftsystemet og hvilken rolle de kan spille i norsk industri.<\/p>\n<p>Datasentre er ikke n\u00f8dvendigvis et problem \u2013 de kan bli en av v\u00e5re viktigste muligheter \u2013 hvis vi t\u00f8r \u00e5 styre utviklingen klokt.<\/p>\n<p><a class=\"group clear-both w-full !no-underline my-8 sm:my-12 bg-stone-50 dark:bg-brandStone-700 dark:text-brandNeutral-100 flex items-stretch flex-nowrap\" href=\"https:\/\/www.digi.no\/artikler\/debatt-den-regulatoriske-sandkassen-har-et-urealisert-potensial\/563351\" rel=\"nofollow noopener\" target=\"_blank\"><img decoding=\"async\" class=\" object-cover h-full w-full transition-transform duration-700 ease-in-out group-hover:scale-[1.05] will-change-transform\" src=\"https:\/\/www.europesays.com\/no\/wp-content\/uploads\/2025\/12\/Sebastian%20Reichmann_Tietoevry_Credit%20Michaela%20Klouda.jpg\"  alt=\"\u2013 En sandkasse kan v\u00e6re en verdifull kilde til kunnskap som vi kan bruke i utviklingen av ansvarlige designprinsipper. Men den blir like ofte en m\u00e5te \u00e5 definere grenser p\u00e5, mener Sebastian Reichmann i Tietoevry..\" loading=\"lazy\"\/><\/p>\n<p>Debatt<\/p>\n<p class=\"group-hover:underline text-brandNeutral-900 dark:text-brandNeutral-100 mt-2 text-lg sm:text-2xl leading-6 sm:leading-7 font-serif font-light\">Den regulatoriske sandkassen har et urealisert potensial<\/p>\n<p><\/a><\/p>\n","protected":false},"excerpt":{"rendered":"Dette debattinnlegget gir uttrykk for skribentens meninger. Innlegg kan sendes til debatt@digi.no. Planlagte datasenterutbygginger omtales som str\u00f8msluk, men&hellip;\n","protected":false},"author":2,"featured_media":113887,"comment_status":"","ping_status":"","sticky":false,"template":"","format":"standard","meta":{"footnotes":""},"categories":[10],"tags":[20,21,876,37,24,25,15,22,23,13,30,28,29,14,16,26,27],"class_list":{"0":"post-113886","1":"post","2":"type-post","3":"status-publish","4":"format-standard","5":"has-post-thumbnail","7":"category-norge","8":"tag-breaking-news","9":"tag-breakingnews","10":"tag-datasenter","11":"tag-debatt","12":"tag-featured-news","13":"tag-featurednews","14":"tag-headlines","15":"tag-latest-news","16":"tag-latestnews","17":"tag-news","18":"tag-no","19":"tag-norge","20":"tag-norway","21":"tag-nyheter","22":"tag-overskrifter","23":"tag-top-stories","24":"tag-topstories"},"share_on_mastodon":{"url":"https:\/\/pubeurope.com\/@no\/115724295075619565","error":""},"_links":{"self":[{"href":"https:\/\/www.europesays.com\/no\/wp-json\/wp\/v2\/posts\/113886","targetHints":{"allow":["GET"]}}],"collection":[{"href":"https:\/\/www.europesays.com\/no\/wp-json\/wp\/v2\/posts"}],"about":[{"href":"https:\/\/www.europesays.com\/no\/wp-json\/wp\/v2\/types\/post"}],"author":[{"embeddable":true,"href":"https:\/\/www.europesays.com\/no\/wp-json\/wp\/v2\/users\/2"}],"replies":[{"embeddable":true,"href":"https:\/\/www.europesays.com\/no\/wp-json\/wp\/v2\/comments?post=113886"}],"version-history":[{"count":0,"href":"https:\/\/www.europesays.com\/no\/wp-json\/wp\/v2\/posts\/113886\/revisions"}],"wp:featuredmedia":[{"embeddable":true,"href":"https:\/\/www.europesays.com\/no\/wp-json\/wp\/v2\/media\/113887"}],"wp:attachment":[{"href":"https:\/\/www.europesays.com\/no\/wp-json\/wp\/v2\/media?parent=113886"}],"wp:term":[{"taxonomy":"category","embeddable":true,"href":"https:\/\/www.europesays.com\/no\/wp-json\/wp\/v2\/categories?post=113886"},{"taxonomy":"post_tag","embeddable":true,"href":"https:\/\/www.europesays.com\/no\/wp-json\/wp\/v2\/tags?post=113886"}],"curies":[{"name":"wp","href":"https:\/\/api.w.org\/{rel}","templated":true}]}}