{"id":113892,"date":"2025-12-15T15:34:09","date_gmt":"2025-12-15T15:34:09","guid":{"rendered":"https:\/\/www.europesays.com\/no\/113892\/"},"modified":"2025-12-15T15:34:09","modified_gmt":"2025-12-15T15:34:09","slug":"det-unge-usa-er-pa-flyttefot","status":"publish","type":"post","link":"https:\/\/www.europesays.com\/no\/113892\/","title":{"rendered":"Det unge USA er p\u00e5 flyttefot"},"content":{"rendered":"<p class=\"extendedContent hyperion-css-1t9vqrb\" data-test-tag=\"lead-text\">NASHVILLE, USA: I flere ti\u00e5r ville unge amerikanere til storbyer som New York og LA. N\u00e5 er det helt andre steder som appellerer. ap-feature-arrow<\/p>\n<p><img decoding=\"async\" class=\"image-asset hyperion-css-tk0cgc\" data-test-tag=\"image-asset\" src=\"https:\/\/www.europesays.com\/no\/wp-content\/uploads\/2025\/12\/a1576955-cdef-4369-8926-fb1a44fe6f07\"  alt=\"Matthew og Juliana forlot delstaten New York til fordel for Nashville. Av hensyn til barna, som er fra tre uker til seks \u00e5r gamle, \u00f8nsker de ikke \u00e5 ha etternavnet sitt p\u00e5 trykk.\"  loading=\"eager\" fetchpriority=\"high\" style=\"aspect-ratio:2048 \/ 1365\"\/>Matthew og Juliana forlot delstaten New York til fordel for Nashville. Av hensyn til barna, som er fra tre uker til seks \u00e5r gamle, \u00f8nsker de ikke \u00e5 ha etternavnet sitt p\u00e5 trykk. Foto: Stein J. Bj\u00f8rge <\/p>\n<p>Publisert: 15.12.2025 16:05<\/p>\n<p class=\"paywall hyperion-css-1j42uic\">P\u00e5 en lekeplass i Nashville l\u00f8per sm\u00e5 gutter mellom sparkesykler og lekeapparater mens foreldrene pr\u00f8ver \u00e5 hindre dem i \u00e5 fly i tottene p\u00e5 hverandre.<\/p>\n<p class=\"paywall hyperion-css-1j42uic\">Matthew (32) og Juliana (28) flyttet fra delstaten New York for ti \u00e5r siden. De ville heller oppdra barna i S\u00f8rstatene. <\/p>\n<p class=\"hyperion-css-1qm9e9t\">Les hele saken med abonnement<\/p>\n<p>Allerede abonnent? Logg inn<\/p>\n","protected":false},"excerpt":{"rendered":"NASHVILLE, USA: I flere ti\u00e5r ville unge amerikanere til storbyer som New York og LA. N\u00e5 er det&hellip;\n","protected":false},"author":2,"featured_media":113893,"comment_status":"","ping_status":"","sticky":false,"template":"","format":"standard","meta":{"footnotes":""},"categories":[12],"tags":[20,21,24,25,15,22,23,13,30,28,29,14,16,26,27,42,43,44,45],"class_list":{"0":"post-113892","1":"post","2":"type-post","3":"status-publish","4":"format-standard","5":"has-post-thumbnail","7":"category-verden","8":"tag-breaking-news","9":"tag-breakingnews","10":"tag-featured-news","11":"tag-featurednews","12":"tag-headlines","13":"tag-latest-news","14":"tag-latestnews","15":"tag-news","16":"tag-no","17":"tag-norge","18":"tag-norway","19":"tag-nyheter","20":"tag-overskrifter","21":"tag-top-stories","22":"tag-topstories","23":"tag-verden","24":"tag-world","25":"tag-world-news","26":"tag-worldnews"},"share_on_mastodon":{"url":"https:\/\/pubeurope.com\/@no\/115724318706741840","error":""},"_links":{"self":[{"href":"https:\/\/www.europesays.com\/no\/wp-json\/wp\/v2\/posts\/113892","targetHints":{"allow":["GET"]}}],"collection":[{"href":"https:\/\/www.europesays.com\/no\/wp-json\/wp\/v2\/posts"}],"about":[{"href":"https:\/\/www.europesays.com\/no\/wp-json\/wp\/v2\/types\/post"}],"author":[{"embeddable":true,"href":"https:\/\/www.europesays.com\/no\/wp-json\/wp\/v2\/users\/2"}],"replies":[{"embeddable":true,"href":"https:\/\/www.europesays.com\/no\/wp-json\/wp\/v2\/comments?post=113892"}],"version-history":[{"count":0,"href":"https:\/\/www.europesays.com\/no\/wp-json\/wp\/v2\/posts\/113892\/revisions"}],"wp:featuredmedia":[{"embeddable":true,"href":"https:\/\/www.europesays.com\/no\/wp-json\/wp\/v2\/media\/113893"}],"wp:attachment":[{"href":"https:\/\/www.europesays.com\/no\/wp-json\/wp\/v2\/media?parent=113892"}],"wp:term":[{"taxonomy":"category","embeddable":true,"href":"https:\/\/www.europesays.com\/no\/wp-json\/wp\/v2\/categories?post=113892"},{"taxonomy":"post_tag","embeddable":true,"href":"https:\/\/www.europesays.com\/no\/wp-json\/wp\/v2\/tags?post=113892"}],"curies":[{"name":"wp","href":"https:\/\/api.w.org\/{rel}","templated":true}]}}