{"id":11390,"date":"2025-08-18T13:44:38","date_gmt":"2025-08-18T13:44:38","guid":{"rendered":"https:\/\/www.europesays.com\/no\/11390\/"},"modified":"2025-08-18T13:44:38","modified_gmt":"2025-08-18T13:44:38","slug":"markedet-snur-rentekuttet-avlyses-finansavisen","status":"publish","type":"post","link":"https:\/\/www.europesays.com\/no\/11390\/","title":{"rendered":"Markedet snur: Rentekuttet avlyses | Finansavisen"},"content":{"rendered":"<p>Tradere tror ikke lenger p\u00e5 noe nytt rentekutt fra Bank of England innev\u00e6rende \u00e5r.<\/p>\n<p>7. august senket den britiske sentralbanken styringsrenten med 25 basispunkter til 4,00 prosent, det laveste niv\u00e5et siden mars 2023. Dette var <a href=\"https:\/\/www.finansavisen.no\/makro\/2025\/08\/07\/8283873\/kutter-renten-for-femte-gang-pa-et-ar\" target=\"_blank\" rel=\"nofollow noopener\">Bank of Englands femte rentekutt siden juli i fjor<\/a>. Det var ogs\u00e5 aller f\u00f8rste gang at den pengepolitiske komiteen m\u00e5tte votere over rentebeslutningen i to omganger for \u00e5 oppn\u00e5 et flertall.<\/p>\n<p>I markedet var forventningen samtidig at det ville komme ytterligere ett rentekutt fra Bank of England og sentralbanksjef Andrew Bailey innen nytt\u00e5r.<\/p>\n<p class=\"subhead\" data-element-type=\"subhead\" data-element-label=\"Mellomtittel\">Raskere prisvekst<\/p>\n<p>N\u00e5 derimot, \u00f8ker veddem\u00e5lene p\u00e5 at sentralbanken blir st\u00e5ende p\u00e5 4,00 prosents styringsrente ut 2025 \u2013 markedet ser mindre enn 50 prosents sjanse for et nytt kutt i \u00e5r, melder <a href=\"https:\/\/www.bloomberg.com\/news\/articles\/2025-08-18\/traders-see-boe-holding-rates-steady-at-4-for-rest-of-2025\" target=\"_blank\" rel=\"nofollow noopener\">Bloomberg<\/a>.<\/p>\n<p><b>Blant \u00e5rsakene er tegn til raskere inflasjon.<\/b><\/p>\n<p>Kommende onsdags inflasjonstall fra Storbritannia ventes n\u00e5 \u00e5 vise en \u00f8kning til 3,7 prosent i juli, if\u00f8lge nyhetsbyr\u00e5et. I juni \u00f8kte inflasjonen fra 3,4 prosent til 3,6 prosent, det h\u00f8yeste siden januar i fjor, mens den var ventet \u00e5 v\u00e6re uendret.<\/p>\n<p>I september venter Bank of England at inflasjonen n\u00e5r en topp p\u00e5 4 prosent. Sentralbankens inflasjonsm\u00e5l er p\u00e5 2 prosent.<\/p>\n<p class=\"subhead\" data-element-type=\"subhead\" data-element-label=\"Mellomtittel\">H\u00f8yere vekst enn ventet<\/p>\n<p>En annen \u00e5rsak til at Bank of England kan vente med nye rentekutt, er at den britiske \u00f8konomien ogs\u00e5 g\u00e5r bedre enn ventet.<\/p>\n<p>Bruttonasjonalprodukt \u00f8kte med 0,3 prosent i andre kvartal, godt over de 0,1 prosentene b\u00e5de \u00f8konomer og Bank of England hadde ventet.<\/p>\n<p>Dessuten er nye arbeidsmarkedstall kommet inn bedre enn ventet, if\u00f8lge nyhetsbyr\u00e5et.<\/p>\n","protected":false},"excerpt":{"rendered":"Tradere tror ikke lenger p\u00e5 noe nytt rentekutt fra Bank of England innev\u00e6rende \u00e5r. 7. august senket den&hellip;\n","protected":false},"author":2,"featured_media":11391,"comment_status":"","ping_status":"","sticky":false,"template":"","format":"standard","meta":{"footnotes":""},"categories":[56],"tags":[2328,2327,60,61,2191,62,30,28,29,2329,1201],"class_list":{"0":"post-11390","1":"post","2":"type-post","3":"status-publish","4":"format-standard","5":"has-post-thumbnail","7":"category-naeringsliv","8":"tag-andrew-bailey","9":"tag-bank-of-england","10":"tag-business","11":"tag-economy","12":"tag-inflasjon","13":"tag-naeringsliv","14":"tag-no","15":"tag-norge","16":"tag-norway","17":"tag-rentebeslutning","18":"tag-rentekutt"},"share_on_mastodon":{"url":"","error":""},"_links":{"self":[{"href":"https:\/\/www.europesays.com\/no\/wp-json\/wp\/v2\/posts\/11390","targetHints":{"allow":["GET"]}}],"collection":[{"href":"https:\/\/www.europesays.com\/no\/wp-json\/wp\/v2\/posts"}],"about":[{"href":"https:\/\/www.europesays.com\/no\/wp-json\/wp\/v2\/types\/post"}],"author":[{"embeddable":true,"href":"https:\/\/www.europesays.com\/no\/wp-json\/wp\/v2\/users\/2"}],"replies":[{"embeddable":true,"href":"https:\/\/www.europesays.com\/no\/wp-json\/wp\/v2\/comments?post=11390"}],"version-history":[{"count":0,"href":"https:\/\/www.europesays.com\/no\/wp-json\/wp\/v2\/posts\/11390\/revisions"}],"wp:featuredmedia":[{"embeddable":true,"href":"https:\/\/www.europesays.com\/no\/wp-json\/wp\/v2\/media\/11391"}],"wp:attachment":[{"href":"https:\/\/www.europesays.com\/no\/wp-json\/wp\/v2\/media?parent=11390"}],"wp:term":[{"taxonomy":"category","embeddable":true,"href":"https:\/\/www.europesays.com\/no\/wp-json\/wp\/v2\/categories?post=11390"},{"taxonomy":"post_tag","embeddable":true,"href":"https:\/\/www.europesays.com\/no\/wp-json\/wp\/v2\/tags?post=11390"}],"curies":[{"name":"wp","href":"https:\/\/api.w.org\/{rel}","templated":true}]}}