{"id":113900,"date":"2025-12-15T15:41:09","date_gmt":"2025-12-15T15:41:09","guid":{"rendered":"https:\/\/www.europesays.com\/no\/113900\/"},"modified":"2025-12-15T15:41:09","modified_gmt":"2025-12-15T15:41:09","slug":"estland-bygger-bunker-bastion-langs-russland-grensen-for-a-styrke-forsvar","status":"publish","type":"post","link":"https:\/\/www.europesays.com\/no\/113900\/","title":{"rendered":"Estland bygger bunker-bastion langs Russland-grensen for \u00e5 styrke forsvar"},"content":{"rendered":"<p class=\"kicker t15 font-weight-bold m-font-weight-bold color_mobile_no_bg_color quaternary color_mobile_quaternary font-Trim text-case-transform-upper mobile-hasTextPadding\" style=\"\">Nyheter<\/p>\n<p>    600 bunkere er ment \u00e5 styrke Estlands grenseforsvar.<\/p>\n<p>\n        FORSVARSSKANSE: Estland skal styrke grenseforsvaret sitt i et baltisk forsvarssamarbeid.<br \/>\n        Foto: Estlands forsvarsdepartement\n    <\/p>\n<p>Estland har begynt \u00e5 installere de f\u00f8rste betongbunkerne langs grensen sin mot Russland, melder <a href=\"https:\/\/www.defensenews.com\/global\/europe\/2025\/12\/12\/estonia-erects-first-of-600-strong-baltic-bunker-wall-on-russia-border\/\" target=\"_blank\" rel=\"nofollow noopener\">Defense News<\/a>.<\/p>\n<p>Bunkerforskansingen er en del av forsvarsprosjektet Baltic Defence Line, som inneb\u00e6rer at de tre baltiske nasjonene skal styrke grensene sine mot Russland og Belarus.<\/p>\n<p>Totalt skal Estland utplassere 600 bunkere. S\u00e5 langt skal syv ha v\u00e6rt klare til \u00e5 installeres, og innen \u00e5ret er omme skal 28 bunkere v\u00e6re plassert i jorda.\u00a0<\/p>\n<p>Hver bunker er rundt 35 kvadratmeter stor og skal kunne t\u00e5le artillerigranater p\u00e5 opptil 152 millimeter, if\u00f8lge Defense News.<\/p>\n<p>Estland har s\u00e5 langt brukt 30 millioner Euro, omtrent 357 millioner kroner, av budsjettet p\u00e5 60 millioner Euro.\u00a0<\/p>\n<p>Utplasseringen av bunkere skjer ett \u00e5r senere enn planlagt, fordi myndighetene ikke ville dele n\u00f8yaktig hvor bunkerne skulle plasseres. Det f\u00f8rte til h\u00f8ye anbud fra entrepren\u00f8rer, fordi det var vanskelig \u00e5 beregne kostnader. Myndighetene la derfor om planen og startet med et mindre pilotprosjekt p\u00e5 28 bunkere.<\/p>\n<p>Nettverket av bunkere kommer i tillegg til anti-stridsvogngr\u00f8fter og et \u00abdronevegg\u00bb-system. Andre hindre, som\u00a0dragetenner og piggtr\u00e5d, er lagret i grenseomr\u00e5dene, klare til installasjon ved behov.\u00a0<\/p>\n","protected":false},"excerpt":{"rendered":"Nyheter 600 bunkere er ment \u00e5 styrke Estlands grenseforsvar. FORSVARSSKANSE: Estland skal styrke grenseforsvaret sitt i et baltisk&hellip;\n","protected":false},"author":2,"featured_media":113901,"comment_status":"","ping_status":"","sticky":false,"template":"","format":"standard","meta":{"footnotes":""},"categories":[12],"tags":[20,21,24,25,15,22,23,13,30,28,29,14,16,26,27,42,43,44,45],"class_list":{"0":"post-113900","1":"post","2":"type-post","3":"status-publish","4":"format-standard","5":"has-post-thumbnail","7":"category-verden","8":"tag-breaking-news","9":"tag-breakingnews","10":"tag-featured-news","11":"tag-featurednews","12":"tag-headlines","13":"tag-latest-news","14":"tag-latestnews","15":"tag-news","16":"tag-no","17":"tag-norge","18":"tag-norway","19":"tag-nyheter","20":"tag-overskrifter","21":"tag-top-stories","22":"tag-topstories","23":"tag-verden","24":"tag-world","25":"tag-world-news","26":"tag-worldnews"},"share_on_mastodon":{"url":"https:\/\/pubeurope.com\/@no\/115724345950406829","error":""},"_links":{"self":[{"href":"https:\/\/www.europesays.com\/no\/wp-json\/wp\/v2\/posts\/113900","targetHints":{"allow":["GET"]}}],"collection":[{"href":"https:\/\/www.europesays.com\/no\/wp-json\/wp\/v2\/posts"}],"about":[{"href":"https:\/\/www.europesays.com\/no\/wp-json\/wp\/v2\/types\/post"}],"author":[{"embeddable":true,"href":"https:\/\/www.europesays.com\/no\/wp-json\/wp\/v2\/users\/2"}],"replies":[{"embeddable":true,"href":"https:\/\/www.europesays.com\/no\/wp-json\/wp\/v2\/comments?post=113900"}],"version-history":[{"count":0,"href":"https:\/\/www.europesays.com\/no\/wp-json\/wp\/v2\/posts\/113900\/revisions"}],"wp:featuredmedia":[{"embeddable":true,"href":"https:\/\/www.europesays.com\/no\/wp-json\/wp\/v2\/media\/113901"}],"wp:attachment":[{"href":"https:\/\/www.europesays.com\/no\/wp-json\/wp\/v2\/media?parent=113900"}],"wp:term":[{"taxonomy":"category","embeddable":true,"href":"https:\/\/www.europesays.com\/no\/wp-json\/wp\/v2\/categories?post=113900"},{"taxonomy":"post_tag","embeddable":true,"href":"https:\/\/www.europesays.com\/no\/wp-json\/wp\/v2\/tags?post=113900"}],"curies":[{"name":"wp","href":"https:\/\/api.w.org\/{rel}","templated":true}]}}