{"id":113906,"date":"2025-12-15T15:50:09","date_gmt":"2025-12-15T15:50:09","guid":{"rendered":"https:\/\/www.europesays.com\/no\/113906\/"},"modified":"2025-12-15T15:50:09","modified_gmt":"2025-12-15T15:50:09","slug":"40-aring-frifunnet-for-drap-i-sogne","status":"publish","type":"post","link":"https:\/\/www.europesays.com\/no\/113906\/","title":{"rendered":"40-\u00e5ring frifunnet for drap i S\u00f8gne"},"content":{"rendered":"\n<p class=\"_lead_o9xde_2 _lead_xtcu6_50 layout-component text-serif-m layout-normal text-serif-l layout-component layout-wide layout-padded _wide_17hqh_1 layout-padded\">En 40 \u00e5r gammel mann fra S\u00f8gne er frifunnet for drapet p\u00e5 Ole Jonny Strand (39) i desember 2022. Lagmannsretten mener mannen handlet i lovlig n\u00f8dverge.<\/p>\n<ul aria-hidden=\"true\" class=\"_images_ntbth_112\">\n<li><a class=\"_link_ntbth_117\" href=\"https:\/\/www.vg.no\/forfatter\/ntb\" style=\"z-index:1\" title=\"NTB\" rel=\"nofollow noopener\" target=\"_blank\"><img alt=\"Bilde av NTB\" class=\"_image_ntbth_93\" fetchpriority=\"low\" loading=\"lazy\" decoding=\"async\" itemprop=\"image\"  src=\"https:\/\/www.europesays.com\/no\/wp-content\/uploads\/2025\/12\/1765813809_258_c33980b0-5d07-4027-84a1-813f90a7c8d6\"  width=\"480\"\/><\/a><\/li>\n<\/ul>\n<p> Oppdatert mandag 15. desember kl. 15:51     <\/p>\n<p class=\"_paragraph_o9xde_4 _paragraph_xtcu6_10 layout-component text-serif-m layout-normal text-serif-m layout-padded\"> 40-\u00e5ringen knivstakk Strand 22 ganger i sitt eget hjem 4. desember 2022. Han ble f\u00f8rst <a href=\"https:\/\/www.vg.no\/nyheter\/i\/0Va1JA\/faedrelandsvennen-mann-39-doemt-til-fengsel-i-over-ni-aar-for-drap-paa-ole-jonny-strand\" data-track-element-type=\"Link\" data-track-id=\"link:0Va1JA\" class=\"_link_o9xde_39\" rel=\"nofollow noopener\" target=\"_blank\">d\u00f8mt til ni \u00e5rs fengsel<\/a> i Agder tingrett i sommer, men anket dommen til Agder lagmannsrett, som n\u00e5 har kommet til en annen konklusjon, melder <a href=\"https:\/\/www.fvn.no\/nyheter\/lokalt\/i\/bOKBrg\/frifinnes-for-drap\" class=\"_link_o9xde_39\" rel=\"nofollow noopener\" target=\"_blank\">F\u00e6drelandsvennen.<\/a><\/p>\n<p class=\"_paragraph_o9xde_4 _paragraph_xtcu6_10 layout-component text-serif-m layout-normal text-serif-m layout-padded\">\u2013 Klienten er lettet over at dette er ferdig. Han ble angrepet i sitt eget hjem og har utelukkende forsvart seg, noe lagmannsretten har v\u00e6rt helt enige med oss i, sier mannens forsvarer John Christian Elden til avisen.<\/p>\n<p class=\"_paragraph_o9xde_4 _paragraph_xtcu6_10 layout-component text-serif-m layout-normal text-serif-m layout-padded\">Tiltalte forklarte at han f\u00f8lte seg truet og handlet i n\u00f8dverge under et basketak.<\/p>\n<p class=\"_paragraph_o9xde_4 _paragraph_xtcu6_10 layout-component text-serif-m layout-normal text-serif-m layout-padded\">\u2013 Han kastet meg i bakken og tok kvelertak p\u00e5 meg. Jeg sa \u00abhold deg unna, jeg stikker deg\u00bb. Da angrep han. Han sparket og slo meg, sa tiltalte i retten. Han ringte selv til politiet og varslet om hva som hadde skjedd.<\/p>\n<p class=\"_paragraph_o9xde_4 _paragraph_xtcu6_10 layout-component text-serif-m layout-normal text-serif-m layout-padded\">Aktor H\u00e5vard Ryengen ba om ni \u00e5rs fengsel og mente 40-\u00e5ringen hadde rett til \u00e5 forsvare seg, men at det ikke var n\u00f8dvendig \u00e5 ta livet av Strand. <\/p>\n<p class=\"_paragraph_o9xde_4 _paragraph_xtcu6_10 layout-component text-serif-m layout-normal text-serif-m layout-padded\">Lagmannsretten konkluderte med at tiltalte ikke overskred grensen for lovlig n\u00f8dverge, og mener ogs\u00e5 at 40-\u00e5ringen ikke har erstatningsansvar etter hendelsen. <\/p>\n","protected":false},"excerpt":{"rendered":"En 40 \u00e5r gammel mann fra S\u00f8gne er frifunnet for drapet p\u00e5 Ole Jonny Strand (39) i desember&hellip;\n","protected":false},"author":2,"featured_media":113907,"comment_status":"","ping_status":"","sticky":false,"template":"","format":"standard","meta":{"footnotes":""},"categories":[10],"tags":[20,21,2320,24,25,15,22,23,13,30,28,29,14,16,26,27],"class_list":{"0":"post-113906","1":"post","2":"type-post","3":"status-publish","4":"format-standard","5":"has-post-thumbnail","7":"category-norge","8":"tag-breaking-news","9":"tag-breakingnews","10":"tag-drap-i-norge","11":"tag-featured-news","12":"tag-featurednews","13":"tag-headlines","14":"tag-latest-news","15":"tag-latestnews","16":"tag-news","17":"tag-no","18":"tag-norge","19":"tag-norway","20":"tag-nyheter","21":"tag-overskrifter","22":"tag-top-stories","23":"tag-topstories"},"share_on_mastodon":{"url":"https:\/\/pubeurope.com\/@no\/115724381370807852","error":""},"_links":{"self":[{"href":"https:\/\/www.europesays.com\/no\/wp-json\/wp\/v2\/posts\/113906","targetHints":{"allow":["GET"]}}],"collection":[{"href":"https:\/\/www.europesays.com\/no\/wp-json\/wp\/v2\/posts"}],"about":[{"href":"https:\/\/www.europesays.com\/no\/wp-json\/wp\/v2\/types\/post"}],"author":[{"embeddable":true,"href":"https:\/\/www.europesays.com\/no\/wp-json\/wp\/v2\/users\/2"}],"replies":[{"embeddable":true,"href":"https:\/\/www.europesays.com\/no\/wp-json\/wp\/v2\/comments?post=113906"}],"version-history":[{"count":0,"href":"https:\/\/www.europesays.com\/no\/wp-json\/wp\/v2\/posts\/113906\/revisions"}],"wp:featuredmedia":[{"embeddable":true,"href":"https:\/\/www.europesays.com\/no\/wp-json\/wp\/v2\/media\/113907"}],"wp:attachment":[{"href":"https:\/\/www.europesays.com\/no\/wp-json\/wp\/v2\/media?parent=113906"}],"wp:term":[{"taxonomy":"category","embeddable":true,"href":"https:\/\/www.europesays.com\/no\/wp-json\/wp\/v2\/categories?post=113906"},{"taxonomy":"post_tag","embeddable":true,"href":"https:\/\/www.europesays.com\/no\/wp-json\/wp\/v2\/tags?post=113906"}],"curies":[{"name":"wp","href":"https:\/\/api.w.org\/{rel}","templated":true}]}}