{"id":113910,"date":"2025-12-15T16:00:11","date_gmt":"2025-12-15T16:00:11","guid":{"rendered":"https:\/\/www.europesays.com\/no\/113910\/"},"modified":"2025-12-15T16:00:11","modified_gmt":"2025-12-15T16:00:11","slug":"rob-reiner-og-kona-dode-sonnen-er-i-varetekt","status":"publish","type":"post","link":"https:\/\/www.europesays.com\/no\/113910\/","title":{"rendered":"Rob Reiner og kona d\u00f8de \u2013 s\u00f8nnen er i varetekt"},"content":{"rendered":"\n<p class=\"_paragraph_o9xde_4 _paragraph_xtcu6_10 layout-component text-serif-m layout-normal text-serif-m layout-padded\"><a href=\"https:\/\/www.vg.no\/tag\/hollywood?utm_source=vg-article&amp;utm_medium=auto-tagger&amp;utm_campaign=WvLMMK\" class=\"_link_o9xde_39\" rel=\"nofollow noopener\" target=\"_blank\">Hollywood<\/a>-regiss\u00f8r Rob Reiner (78) og kona Michele Singer Reiner (68) <a href=\"https:\/\/www.vg.no\/rampelys\/i\/Pd3Jye\/to-personer-funnet-doede-i-rob-reiners-hjem\" data-track-element-type=\"Link\" data-track-id=\"link:Pd3Jye\" class=\"_link_o9xde_39\" rel=\"nofollow noopener\" target=\"_blank\">ble s\u00f8ndag funnet d\u00f8de<\/a> i sitt hjem i luksuri\u00f8se Brentwood vest i Los Angeles.<\/p>\n<p class=\"_paragraph_o9xde_4 _paragraph_xtcu6_10 layout-component text-serif-m layout-normal text-serif-m layout-padded\">Kort etter ble det klart at politiet etterforsker d\u00f8dsfallene som drap.<\/p>\n<p class=\"_paragraph_o9xde_4 _paragraph_xtcu6_10 layout-component text-serif-m layout-normal text-serif-m layout-padded\">If\u00f8lge flere medier skal paret ha blitt p\u00e5f\u00f8rt knivstikk.<\/p>\n<p class=\"_paragraph_o9xde_4 _paragraph_xtcu6_10 layout-component text-serif-m layout-normal text-serif-m layout-padded\">If\u00f8lge Los Angeles County Sheriff&#8217;s Department er s\u00f8nnen Nick Reiner (32) satt i varetekt p\u00e5 \u00abuspesifiserte siktelser\u00bb, og holdes fengslet mot en kausjonkausjonbetyr at en varetektsfengslet person kan betale et fastsatt pengebel\u00f8p (kausjon) for \u00e5 bli l\u00f8slatt fra fengsel f\u00f8r rettssaken. p\u00e5 4 millioner dollar, skriver blant andre <a href=\"https:\/\/abcnews.go.com\/US\/2-found-dead-los-angeles-home-owned-director\/story?id=128403864\" class=\"_link_o9xde_39\" rel=\"nofollow noopener\" target=\"_blank\">ABC News<\/a> og <a href=\"https:\/\/people.com\/rob-reiner-son-nick-in-custody-death-parents-11868997\" class=\"_link_o9xde_39\" rel=\"nofollow noopener\" target=\"_blank\">People<\/a>. <\/p>\n<p class=\"_paragraph_o9xde_4 _paragraph_xtcu6_10 layout-component text-serif-m layout-normal text-serif-m layout-padded\"><strong class=\"_strong_o9xde_25\">Det er dermed uklart hva han er siktet for, og hvordan han eventuelt stiller seg til anklagene. <\/strong><\/p>\n<p class=\"_paragraph_o9xde_4 _paragraph_xtcu6_10 layout-component text-serif-m layout-normal text-serif-m layout-padded\">Tidligere mandag meldte <a href=\"https:\/\/people.com\/rob-reiner-son-nick-being-questioned-police-deaths-parents-exclusive-11868878\" class=\"_link_o9xde_39\" rel=\"nofollow noopener\" target=\"_blank\">People<\/a> at flere kilder \u2013 som ikke var navngitt \u2013 hadde opplyst til dem at Reiner-parets s\u00f8nn satt i avh\u00f8r og var mistenkt.<\/p>\n<p class=\"_paragraph_o9xde_4 _paragraph_xtcu6_10 layout-component text-serif-m layout-normal text-serif-m layout-padded\">Nyhetsbyr\u00e5et <a href=\"https:\/\/apnews.com\/article\/rob-reiner-home-investigation-ed88cfde7c41be55803fa0c792f55cdc\" class=\"_link_o9xde_39\" rel=\"nofollow noopener\" target=\"_blank\">AP<\/a> meldte ogs\u00e5 tidlig at et familiemedlem ble avh\u00f8rt av politiet, og at det var en opplysning de hadde f\u00e5tt fra en politikilde knyttet til saken.<\/p>\n<p class=\"_paragraph_o9xde_4 _paragraph_xtcu6_10 layout-component text-serif-m layout-normal text-serif-m layout-padded\">TMZ har meldt at drapene fant sted etter det som skal ha v\u00e6rt en opprivende familiekrangel.<\/p>\n<p class=\"_paragraph_o9xde_4 _paragraph_xtcu6_10 layout-component text-serif-m layout-normal text-serif-m layout-padded\">Politisjef Alan Hamilton uttalte imidlertid til pressen mandag morgen at politiet ikke s\u00f8kte etter noen mistenkte p\u00e5 det dav\u00e6rende tidspunktet, og at ingen heller var p\u00e5grepet.<\/p>\n<p>\u2013 Ufattelig vanskelig<\/p>\n<p class=\"_paragraph_o9xde_4 _paragraph_xtcu6_10 layout-component text-serif-m layout-normal text-serif-m layout-padded\">Det skal if\u00f8lge <a href=\"https:\/\/people.com\/rob-reiner-son-nick-being-questioned-police-deaths-parents-exclusive-11868878\" class=\"_link_o9xde_39\" rel=\"nofollow noopener\" target=\"_blank\">People<\/a> ha v\u00e6rt parets felles datter som fant foreldrene d\u00f8de, og som varslet n\u00f8detatene \u2013 som rykket ut s\u00f8ndag ettermiddag lokal tid.<\/p>\n<p><img alt=\"F.v.: Rob Reiner og Michele Singer Reiner med datteren, Romy Reiner, Nick s\u00f8nnen Reiner, svigerdatter Maria Gilfillan og s\u00f8nnen Jake Reiner p\u00e5 en premiere i Los Angeles i september. NB. Gilfillan er kj\u00e6resten til Jake Reiner.  Foto: Michael Buckner \/ Variety via Getty Images\" class=\"_image_qp4xg_65 layout-component layout-normal\" data-fullscreen- data-track-element-type=\"Article image fullscreen\" data-track-name=\"ImageFullscreen\" decoding=\"async\" loading=\"lazy\" height=\"1896\" itemprop=\"image\"  src=\"https:\/\/www.europesays.com\/no\/wp-content\/uploads\/2025\/12\/14c7f2d9-9068-403c-9055-84943f970ad8\"  style=\"object-position:0% 0%\" width=\"2523\"\/>F.v.: Rob Reiner og Michele Singer Reiner med datteren, Romy Reiner, Nick s\u00f8nnen Reiner, svigerdatter Maria Gilfillan og s\u00f8nnen Jake Reiner p\u00e5 en premiere i Los Angeles i september. NB. Gilfillan er kj\u00e6resten til Jake Reiner.  Foto: Michael Buckner \/ Variety via Getty Images<\/p>\n<p class=\"_paragraph_o9xde_4 _paragraph_xtcu6_10 layout-component text-serif-m layout-normal text-serif-m layout-padded\">En talsperson for familien gikk tidlig ut med f\u00f8lgende budskap:<\/p>\n<p class=\"_paragraph_o9xde_4 _paragraph_xtcu6_10 layout-component text-serif-m layout-normal text-serif-m layout-padded\">\u00abDet er med dyp sorg vi kunngj\u00f8r den tragiske bortgangen til Michele og Rob Reiner. Vi er knust over dette plutselige tapet, og ber om respekt for privatlivets fred i denne ufattelig vanskelige tiden.\u00bb<\/p>\n<p>\u00c5pen om rusavhengighet<\/p>\n<p class=\"_paragraph_o9xde_4 _paragraph_xtcu6_10 layout-component text-serif-m layout-normal text-serif-m layout-padded\">Nick Reiner har tidligere v\u00e6rt \u00e5pen om sine rusproblemer, som skal ha startet i ten\u00e5rene. <\/p>\n<p class=\"_paragraph_o9xde_4 _paragraph_xtcu6_10 layout-component text-serif-m layout-normal text-serif-m layout-padded\">I et intervju med <a href=\"https:\/\/people.com\/celebrity\/nick-reiner-rob-reiners-son-opens-up-about-drug-addiction-living-on-streets\/\" class=\"_link_o9xde_39\" rel=\"nofollow noopener\" target=\"_blank\">People<\/a> i 2016 snakket han om et stort antall rehab-opphold fra sv\u00e6rt ung alder og forklarte han at i en periode bodde p\u00e5 gaten.<\/p>\n<p>Far og s\u00f8nn lagde film<\/p>\n<p class=\"_paragraph_o9xde_4 _paragraph_xtcu6_10 layout-component text-serif-m layout-normal text-serif-m layout-padded\">Anledningen for intervjuet den gangen var at Nick Reiner hadde skrevet manus til filmen \u00abBeing Charlie\u00bb, der historien var l\u00f8selig basert p\u00e5 hans eget liv og familierelasjoner \u2013 selv om den ikke handlet om ham direkte.<\/p>\n<p class=\"_paragraph_o9xde_4 _paragraph_xtcu6_10 layout-component text-serif-m layout-normal text-serif-m layout-padded\">Nick Reiner spilte selv hovedrollen, og Rob Reiner regisserte s\u00f8nnens film, et prosjekt regiss\u00f8ren i sin tid beskrev som intenst og kreativt tilfredsstillende.<\/p>\n<p class=\"_paragraph_o9xde_4 _paragraph_xtcu6_10 layout-component text-serif-m layout-normal text-serif-m layout-padded\">Rob Reiner var en av Hollywoods mest ber\u00f8mte regiss\u00f8rer, kjent for filmer som \u00abA Few Good Men\u00bb (som han ble Oscar-nominert for), \u00abWhen Harry Met Sally\u00bb, \u00abThe Princess Bride\u00bb og \u00abThe Bucket List\u00bb. <\/p>\n<p class=\"_paragraph_o9xde_4 _paragraph_xtcu6_10 layout-component text-serif-m layout-normal text-serif-m layout-padded\">Bildet under er fra sistnevnte premiere i 2005, med Morgan Freeman (t.v.) og Jack Nicholson (t.h.):<\/p>\n<p class=\"_paragraph_o9xde_4 _paragraph_xtcu6_10 layout-component text-serif-m layout-normal text-serif-m layout-padded\">Reiner m\u00f8tte kona Michele da han regisserte \u00abWhen Harry Met Sally\u00bb. Hun var fotograf og produsent.<\/p>\n<p class=\"_paragraph_o9xde_4 _paragraph_xtcu6_10 layout-component text-serif-m layout-normal text-serif-m layout-padded\">Paret giftet seg i 1989 og fikk tre barn sammen \u2013 to s\u00f8nner og en datter. <\/p>\n<p class=\"_paragraph_o9xde_4 _paragraph_xtcu6_10 layout-component text-serif-m layout-normal text-serif-m layout-padded\">Rob Reiner etterlater seg i tillegg en datter fra et tidligere ekteskap med den avd\u00f8de skuespilleren og regiss\u00f8ren Penny Marshall.<\/p>\n<p class=\"_paragraph_o9xde_4 _paragraph_xtcu6_10 layout-component text-serif-m layout-normal text-serif-m layout-padded\"><strong class=\"_strong_o9xde_25\">I 1999 ble Rob Reiner hedret med egen stjerne p\u00e5 Hollywood Walk of Fame.<\/strong><\/p>\n<p class=\"_paragraph_o9xde_4 _paragraph_xtcu6_10 layout-component text-serif-m layout-normal text-serif-m layout-padded\">Han var ogs\u00e5 en fremtredende politisk aktivist i Hollywood.<\/p>\n<p class=\"_paragraph_o9xde_4 _paragraph_xtcu6_10 layout-component text-serif-m layout-normal text-serif-m layout-padded\">Fagforeningen Screen Actors Guild, som representerer titusenvis av skuespillere, journalister og underholdningsartister, hyller Rob Reiner.<\/p>\n<p class=\"_paragraph_o9xde_4 _paragraph_xtcu6_10 layout-component text-serif-m layout-normal text-serif-m layout-padded\">\u2013 Rob Reiner er en av de mest betydningsfulle skikkelsene i film- og TV-historien, skriver forbundspresident og skuespiller Sean Astin (54) i en pressemelding. <\/p>\n<p class=\"_paragraph_o9xde_4 _paragraph_xtcu6_10 layout-component text-serif-m layout-normal text-serif-m layout-padded\">\u2013 Innflytelsen han har hatt p\u00e5 amerikansk kultur, kan rett og slett ikke overvurderes. <\/p>\n<p class=\"_paragraph_o9xde_4 _paragraph_xtcu6_10 layout-component text-serif-m layout-normal text-serif-m layout-padded\">Astin trekker frem Reiners nesten 60 lange medlemskap i forbundet.<\/p>\n<p class=\"_paragraph_o9xde_4 _paragraph_xtcu6_10 layout-component text-serif-m layout-normal text-serif-m layout-padded\">\u2013 Hyllestene vil str\u00f8mme inn, og den uendelig lange listen over sjangerdefinerende filmer og uforglemmelige prestasjoner vil leve videre i v\u00e5re sinn og hjerter.<\/p>\n<p>Snakket sammen like f\u00f8r<\/p>\n<p class=\"_paragraph_o9xde_4 _paragraph_xtcu6_10 layout-component text-serif-m layout-normal text-serif-m layout-padded\"><strong class=\"_strong_o9xde_25\">Skuespiller og Eric Idle (82) er blant de mange som uttrykker sorg.<\/strong><\/p>\n<p class=\"_paragraph_o9xde_4 _paragraph_xtcu6_10 layout-component text-serif-m layout-normal text-serif-m layout-padded\">\u00abRob Reiner var en fantastisk mann\u00bb, skriver han p\u00e5 <a href=\"https:\/\/x.com\/EricIdle\/status\/2000451690013897098\" class=\"_link_o9xde_39\" rel=\"nofollow\">X<\/a> og opplyser at han snakket med avd\u00f8de i over en time p\u00e5 telefon kvelden i forveien.<\/p>\n<p><img decoding=\"async\" alt=\"Bilde av Eric Idle\" class=\"_image_ygndg_42\" height=\"29\" itemprop=\"image\" loading=\"lazy\"  src=\"https:\/\/www.europesays.com\/no\/wp-content\/uploads\/2025\/12\/a1c013fc-84d8-451b-98f2-9eadd8452174\"  width=\"40\"\/><strong class=\"_name_ygndg_51 title-serif-xs\">Eric Idle<\/strong><\/p>\n<p class=\"_paragraph_o9xde_4 text-sans-m _description_ygndg_56\">Skuespiller<\/p>\n<p class=\"_paragraph_o9xde_4 _paragraph_xtcu6_10 layout-component text-serif-m layout-normal text-serif-m layout-padded\">De to har v\u00e6rt venner siden 1975.<\/p>\n<p class=\"_paragraph_o9xde_4 _paragraph_xtcu6_10 layout-component text-serif-m layout-normal text-serif-m layout-padded\">\u00abHan fortalte meg om filming ved StonehengeStonehengeStonehenge er et fortidsminne fra steinalderen, som ligger cirka 13 kilometer nord for Salisbury i Wiltshire, England og delte tanker om fremtiden. Dette er s\u00e5 fryktelig, jeg kommer til \u00e5 savne ham. En intelligent, talentfull og veldig omtenksom mann\u00bb, skriver Idle.<\/p>\n<p class=\"_paragraph_o9xde_4 _paragraph_xtcu6_10 layout-component text-serif-m layout-normal text-serif-m layout-padded\">Rob Reiner var s\u00f8nn av den verdenskjente, avd\u00f8de komikeren Carl Reiner (1922\u20132020).<\/p>\n<p>S\u00f8rgemeldinger<\/p>\n<p class=\"_paragraph_o9xde_4 _paragraph_xtcu6_10 layout-component text-serif-m layout-normal text-serif-m layout-padded\">\u00abSjokkert over d\u00f8dsfallet til Rob Reiner \u2013 en stor mann,\u00bb <a href=\"https:\/\/x.com\/johncusack\/status\/2000432195002085576\" class=\"_link_o9xde_39\" rel=\"nofollow\">skriver John Cusack (59)<\/a>, som f\u00f8rst ble regissert av Reiner som ten\u00e5ring i \u00abThe Sure Thing\u00bb, etterfulgt av en gjesterolle i \u00abStand By Me\u00bb.<\/p>\n<p class=\"_paragraph_o9xde_4 _paragraph_xtcu6_10 layout-component text-serif-m layout-normal text-serif-m layout-padded\"> \u00abElsker deg, Rob. Oppriktig\u00bb, <a href=\"https:\/\/x.com\/MrJerryOC\/status\/2000441577022652485\" class=\"_link_o9xde_39\" rel=\"nofollow\">skriver Jerry O\u2019Connell (51)<\/a>, som spilte Vern i \u00abStand By Me\u00bb. <\/p>\n<p class=\"_paragraph_o9xde_4 _paragraph_xtcu6_10 layout-component text-serif-m layout-normal text-serif-m layout-padded\">Corey Feldman (54), en annen stjerne fra filmen, omtaler d\u00f8dsfallene som <a href=\"https:\/\/x.com\/Corey_Feldman\/status\/2000413362438750235\" class=\"_link_o9xde_39\" rel=\"nofollow\">\u00abforferdelige nyheter\u00bb<\/a>. <\/p>\n<p><img decoding=\"async\" alt=\"Bilde av Kathy Bates\" class=\"_image_ygndg_42\" height=\"27\" itemprop=\"image\" loading=\"lazy\"  src=\"https:\/\/www.europesays.com\/no\/wp-content\/uploads\/2025\/12\/02c4a028-6565-49bd-89b8-db10b51aa171\"  width=\"40\"\/><strong class=\"_name_ygndg_51 title-serif-xs\">Kathy Bates<\/strong><\/p>\n<p class=\"_paragraph_o9xde_4 text-sans-m _description_ygndg_56\">Skuespiller<\/p>\n<p class=\"_paragraph_o9xde_4 _paragraph_xtcu6_10 layout-component text-serif-m layout-normal text-serif-m layout-padded\">Kathy Bates (77, som spilte hovedrollen i \u00abMisery\u00bb \u2013 nok en Stephen King-filmatisering regissert av Reiner \u2013 p\u00e5pekte at Michele Singer Reiner ogs\u00e5 tok reklamebilder for filmen. <\/p>\n<p class=\"_paragraph_o9xde_4 _paragraph_xtcu6_10 layout-component text-serif-m layout-normal text-serif-m layout-padded\">\u00abJeg elsket Rob. Han var briljant og snill, en mann som laget filmer i alle sjangre for \u00e5 utfordre seg selv som kunstner\u00bb, sier Bates i en uttalelse til <a href=\"https:\/\/edition.cnn.com\/entertainment\/live-news\/homicide-detectives-investigating-at-address-connected-with-hollywood-director-rob-reiner\" class=\"_link_o9xde_39\" rel=\"nofollow noopener\" target=\"_blank\">CNN<\/a>. <\/p>\n<p class=\"_paragraph_o9xde_4 _paragraph_xtcu6_10 layout-component text-serif-m layout-normal text-serif-m layout-padded\">\u00abHan kjempet ogs\u00e5 med stort mot for sine politiske overbevisninger\u00bb, legger hun til.<\/p>\n<p class=\"_paragraph_o9xde_4 _paragraph_xtcu6_10 layout-component text-serif-m layout-normal text-serif-m layout-padded\">Cary Elwes (63), hovedrolleinnehaver i \u00abThe Princess Bride\u00bb, har lagt ut et bilde p\u00e5 <a href=\"https:\/\/www.facebook.com\/caryelwes\/posts\/pfbid02eBGgdD3jQrLP7iuDSmNV7f7EFb38pRR6u8Up2SRsDXK9s7FS7FieYsGZW8Y4XPfml\" class=\"_link_o9xde_39\" rel=\"nofollow noopener\" target=\"_blank\">Facebook<\/a> av to tomme stoler fra filmsettet \u2013 Reiners stol og sin egen:<\/p>\n<p class=\"_paragraph_o9xde_4 _paragraph_xtcu6_10 layout-component text-serif-m layout-normal text-serif-m layout-padded\">\u00abHar ikke ord &#8230;\u00bb, skriver han <\/p>\n<p class=\"_paragraph_o9xde_4 _paragraph_xtcu6_10 layout-component text-serif-m layout-normal text-serif-m layout-padded\">Jamie Lee Curtis (67) har sendt f\u00f8lgende uttalelse til <a href=\"https:\/\/variety.com\/2025\/film\/news\/rob-reiner-remembered-tributes-celebrities-stunned-1236608590\/\" class=\"_link_o9xde_39\" rel=\"nofollow noopener\" target=\"_blank\">Variety<\/a> p\u00e5 vegne av seg selv og ektemannen Christopher Guest (77), som b\u00e5de var medforfatter og medspiller i \u00abThis is Spinal Tap\u00bb \u2013 og som ogs\u00e5 spilte Grev Rugen i \u00abThe Princess Bride\u00bb:<\/p>\n<p class=\"_paragraph_o9xde_4 _paragraph_xtcu6_10 layout-component text-serif-m layout-normal text-serif-m layout-padded\">\u00abChristopher og jeg er lamsl\u00e5tte, triste og i sjokk over de voldelige, tragiske d\u00f8dsfallene til v\u00e5re kj\u00e6re venner Rob og Michelle Singer Reiner. V\u00e5rt eneste fokus og omsorg n\u00e5 er for deres barn og n\u00e6rmeste familie, og vi vil gi all mulig st\u00f8tte for \u00e5 hjelpe dem.\u00bb<\/p>\n<p class=\"_paragraph_o9xde_4 _paragraph_xtcu6_10 layout-component text-serif-m layout-normal text-serif-m layout-padded\">Elton John (78) skriver p\u00e5 InstaStory at han mottok nyheten med vantro.<\/p>\n<p class=\"_paragraph_o9xde_4 _paragraph_xtcu6_10 layout-component text-serif-m layout-normal text-serif-m layout-padded\">\u00abDe er to av de mest vidunderlige menneskene jeg har m\u00f8tt, og de fortjente bedre\u00bb, skriver han.<\/p>\n<p class=\"_paragraph_o9xde_4 _paragraph_xtcu6_10 layout-component text-serif-m layout-normal layout-padded\"><strong class=\"_strong_o9xde_25\">Les ogs\u00e5:<\/strong> <a href=\"https:\/\/www.vg.no\/i\/Pd3Jye\" data-track-element-type=\"Link\" data-track-id=\"link:Pd3Jye\" class=\"_link_o9xde_39\" rel=\"nofollow noopener\" target=\"_blank\">Rob Reiner og kona funnet d\u00f8de<\/a><\/p>\n","protected":false},"excerpt":{"rendered":"Hollywood-regiss\u00f8r Rob Reiner (78) og kona Michele Singer Reiner (68) ble s\u00f8ndag funnet d\u00f8de i sitt hjem i&hellip;\n","protected":false},"author":2,"featured_media":113911,"comment_status":"","ping_status":"","sticky":false,"template":"","format":"standard","meta":{"footnotes":""},"categories":[58],"tags":[71,460,80,30,28,29,72],"class_list":{"0":"post-113910","1":"post","2":"type-post","3":"status-publish","4":"format-standard","5":"has-post-thumbnail","7":"category-underholdning","8":"tag-entertainment","9":"tag-film","10":"tag-hollywood","11":"tag-no","12":"tag-norge","13":"tag-norway","14":"tag-underholdning"},"share_on_mastodon":{"url":"https:\/\/pubeurope.com\/@no\/115724420958062824","error":""},"_links":{"self":[{"href":"https:\/\/www.europesays.com\/no\/wp-json\/wp\/v2\/posts\/113910","targetHints":{"allow":["GET"]}}],"collection":[{"href":"https:\/\/www.europesays.com\/no\/wp-json\/wp\/v2\/posts"}],"about":[{"href":"https:\/\/www.europesays.com\/no\/wp-json\/wp\/v2\/types\/post"}],"author":[{"embeddable":true,"href":"https:\/\/www.europesays.com\/no\/wp-json\/wp\/v2\/users\/2"}],"replies":[{"embeddable":true,"href":"https:\/\/www.europesays.com\/no\/wp-json\/wp\/v2\/comments?post=113910"}],"version-history":[{"count":0,"href":"https:\/\/www.europesays.com\/no\/wp-json\/wp\/v2\/posts\/113910\/revisions"}],"wp:featuredmedia":[{"embeddable":true,"href":"https:\/\/www.europesays.com\/no\/wp-json\/wp\/v2\/media\/113911"}],"wp:attachment":[{"href":"https:\/\/www.europesays.com\/no\/wp-json\/wp\/v2\/media?parent=113910"}],"wp:term":[{"taxonomy":"category","embeddable":true,"href":"https:\/\/www.europesays.com\/no\/wp-json\/wp\/v2\/categories?post=113910"},{"taxonomy":"post_tag","embeddable":true,"href":"https:\/\/www.europesays.com\/no\/wp-json\/wp\/v2\/tags?post=113910"}],"curies":[{"name":"wp","href":"https:\/\/api.w.org\/{rel}","templated":true}]}}