{"id":113916,"date":"2025-12-15T16:05:17","date_gmt":"2025-12-15T16:05:17","guid":{"rendered":"https:\/\/www.europesays.com\/no\/113916\/"},"modified":"2025-12-15T16:05:17","modified_gmt":"2025-12-15T16:05:17","slug":"skole-og-oppvekst-barnevern-knusende-rapport-etter-tilsyn-barnevernet-har-sviktet","status":"publish","type":"post","link":"https:\/\/www.europesays.com\/no\/113916\/","title":{"rendered":"Skole og oppvekst, Barnevern | Knusende rapport etter tilsyn \u2013 barnevernet har sviktet"},"content":{"rendered":"\n<p>Tilsynet fra Statsforvalteren ble startet etter at barn og unge har v\u00e6rt involvert i alvorlige kriminelle handlinger.<\/p>\n<p>Statsforvalteren mener barnevernstjenesten i flere kommuner har mye fokus p\u00e5 barnas atferd. Det kan f\u00e5 mer oppmerksomhet enn \u00e5rsaken til at barna ikke kommer p\u00e5 skolen, utagerer eller er p\u00e5 vei inn i negative milj\u00f8.<\/p>\n<p>I flere av sakene skal barnevernet ha v\u00e6rt kjent med at det allerede var vold og omsorgssvikt i hjemmet.<\/p>\n<p>  <a href=\"https:\/\/www.sa.no\/5-46-1891913\" class=\"related-teaser has-image default-story-teaser article--c-eRUmMG article--c-eRUmMG-jKCPdD-design-default\" rel=\"nofollow noopener\" target=\"_blank\"><\/p>\n<p>    <img decoding=\"async\" loading=\"lazy\"  src=\"https:\/\/www.europesays.com\/no\/wp-content\/uploads\/2025\/10\/1759498212_346_55402eea-d866-4fa3-80af-1c4b0abd405a.jpeg\" alt=\"\" class=\"brick-c-cFOWSL\" style=\"\"\/><\/p>\n<p>\n            Les ogs\u00e5<\/p>\n<p>              Fire gutter innbrakt etter skyteepisode i Sarpsborg \u2013 kobles til granatsaken i Oslo\n        <\/p>\n<p>  <\/a><\/p>\n<p><b>Sarpsborg kommune bekrefter at barnevernet lokalt ikke har hatt tilsyn i forbindelse med denne saken. <\/b><\/p>\n<p><b>Ingen av de \u00e5tte sakene som er vurdert av Statsforvalteren omfatter lokale barn og unge.<\/b><\/p>\n<p>Flere mangler<\/p>\n<p>I tilsynsrapporten poengterer Statsforvalteren at mangelfulle unders\u00f8kelser kan ha medvirket til at ungdommen har hatt en negativ utvikling.<\/p>\n<p>\u2013 Statsforvalteren understreker at mangelfulle unders\u00f8kelsesaktiviteter, manglende medvirkning og manglende helhetlige barnevernsfaglige vurderinger kan ha bidratt til at flere av barna ikke har f\u00e5tt riktig hjelp til rett tid med utgangspunkt i sine konkrete behov og situasjon, skriver de.<\/p>\n<p>Hagve opplyser at de fant lovbrudd i \u00e5tte av \u00e5tte tilsynssaker som gjaldt oppf\u00f8lging av barn i forkant av at de var involvert i alvorlig kriminalitet.<\/p>\n<p>Hagve kommenterer ikke hvilke kommuner som har hatt tilsyn &#8211; kun at tilsynet er gjort etter en serie alvorlige hendelser.<\/p>\n<p>Manglende journalf\u00f8ring<\/p>\n<p>I flere av barnevernssakene har det manglet m\u00e5lrettede, tilpassede og helhetlige tiltak. I tillegg skal barnevernstjenesten ogs\u00e5 ha f\u00e5tt informasjon om at situasjon hjemme ble gradvis verre.<\/p>\n<p>I andre saker mangler det dokumentasjon.<\/p>\n<p>\u2013 Sist ser vi i flere av tilsynssakene at vurderinger som gj\u00f8res er mangelfullt dokumentert. I enkeltsaker ser vi i tillegg at barnevernstjenesten har mangler n\u00e5r det gjelder l\u00f8pende journalf\u00f8ring. Ved gjennomgang av dokumentene har vi ogs\u00e5 avdekket eksempler p\u00e5 at dokumenter tilsynelatende har blitt ferdigstilt p\u00e5 et langt senere tidspunkt enn n\u00e5r samtaler, m\u00f8ter og liknende aktiviteter faktisk har blitt gjennomf\u00f8rt, skriver Statsforvalter i rapporten.<\/p>\n<p>M\u00e5 bli bedre<\/p>\n<p>Konklusjonen fra Statsforvalteren er klar \u2013 barnevernstjenestene m\u00e5 finne ut hva som gikk galt.<\/p>\n<p>\u2013 I flere av sakene har det p\u00e5 ulike tidspunkt i barnas oppvekst v\u00e6rt alvorlige bekymringer for utrygge og konfliktfylte hjemmeforhold og en omsorgssituasjon med vold eller rus. Tilsynssakene viser p\u00e5 forskjellige m\u00e5ter svikt i barnevernets praksis. Det kan ha bidratt til at barn ikke har f\u00e5tt riktig hjelp til rett tid fra barnevernstjenesten, sier Hagve.<\/p>\n<p>Barnevernet blir p\u00e5lagt \u00e5 vurdere hvilke forhold lokalt som bidro til lovbruddene. I tillegg m\u00e5 de redegj\u00f8re for hva som skal til for at tjenesten skal bli bedre.<\/p>\n<p>Statsforvalteren vil ogs\u00e5 f\u00f8lge opp sakene og barnevernet fram til svikten er utbedret.<\/p>\n<p>  <a href=\"https:\/\/www.sa.no\/5-46-1892510\" class=\"related-teaser has-image default-story-teaser article--c-eRUmMG article--c-eRUmMG-jKCPdD-design-default\" rel=\"nofollow noopener\" target=\"_blank\"><\/p>\n<p>    <img decoding=\"async\" loading=\"lazy\"  src=\"https:\/\/www.europesays.com\/no\/wp-content\/uploads\/2025\/10\/20251001-VM_L4390.jpg\" alt=\"\" class=\"brick-c-cFOWSL\" style=\"\"\/><\/p>\n<p>\n            Les ogs\u00e5<\/p>\n<p>              Siktet 15-\u00e5ring l\u00f8slatt etter Sarpsborg-skyting\n        <\/p>\n<p>  <\/a><\/p>\n<p>  <a href=\"https:\/\/www.sa.no\/5-46-1892099\" class=\"related-teaser has-image default-story-teaser article--c-eRUmMG article--c-eRUmMG-jKCPdD-design-default\" rel=\"nofollow noopener\" target=\"_blank\"><\/p>\n<p>    <img decoding=\"async\" loading=\"lazy\"  src=\"https:\/\/www.europesays.com\/no\/wp-content\/uploads\/2025\/12\/NTB_CHFx6Ry-CkQ.jpg\" alt=\"\" class=\"brick-c-cFOWSL\" style=\"\"\/><\/p>\n<p>\n            Les ogs\u00e5<\/p>\n<p>              Avverget mulig granatangrep i Sarpsborg\n        <\/p>\n<p>  <\/a><\/p>\n<p>  <a href=\"https:\/\/www.sa.no\/5-46-1892010\" class=\"related-teaser has-image default-story-teaser article--c-eRUmMG article--c-eRUmMG-jKCPdD-design-default\" rel=\"nofollow noopener\" target=\"_blank\"><\/p>\n<p>    <img decoding=\"async\" loading=\"lazy\"  src=\"https:\/\/www.europesays.com\/no\/wp-content\/uploads\/2025\/12\/1765814715_464_c35fb6c3-5770-45c8-94fc-5f0ea2d1aa80+%281%29.jpeg\" alt=\"\" class=\"brick-c-cFOWSL\" style=\"\"\/><\/p>\n<p>\n            Les ogs\u00e5<\/p>\n<p>              De siktede guttene er ikke fra Sarpsborg &#8211; politiet peker p\u00e5 Foxtrot\n        <\/p>\n<p>  <\/a><\/p>\n<p>  <a href=\"https:\/\/www.sa.no\/5-46-1893080\" class=\"related-teaser has-image default-story-teaser article--c-eRUmMG article--c-eRUmMG-jKCPdD-design-default\" rel=\"nofollow noopener\" target=\"_blank\"><\/p>\n<p>    <img decoding=\"async\" loading=\"lazy\"  src=\"https:\/\/www.europesays.com\/no\/wp-content\/uploads\/2025\/10\/c35fb6c3-5770-45c8-94fc-5f0ea2d1aa80+(1)_1.jpeg\" alt=\"\" class=\"brick-c-cFOWSL\" style=\"\"\/><\/p>\n<p>\n            Les ogs\u00e5<\/p>\n<p>              Slik rekrutteres unge til voldsoppdrag: \u2013 Sarpsborg har ogs\u00e5 barn i risikosonen\n        <\/p>\n<p>  <\/a><\/p>\n","protected":false},"excerpt":{"rendered":"Tilsynet fra Statsforvalteren ble startet etter at barn og unge har v\u00e6rt involvert i alvorlige kriminelle handlinger. Statsforvalteren&hellip;\n","protected":false},"author":2,"featured_media":2136,"comment_status":"","ping_status":"","sticky":false,"template":"","format":"standard","meta":{"footnotes":""},"categories":[10],"tags":[36,3540,20,21,24,25,15,22,23,13,30,28,29,14,16,6615,1984,1510,26,27],"class_list":{"0":"post-113916","1":"post","2":"type-post","3":"status-publish","4":"format-standard","5":"has-post-thumbnail","7":"category-norge","8":"tag-art","9":"tag-barnevern","10":"tag-breaking-news","11":"tag-breakingnews","12":"tag-featured-news","13":"tag-featurednews","14":"tag-headlines","15":"tag-latest-news","16":"tag-latestnews","17":"tag-news","18":"tag-no","19":"tag-norge","20":"tag-norway","21":"tag-nyheter","22":"tag-overskrifter","23":"tag-sarpsborg-kommune","24":"tag-skole-og-oppvekst","25":"tag-story","26":"tag-top-stories","27":"tag-topstories"},"share_on_mastodon":{"url":"https:\/\/pubeurope.com\/@no\/115724440685418275","error":""},"_links":{"self":[{"href":"https:\/\/www.europesays.com\/no\/wp-json\/wp\/v2\/posts\/113916","targetHints":{"allow":["GET"]}}],"collection":[{"href":"https:\/\/www.europesays.com\/no\/wp-json\/wp\/v2\/posts"}],"about":[{"href":"https:\/\/www.europesays.com\/no\/wp-json\/wp\/v2\/types\/post"}],"author":[{"embeddable":true,"href":"https:\/\/www.europesays.com\/no\/wp-json\/wp\/v2\/users\/2"}],"replies":[{"embeddable":true,"href":"https:\/\/www.europesays.com\/no\/wp-json\/wp\/v2\/comments?post=113916"}],"version-history":[{"count":0,"href":"https:\/\/www.europesays.com\/no\/wp-json\/wp\/v2\/posts\/113916\/revisions"}],"wp:featuredmedia":[{"embeddable":true,"href":"https:\/\/www.europesays.com\/no\/wp-json\/wp\/v2\/media\/2136"}],"wp:attachment":[{"href":"https:\/\/www.europesays.com\/no\/wp-json\/wp\/v2\/media?parent=113916"}],"wp:term":[{"taxonomy":"category","embeddable":true,"href":"https:\/\/www.europesays.com\/no\/wp-json\/wp\/v2\/categories?post=113916"},{"taxonomy":"post_tag","embeddable":true,"href":"https:\/\/www.europesays.com\/no\/wp-json\/wp\/v2\/tags?post=113916"}],"curies":[{"name":"wp","href":"https:\/\/api.w.org\/{rel}","templated":true}]}}