{"id":113917,"date":"2025-12-15T16:06:12","date_gmt":"2025-12-15T16:06:12","guid":{"rendered":"https:\/\/www.europesays.com\/no\/113917\/"},"modified":"2025-12-15T16:06:12","modified_gmt":"2025-12-15T16:06:12","slug":"fartskontroll-notteroy-18-bilister-botelagt","status":"publish","type":"post","link":"https:\/\/www.europesays.com\/no\/113917\/","title":{"rendered":"Fartskontroll, N\u00f8tter\u00f8y | 18 bilister b\u00f8telagt"},"content":{"rendered":"\n<p>Utrykningspolitiet (UP) har hatt laserkontroll langs Kirkeveien p\u00e5 N\u00f8tter\u00f8y, melder politiet i 15.40-tiden mandag ettermiddag.<\/p>\n<p>Under kontrollen ble en rekke bilister tatt for \u00e5 ha kj\u00f8rt for fort.<\/p>\n<p><b>\u2013 Det resulterte i 18 forenklede forelegg, opplyser operasjonsleder Sigurd Edvardsen. <\/b><\/p>\n<p>Kontrollen fant sted i 40-sonen. Den h\u00f8yeste hastigheten som ble m\u00e5lt var 54 kilometer i timen.<\/p>\n<p>  <a href=\"https:\/\/www.tb.no\/5-76-2748331\" class=\"related-teaser has-image default-story-teaser article--c-eRUmMG article--c-eRUmMG-jKCPdD-design-default\" wp_automatic_readability=\"1.5\" rel=\"nofollow noopener\" target=\"_blank\"><\/p>\n<p>    For abonnenter<\/p>\n<p>    <img decoding=\"async\" loading=\"lazy\"  src=\"https:\/\/www.europesays.com\/no\/wp-content\/uploads\/2025\/12\/5_76_1716325+hagenfoto.jpg\" alt=\"\" class=\"brick-c-cFOWSL\" style=\"\"\/><\/p>\n<p>\n            Les ogs\u00e5<\/p>\n<p>  En av byens st\u00f8rste arbeidsgivere ser seg n\u00f8dt til \u00e5 permittere i julestria: \u2013 Et paradoks <\/p>\n<p>  <\/a><br \/>\n  Mistenkt for ruskj\u00f8ring<\/p>\n<p><b>Dette er ikke det eneste oppdraget UP har hatt mandag ettermiddag. I Jarlsberggata p\u00e5 Sem ble en personbil kontrollert fordi f\u00f8rer ble mistenkt for kj\u00f8ring i rusp\u00e5virket tilstand. <\/b><\/p>\n<p>\u2013 F\u00f8rer, mann i 40-\u00e5rene, er fremstilt for pr\u00f8vetaking, melder Edvardsen.<\/p>\n<p>Politiet oppretter sak p\u00e5 forholdet.<\/p>\n<p>  <a href=\"https:\/\/www.tb.no\/5-76-2748569\" class=\"related-teaser has-image default-story-teaser article--c-eRUmMG article--c-eRUmMG-jKCPdD-design-default\" wp_automatic_readability=\"1.5\" rel=\"nofollow noopener\" target=\"_blank\"><\/p>\n<p>    For abonnenter<\/p>\n<p>    <img decoding=\"async\" loading=\"lazy\"  src=\"https:\/\/www.europesays.com\/no\/wp-content\/uploads\/2025\/12\/Lars+trangt+.jpg\" alt=\"\" class=\"brick-c-cFOWSL\" style=\"\"\/><\/p>\n<p>\n            Les ogs\u00e5<\/p>\n<p>  Beslutningen er tatt. N\u00e5 skal butikken utvides: \u2013 Hurra! Endelig skal vi f\u00e5 bedre plass<\/p>\n<p>  <\/a><\/p>\n","protected":false},"excerpt":{"rendered":"Utrykningspolitiet (UP) har hatt laserkontroll langs Kirkeveien p\u00e5 N\u00f8tter\u00f8y, melder politiet i 15.40-tiden mandag ettermiddag. Under kontrollen ble&hellip;\n","protected":false},"author":2,"featured_media":113918,"comment_status":"","ping_status":"","sticky":false,"template":"","format":"standard","meta":{"footnotes":""},"categories":[5],"tags":[36,20,21,1897,24,25,15,19,22,23,17,18,13,30,28,29,4202,14,16,1510,26,27,431,941,1634],"class_list":{"0":"post-113917","1":"post","2":"type-post","3":"status-publish","4":"format-standard","5":"has-post-thumbnail","7":"category-overskrifter","8":"tag-art","9":"tag-breaking-news","10":"tag-breakingnews","11":"tag-fartskontroll","12":"tag-featured-news","13":"tag-featurednews","14":"tag-headlines","15":"tag-hovedoppslag","16":"tag-latest-news","17":"tag-latestnews","18":"tag-main-news","19":"tag-mainnews","20":"tag-news","21":"tag-no","22":"tag-norge","23":"tag-norway","24":"tag-notteroy","25":"tag-nyheter","26":"tag-overskrifter","27":"tag-story","28":"tag-top-stories","29":"tag-topstories","30":"tag-tonsberg","31":"tag-ulykker-og-hendelser","32":"tag-up"},"share_on_mastodon":{"url":"https:\/\/pubeurope.com\/@no\/115724444388669463","error":""},"_links":{"self":[{"href":"https:\/\/www.europesays.com\/no\/wp-json\/wp\/v2\/posts\/113917","targetHints":{"allow":["GET"]}}],"collection":[{"href":"https:\/\/www.europesays.com\/no\/wp-json\/wp\/v2\/posts"}],"about":[{"href":"https:\/\/www.europesays.com\/no\/wp-json\/wp\/v2\/types\/post"}],"author":[{"embeddable":true,"href":"https:\/\/www.europesays.com\/no\/wp-json\/wp\/v2\/users\/2"}],"replies":[{"embeddable":true,"href":"https:\/\/www.europesays.com\/no\/wp-json\/wp\/v2\/comments?post=113917"}],"version-history":[{"count":0,"href":"https:\/\/www.europesays.com\/no\/wp-json\/wp\/v2\/posts\/113917\/revisions"}],"wp:featuredmedia":[{"embeddable":true,"href":"https:\/\/www.europesays.com\/no\/wp-json\/wp\/v2\/media\/113918"}],"wp:attachment":[{"href":"https:\/\/www.europesays.com\/no\/wp-json\/wp\/v2\/media?parent=113917"}],"wp:term":[{"taxonomy":"category","embeddable":true,"href":"https:\/\/www.europesays.com\/no\/wp-json\/wp\/v2\/categories?post=113917"},{"taxonomy":"post_tag","embeddable":true,"href":"https:\/\/www.europesays.com\/no\/wp-json\/wp\/v2\/tags?post=113917"}],"curies":[{"name":"wp","href":"https:\/\/api.w.org\/{rel}","templated":true}]}}