{"id":113919,"date":"2025-12-15T16:07:26","date_gmt":"2025-12-15T16:07:26","guid":{"rendered":"https:\/\/www.europesays.com\/no\/113919\/"},"modified":"2025-12-15T16:07:26","modified_gmt":"2025-12-15T16:07:26","slug":"sport-svomming-bronsegutt-i-em","status":"publish","type":"post","link":"https:\/\/www.europesays.com\/no\/113919\/","title":{"rendered":"Sport, Sv\u00f8mming | Bronsegutt i EM"},"content":{"rendered":"\n<p>I veteran-EM i den polske byen Lubin ble den spreke legen fra Kristiansund nummer tre p\u00e5 200 meter rygg med tiden 3.00,36 og nummer tre p\u00e5 400 meter fri med tiden 5.41,50. Ut\u00f8veren fra Kristiansund Sv\u00f8mmeklubb konkurrerte i klassen 65\u201369 \u00e5r.<\/p>\n<p>Totalt har Skeide n\u00e5 seks medaljer fra EM. Han har totalt fem bronsemedaljer og \u00e9n s\u00f8lvmedalje i sin medaljesamling. Det b\u00f8r ogs\u00e5 nevnes at han totalt har vunnet 36 gull i NM og 22 gull i nordisk.<\/p>\n<p>\u2013 Jeg er godt forn\u00f8yd med egen innsats i EM, sier Rolf Andreas Skeide, som trener sv\u00f8mming tre ganger i uka for \u00e5 holde farten i bassenget oppe.<\/p>\n<p>I tillegg trener han styrke og kondisjon p\u00e5 land. I sum blir det som regel fem-seks \u00f8kter i uka \u00e5ret igjennom.<\/p>\n<p>Skeide er ogs\u00e5 aktivt med i Kristiansund Sv\u00f8mmeklubb p\u00e5 ledersiden. Over jul har han hovedansvaret n\u00e5r klubben skal arrangere crawlkurs for voksne.<\/p>\n<p>\u2013 Milj\u00f8et i mastersv\u00f8mming er utrolig positivt og inkluderende. Det sosiale elementet er viktig n\u00e5r vi er ute og konkurrerer, sier Skeide, som forteller at eldste ut\u00f8ver i EM var over 90 \u00e5r.<\/p>\n<p>Klubbkompisen Terje Ovesen var ogs\u00e5 p\u00e5meldt i EM, men m\u00e5tte trekke seg p\u00e5 grunn av sykdom.<\/p>\n<p>  <a href=\"https:\/\/www.tk.no\/5-51-1456631\" class=\"related-teaser has-image default-story-teaser article--c-eRUmMG article--c-eRUmMG-jKCPdD-design-default\" rel=\"nofollow noopener\" target=\"_blank\"><\/p>\n<p>    <img decoding=\"async\" loading=\"lazy\"  src=\"https:\/\/www.europesays.com\/no\/wp-content\/uploads\/2025\/12\/Terje+Ovesen+og+Rolf+Skeide.jpg\" alt=\"\" class=\"brick-c-cFOWSL\" style=\"\"\/><\/p>\n<p>\n            Les ogs\u00e5<\/p>\n<p>              Medaljer i EM og god sv\u00f8mming i NM\n        <\/p>\n<p>  <\/a><\/p>\n<p>  <a href=\"https:\/\/www.tk.no\/5-51-1593711\" class=\"related-teaser has-image default-story-teaser article--c-eRUmMG article--c-eRUmMG-jKCPdD-design-default\" rel=\"nofollow noopener\" target=\"_blank\"><\/p>\n<p>    <img decoding=\"async\" loading=\"lazy\"  src=\"https:\/\/www.europesays.com\/no\/wp-content\/uploads\/2025\/12\/DSC_9951.JPG\" alt=\"\" class=\"brick-c-cFOWSL\" style=\"\"\/><\/p>\n<p>\n            Les ogs\u00e5<\/p>\n<p>              Blir rastl\u00f8s hvis han ikke har noe \u00e5 gj\u00f8re\n        <\/p>\n<p>  <\/a><\/p>\n<p>  <a href=\"https:\/\/www.tk.no\/5-51-1772307\" class=\"related-teaser has-image default-story-teaser article--c-eRUmMG article--c-eRUmMG-jKCPdD-design-default\" rel=\"nofollow noopener\" target=\"_blank\"><\/p>\n<p>    <img decoding=\"async\" loading=\"lazy\"  src=\"https:\/\/www.europesays.com\/no\/wp-content\/uploads\/2025\/12\/1000055495+%281%29.jpg\" alt=\"\" class=\"brick-c-cFOWSL\" style=\"\"\/><\/p>\n<p>\n            Les ogs\u00e5<\/p>\n<p>              700 m\u00f8tte opp for \u00e5 ha det moro i badeland\n        <\/p>\n<p>  <\/a><\/p>\n<p>  <a href=\"https:\/\/www.tk.no\/5-51-1729784\" class=\"related-teaser has-image default-story-teaser article--c-eRUmMG article--c-eRUmMG-jKCPdD-design-default\" rel=\"nofollow noopener\" target=\"_blank\"><\/p>\n<p>    <img decoding=\"async\" loading=\"lazy\"  src=\"https:\/\/www.europesays.com\/no\/wp-content\/uploads\/2025\/12\/Sv%C3%B8mmetrener.jpg\" alt=\"\" class=\"brick-c-cFOWSL\" style=\"\"\/><\/p>\n<p>\n            Les ogs\u00e5<\/p>\n<p>              Ny jobb brakte Rick (23) til Kristiansund: \u2013 Inntrykket har v\u00e6rt veldig bra\n        <\/p>\n<p>  <\/a><\/p>\n","protected":false},"excerpt":{"rendered":"I veteran-EM i den polske byen Lubin ble den spreke legen fra Kristiansund nummer tre p\u00e5 200 meter&hellip;\n","protected":false},"author":2,"featured_media":113920,"comment_status":"","ping_status":"","sticky":false,"template":"","format":"standard","meta":{"footnotes":""},"categories":[59],"tags":[36,298,30,28,29,83,82,1510,238],"class_list":{"0":"post-113919","1":"post","2":"type-post","3":"status-publish","4":"format-standard","5":"has-post-thumbnail","7":"category-sport","8":"tag-art","9":"tag-kristiansund","10":"tag-no","11":"tag-norge","12":"tag-norway","13":"tag-sport","14":"tag-sports","15":"tag-story","16":"tag-svomming"},"share_on_mastodon":{"url":"https:\/\/pubeurope.com\/@no\/115724448331852617","error":""},"_links":{"self":[{"href":"https:\/\/www.europesays.com\/no\/wp-json\/wp\/v2\/posts\/113919","targetHints":{"allow":["GET"]}}],"collection":[{"href":"https:\/\/www.europesays.com\/no\/wp-json\/wp\/v2\/posts"}],"about":[{"href":"https:\/\/www.europesays.com\/no\/wp-json\/wp\/v2\/types\/post"}],"author":[{"embeddable":true,"href":"https:\/\/www.europesays.com\/no\/wp-json\/wp\/v2\/users\/2"}],"replies":[{"embeddable":true,"href":"https:\/\/www.europesays.com\/no\/wp-json\/wp\/v2\/comments?post=113919"}],"version-history":[{"count":0,"href":"https:\/\/www.europesays.com\/no\/wp-json\/wp\/v2\/posts\/113919\/revisions"}],"wp:featuredmedia":[{"embeddable":true,"href":"https:\/\/www.europesays.com\/no\/wp-json\/wp\/v2\/media\/113920"}],"wp:attachment":[{"href":"https:\/\/www.europesays.com\/no\/wp-json\/wp\/v2\/media?parent=113919"}],"wp:term":[{"taxonomy":"category","embeddable":true,"href":"https:\/\/www.europesays.com\/no\/wp-json\/wp\/v2\/categories?post=113919"},{"taxonomy":"post_tag","embeddable":true,"href":"https:\/\/www.europesays.com\/no\/wp-json\/wp\/v2\/tags?post=113919"}],"curies":[{"name":"wp","href":"https:\/\/api.w.org\/{rel}","templated":true}]}}