{"id":113927,"date":"2025-12-15T16:11:09","date_gmt":"2025-12-15T16:11:09","guid":{"rendered":"https:\/\/www.europesays.com\/no\/113927\/"},"modified":"2025-12-15T16:11:09","modified_gmt":"2025-12-15T16:11:09","slug":"usa-fastholder-at-ukraina-ma-overlate-donbas-til-russland","status":"publish","type":"post","link":"https:\/\/www.europesays.com\/no\/113927\/","title":{"rendered":"USA fastholder at Ukraina m\u00e5 overlate Donbas til Russland"},"content":{"rendered":"<p class=\"extendedContent hyperion-css-eyn926\" data-test-tag=\"lead-text\">Ukrainas forhandlingsleder sier det er gjort framgang i samtalene med USA om en fredsavtale, men en kilde sier til Reuters at \u00abterritorielle sp\u00f8rsm\u00e5l er ul\u00f8ste\u00bb.<\/p>\n<p><img decoding=\"async\" class=\"image-asset hyperion-css-u06ts1\" data-test-tag=\"image-asset\" src=\"https:\/\/www.europesays.com\/no\/wp-content\/uploads\/2025\/12\/80db28b9-1160-4fc3-85a2-dcaf556104b2\"  alt=\"Ukrainas forhandlingsleder Rustem Umerov sammen med USAs utenriksminister Marco Rubio i Florida i USA i november. \"  loading=\"eager\" fetchpriority=\"high\" style=\"aspect-ratio:2048 \/ 1366\"\/>Ukrainas forhandlingsleder Rustem Umerov sammen med USAs utenriksminister Marco Rubio i Florida i USA i november. Foto: Terry Renna \/ AP \/ NTB<\/p>\n<p class=\"paywall hyperion-css-1j42uic\">\u2013 De siste to dagene har forhandlingene mellom Ukraina og USA v\u00e6rt konstruktive og produktive, og vi har oppn\u00e5dd reell framgang, skriver Ukrainas forhandlingsleder Rustem Umerov p\u00e5 X.<\/p>\n<p class=\"paywall hyperion-css-1j42uic\">\u2013 Den amerikanske delegasjonen ledet av Steve Witkoff og Jared Kushner jobber sv\u00e6rt konstruktivt for \u00e5 hjelpe Ukraina med \u00e5 finne en vei til en varig fredsavtale, skriver han.<\/p>\n<p class=\"paywall hyperion-css-1j42uic\">Hva den angivelige framgangen g\u00e5r ut p\u00e5, kommenterer Usterov ikke.<\/p>\n<p class=\"paywall hyperion-css-1j42uic\">En offisiell kilde med kjennskap til samtalene sier til Reuters at USA fastholder at Ukraina m\u00e5 etterkomme Russlands krav om full milit\u00e6r tilbaketrekning fra Donbas-regionen.<\/p>\n<p><img decoding=\"async\" class=\"image-asset hyperion-css-u06ts1\" data-test-tag=\"image-asset\" src=\"https:\/\/www.europesays.com\/no\/wp-content\/uploads\/2025\/12\/d5afb3f5-91a4-4a2d-a4c9-f1a0c43a5a7f\"  alt=\"Kostjantynivka er blant mange byer i Donetsk som er \u00f8delagt av omfattende russiske angrep. \"  loading=\"eager\" fetchpriority=\"high\" style=\"aspect-ratio:1280 \/ 960\"\/>Kostjantynivka er blant mange byer i Donetsk som er \u00f8delagt av omfattende russiske angrep. Foto: NATIONAL POLICE OF UKRAINE \/ Reuters \/ NTB<\/p>\n<p class=\"paywall hyperion-css-1j42uic\">Ukraina avviser dette og krever ytterligere forhandlinger ettersom \u00abterritorielle sp\u00f8rsm\u00e5l er ul\u00f8ste\u00bb, sier kilden. <\/p>\n<p class=\"paywall hyperion-css-1j42uic\">Donbas er navnet p\u00e5 omr\u00e5det som utgj\u00f8r de to ukrainske fylkene Luhansk og Donetsk. Ukraina kontrollerer i dag cirka 5000 kvadratkilometer i Donetsk. Et omr\u00e5de som er nesten like stort som Akershus fylke.<\/p>\n<p class=\"paywall hyperion-css-1j42uic\">Ukraina har brukt mye tid og store ressurser p\u00e5 \u00e5 etablere milit\u00e6re fortifikasjoner langs den n\u00e5v\u00e6rende frontlinjen i Donetsk. Det dreier seg blant annet om skyttergraver, gr\u00f8fter, piggtr\u00e5dsperringer, minefelt, og stridsvognhindre.<\/p>\n<p class=\"paywall hyperion-css-1j42uic\">Det s\u00e5kalte \u00abforsvarsbeltet\u00bb inkluderer byene Slovjansk, Kramatorsk og Kostjantynivka:<\/p>\n<p class=\"paywall hyperion-css-1j42uic\">Arbeidet med forsvarsverkene startet allerede for 11 og et halvt \u00e5r siden, da Russland okkuperte Krym og invaderte den \u00f8stlige delen av Donbas-regionen.<\/p>\n<p class=\"paywall hyperion-css-1j42uic\">Hvis Ukraina tvinges til \u00e5 gi fra seg hele Donetsk fylke, kan Russland f\u00e5 en mer fordelaktig posisjon p\u00e5 slagmarken. Mange analytikere tror dette kan gi russerne bedre utgangspunkt for senere fremst\u00f8t inn i fylkene Kharkiv og Dnipropetrovsk.<\/p>\n","protected":false},"excerpt":{"rendered":"Ukrainas forhandlingsleder sier det er gjort framgang i samtalene med USA om en fredsavtale, men en kilde sier&hellip;\n","protected":false},"author":2,"featured_media":113928,"comment_status":"","ping_status":"","sticky":false,"template":"","format":"standard","meta":{"footnotes":""},"categories":[12],"tags":[20,21,24,25,15,22,23,13,30,28,29,14,16,26,27,42,43,44,45],"class_list":{"0":"post-113927","1":"post","2":"type-post","3":"status-publish","4":"format-standard","5":"has-post-thumbnail","7":"category-verden","8":"tag-breaking-news","9":"tag-breakingnews","10":"tag-featured-news","11":"tag-featurednews","12":"tag-headlines","13":"tag-latest-news","14":"tag-latestnews","15":"tag-news","16":"tag-no","17":"tag-norge","18":"tag-norway","19":"tag-nyheter","20":"tag-overskrifter","21":"tag-top-stories","22":"tag-topstories","23":"tag-verden","24":"tag-world","25":"tag-world-news","26":"tag-worldnews"},"share_on_mastodon":{"url":"https:\/\/pubeurope.com\/@no\/115724464101119818","error":""},"_links":{"self":[{"href":"https:\/\/www.europesays.com\/no\/wp-json\/wp\/v2\/posts\/113927","targetHints":{"allow":["GET"]}}],"collection":[{"href":"https:\/\/www.europesays.com\/no\/wp-json\/wp\/v2\/posts"}],"about":[{"href":"https:\/\/www.europesays.com\/no\/wp-json\/wp\/v2\/types\/post"}],"author":[{"embeddable":true,"href":"https:\/\/www.europesays.com\/no\/wp-json\/wp\/v2\/users\/2"}],"replies":[{"embeddable":true,"href":"https:\/\/www.europesays.com\/no\/wp-json\/wp\/v2\/comments?post=113927"}],"version-history":[{"count":0,"href":"https:\/\/www.europesays.com\/no\/wp-json\/wp\/v2\/posts\/113927\/revisions"}],"wp:featuredmedia":[{"embeddable":true,"href":"https:\/\/www.europesays.com\/no\/wp-json\/wp\/v2\/media\/113928"}],"wp:attachment":[{"href":"https:\/\/www.europesays.com\/no\/wp-json\/wp\/v2\/media?parent=113927"}],"wp:term":[{"taxonomy":"category","embeddable":true,"href":"https:\/\/www.europesays.com\/no\/wp-json\/wp\/v2\/categories?post=113927"},{"taxonomy":"post_tag","embeddable":true,"href":"https:\/\/www.europesays.com\/no\/wp-json\/wp\/v2\/tags?post=113927"}],"curies":[{"name":"wp","href":"https:\/\/api.w.org\/{rel}","templated":true}]}}