{"id":113936,"date":"2025-12-15T16:18:49","date_gmt":"2025-12-15T16:18:49","guid":{"rendered":"https:\/\/www.europesays.com\/no\/113936\/"},"modified":"2025-12-15T16:18:49","modified_gmt":"2025-12-15T16:18:49","slug":"nytt-fra-frankrike-lorge-hestene-er-framme-svak-dag-for-de-norske-og-millioner-under-sal-trav-og-galopp-nytt","status":"publish","type":"post","link":"https:\/\/www.europesays.com\/no\/113936\/","title":{"rendered":"Nytt fra Frankrike: L\u00f8rge-hestene er framme, svak dag for de norske og millioner under sal &#8211; Trav og Galopp-Nytt"},"content":{"rendered":"<ol>\n<li><a href=\"https:\/\/news.google.com\/rss\/articles\/CBMimAFBVV95cUxPSDlZRkNLbEJjMXJ4Q082MWZPd05fMUljdXFZRUFiTUtwVm9PZlk5LWdIblBmdzY4aDlXV19Ca3RyLVlPSVFfZmthazdtSTF4UFJNSGN6NG9vV0E1V1FQVzdOYUMtVlN4Z19mR3dEbTVCOW54OXlING5NM0xDMVdTcVM3Z0g1QkpLSkhnSERnakdhY2tJck5zNA?oc=5\" target=\"_blank\" rel=\"nofollow noopener\">Nytt fra Frankrike: L\u00f8rge-hestene er framme, svak dag for de norske og millioner under sal<\/a>&nbsp;&nbsp;Trav og Galopp-Nytt<\/li>\n<li><a href=\"https:\/\/news.google.com\/rss\/articles\/CBMif0FVX3lxTE95VFRFcS1OcDJPTFNfLVBOZ3VFc084VVJrLWtuOGVqZ2JWTnFUVEZlVHJlQVhVTlRJUlFFVGcyaHFUb2w0QlJ4NHlMVnZoODZScWdzMFpWdXZjd041TGJoMEZ3R19MVXRBZFhGMXJtWkxCYmFmRzdVUi1SeHVFQUE?oc=5\" target=\"_blank\" rel=\"nofollow noopener\">\u00abKvassi\u00bb tester koksen: \u2013 Det blir spennende, men jeg stoler p\u00e5 \u00abDansken\u00bb \/ Reiser fra \u00abGranka\u00bb til Paris i morgen kveld<\/a>&nbsp;&nbsp;Trav og Galopp-Nytt<\/li>\n<li><a href=\"https:\/\/news.google.com\/rss\/articles\/CBMihAFBVV95cUxNcENXbUIwTXQxRFo1QXhuN05CMUlDNVF6WE9pMlFVYk8wUFh5VUhhU1VaeHlMU1dhWGRzR2lQbWxqVTA1WTUyRHJZcnBNT3RWUVhyYVBtTHV1aE0tUlloUV9iNE9sRW8tSmp0cUlfZ0hCZ003QU91LXJWVVVKWl9PX2tjX2s?oc=5\" target=\"_blank\" rel=\"nofollow noopener\">Til Frankrike: First One Diamond klar for Vincennes-debut \/ Dette blir rytteren<\/a>&nbsp;&nbsp;Trav365.no<\/li>\n<li><a href=\"https:\/\/news.google.com\/rss\/articles\/CBMiYkFVX3lxTFA0R1ktdEJyajF0dDlwbGU0TlgzZ3JNVjhLOUp2bnNBdEc5dkYyMjFobGd3V0ptNUY5VUE0RkY0LVE1anRnUW4yQVhKaWFfUGREdGtWTi1HdFdBOXh4dEFUSkRR?oc=5\" target=\"_blank\" rel=\"nofollow noopener\">S\u00f8ndag: Tre norskf\u00f8dte p\u00e5 koksen<\/a>&nbsp;&nbsp;Trav365.no<\/li>\n<\/ol>\n","protected":false},"excerpt":{"rendered":"Nytt fra Frankrike: L\u00f8rge-hestene er framme, svak dag for de norske og millioner under sal&nbsp;&nbsp;Trav og Galopp-Nytt \u00abKvassi\u00bb&hellip;\n","protected":false},"author":2,"featured_media":113937,"comment_status":"","ping_status":"","sticky":false,"template":"","format":"standard","meta":{"footnotes":""},"categories":[12],"tags":[20,21,24,25,15,22,23,13,30,28,29,14,16,26,27,42,43,44,45],"class_list":{"0":"post-113936","1":"post","2":"type-post","3":"status-publish","4":"format-standard","5":"has-post-thumbnail","7":"category-verden","8":"tag-breaking-news","9":"tag-breakingnews","10":"tag-featured-news","11":"tag-featurednews","12":"tag-headlines","13":"tag-latest-news","14":"tag-latestnews","15":"tag-news","16":"tag-no","17":"tag-norge","18":"tag-norway","19":"tag-nyheter","20":"tag-overskrifter","21":"tag-top-stories","22":"tag-topstories","23":"tag-verden","24":"tag-world","25":"tag-world-news","26":"tag-worldnews"},"share_on_mastodon":{"url":"https:\/\/pubeurope.com\/@no\/115724495442341480","error":""},"_links":{"self":[{"href":"https:\/\/www.europesays.com\/no\/wp-json\/wp\/v2\/posts\/113936","targetHints":{"allow":["GET"]}}],"collection":[{"href":"https:\/\/www.europesays.com\/no\/wp-json\/wp\/v2\/posts"}],"about":[{"href":"https:\/\/www.europesays.com\/no\/wp-json\/wp\/v2\/types\/post"}],"author":[{"embeddable":true,"href":"https:\/\/www.europesays.com\/no\/wp-json\/wp\/v2\/users\/2"}],"replies":[{"embeddable":true,"href":"https:\/\/www.europesays.com\/no\/wp-json\/wp\/v2\/comments?post=113936"}],"version-history":[{"count":0,"href":"https:\/\/www.europesays.com\/no\/wp-json\/wp\/v2\/posts\/113936\/revisions"}],"wp:featuredmedia":[{"embeddable":true,"href":"https:\/\/www.europesays.com\/no\/wp-json\/wp\/v2\/media\/113937"}],"wp:attachment":[{"href":"https:\/\/www.europesays.com\/no\/wp-json\/wp\/v2\/media?parent=113936"}],"wp:term":[{"taxonomy":"category","embeddable":true,"href":"https:\/\/www.europesays.com\/no\/wp-json\/wp\/v2\/categories?post=113936"},{"taxonomy":"post_tag","embeddable":true,"href":"https:\/\/www.europesays.com\/no\/wp-json\/wp\/v2\/tags?post=113936"}],"curies":[{"name":"wp","href":"https:\/\/api.w.org\/{rel}","templated":true}]}}