{"id":113947,"date":"2025-12-15T16:29:14","date_gmt":"2025-12-15T16:29:14","guid":{"rendered":"https:\/\/www.europesays.com\/no\/113947\/"},"modified":"2025-12-15T16:29:14","modified_gmt":"2025-12-15T16:29:14","slug":"therese-johaug-deler-varme-oyeblikk-pa-hytta-etter-dramatisk-uke-som-startet-med-skytedrama","status":"publish","type":"post","link":"https:\/\/www.europesays.com\/no\/113947\/","title":{"rendered":"Therese Johaug deler varme \u00f8yeblikk p\u00e5 hytta etter dramatisk uke som startet med skytedrama"},"content":{"rendered":"<p class=\"kicker \" style=\"\">Therese Johaug:<\/p>\n<p>  Bare noen dager etter at hun havnet midt i skytedramaet p\u00e5 kj\u00f8pesenteret i Oslo, koblet h\u00f8ygravide Therese Johaug av med datteren p\u00e5 hytta. N\u00e5 deler hun de varme \u00f8yeblikkene i skisporet.<\/p>\n<p>\n    NY BABY: I januar venter Therese Johaug og ektemannen Nils Jakob Hoff sitt andre barn. Sist helg koste hun seg p\u00e5 skitur med datteren. Foto: Instagram\/@johaugtherese\n  <\/p>\n<p>Therese Johaug (37) har delt et nytt bilde fra hytta p\u00e5 Sjusj\u00f8en, der datteren Kristin (2) allerede har f\u00e5tt ski p\u00e5 beina.<\/p>\n<p>Den tidligere skistjernen har selv tilbrakt store deler av livet i skisporet, og n\u00e5 er det neste generasjon som f\u00e5r pr\u00f8ve seg i vinterlandskapet.\u00a0<\/p>\n<p>        SKJULES FRA MAMMA: Solveig Kloppen r\u00f8per at hun f\u00e5r se Tiktok-videoene som s\u00f8nnen Albert legger ut av henne. Reporter: Sanne Holt. Video: Nora Skavhaug\/ R\u00f8d L\u00f8per\/ Tiktok\/ @albertkloppen<\/p>\n<p class=\"font-weight-normal m-font-weight-normal\" data-lab-font_weight=\"font-weight-normal\">Ett av bildene viser Kristin med startnummer og gule langrennsski ute i l\u00f8ypa, med mamma som gir to\u00e5ringen en varm klem.\u00a0<\/p>\n<p class=\"font-weight-bold m-font-weight-bold\" data-lab-font_weight=\"font-weight-bold\">P\u00e5 et annet bilde er datteren innend\u00f8rs, i store vintersko og drikkeflaske &#8211; med den humoristiske bildeteksten \u00abS\u00e5 litt afterski\u00bb!\u00a0<\/p>\n<p>Om ogs\u00e5 pappa Nils Jakob Hoff (40) var med p\u00e5 hytteturen denne helgen, viser ikke Instagram-bildene.<\/p>\n<p>        <img loading=\"lazy\" decoding=\"async\" src=\"https:\/\/www.europesays.com\/no\/wp-content\/uploads\/2025\/12\/83984842.webp\" width=\"686\" height=\"1153\" title=\"TIDLIG P\u00c5'N: Therese Johaug sammen med datteren Kristin i skisporet. Dette bildet delte skistjernen med sine Instagram-f\u00f8lgere denne helgen. Foto: @johaugtherese\" alt=\"\" class=\"\" style=\"--aspect-ratio-image: 0.59; \"\/><\/p>\n<p>\n        TIDLIG P\u00c5&#8217;N: Therese Johaug sammen med datteren Kristin i skisporet. Dette bildet delte skistjernen med sine Instagram-f\u00f8lgere denne helgen. Foto: @johaugtherese\n    <\/p>\n<p>For Therese var uansett turen en kj\u00e6rkommen avslutning p\u00e5 en uke som startet langt mer ubehagelig.<\/p>\n<p>Skytedrama\t<\/p>\n<p>I begynnelsen av forrige uke avsl\u00f8rte hun nemlig at hun var til stede p\u00e5 Storo-senteret i Oslo da det mandag ble avfyrt skudd.<\/p>\n<p>I\u00a0podkasten\u00a0<a href=\"https:\/\/podcasts.apple.com\/no\/podcast\/thereses-uflaks-og-emils-nye-utfordrer\/id1843034649?i=1000740777175\" rel=\"nofollow noopener\" target=\"_blank\">\u00abGukild og Johaug\u00bb<\/a>\u00a0fortalte hun at hun parkerte bilen rundt klokka 10.50 og gikk inn p\u00e5 kj\u00f8pesenteret.\u00a0<\/p>\n<p>        <img loading=\"lazy\" decoding=\"async\" src=\"https:\/\/www.europesays.com\/no\/wp-content\/uploads\/2025\/12\/83984998.webp\" width=\"980\" height=\"559\" title=\"SKYTEDRAMA: Politiet sperret av og evakuerte kj\u00f8pesenteret p\u00e5 Storo forrige uke. Foto: NTB\" alt=\"\" class=\"\" style=\"--aspect-ratio-image: 1.75; \"\/><\/p>\n<p>\n        SKYTEDRAMA: Politiet sperret av og evakuerte kj\u00f8pesenteret p\u00e5 Storo forrige uke. Foto: NTB\n    <\/p>\n<p> &#8211; Da var det fullstendig kaos med politibiler og masse stressede mennesker som lurte p\u00e5 hva som foregikk, sier hun.<\/p>\n<p>Langrennsstjernen var p\u00e5 kj\u00f8pesenteret for \u00e5 kj\u00f8pe innleggss\u00e5ler, og\u00a0gikk videre til klinikken hun skulle bes\u00f8ke, og satte seg p\u00e5 venterommet.\u00a0<\/p>\n<p>        UVANLIG: Kong Charles, som for tiden f\u00e5r behandling for kreft, skal fredag kveld dele en videooppdatering om sin helsetilstand. If\u00f8lge Se og H\u00f8rs kongehusekspert er dette et uvanlig grep fra det britiske kongehuset. Reporter: Caroline Vagle. Video: Kine Falch<\/p>\n<p>Der fikk hun beskjed om at det hadde v\u00e6rt skyting p\u00e5 senteret.<\/p>\n<p>&#8211; Var dritredd\t<\/p>\n<p>Mens kj\u00f8pesenteret ble evakuert, ble Johaug v\u00e6rende inne p\u00e5 klinikken. D\u00f8ren ble lukket, og hun fikk beskjed om at det var trygt \u00e5 oppholde seg der til situasjonen var avklart.<\/p>\n<p class=\"font-weight-bold m-font-weight-bold\" data-lab-font_weight=\"font-weight-bold\"> &#8211; Jeg satt der med t\u00e5rer i ansiktet og var dritredd, forteller hun. <\/p>\n<p>    <a itemprop=\"url\" href=\"https:\/\/www.seher.no\/kjendis\/bekrefter-brudd\/83984236\" rel=\"nofollow noopener\" target=\"_blank\"><\/p>\n<p>        <img loading=\"lazy\" decoding=\"async\" src=\"https:\/\/www.europesays.com\/no\/wp-content\/uploads\/2025\/12\/1765816151_835_83984310.webp\" width=\"147\" height=\"98\" title=\"Bekrefter brudd\" alt=\"\" class=\"lazyload\" style=\"--aspect-ratio-image: 1.50; \"\/><\/p>\n<p>        Bekrefter brudd<\/p>\n<p>    <\/a><\/p>\n<p>Hun ble v\u00e6rende p\u00e5 klinikken til situasjonen var avklart, f\u00f8r hun senere ble fulgt ut til bilen av ansatte.<\/p>\n<p>Etter den dramatiske starten p\u00e5 uken, ble det en langt mer idyllisk og famili\u00e6r avslutning. P\u00e5 nye Instagram-bilder viser hun frem en helt annen side av hverdagen:\u00a0<\/p>\n<p>        <img loading=\"lazy\" decoding=\"async\" src=\"https:\/\/www.europesays.com\/no\/wp-content\/uploads\/2025\/12\/83984849.webp\" width=\"686\" height=\"947\" title=\"AFTERSKI: Med varme, litt for store sko herjer lille Kristin inne etter skituren - med passende drikke i h\u00f8yreh\u00e5nden. Foto: @johaugtherese\" alt=\"\" class=\"\" style=\"--aspect-ratio-image: 0.72; \"\/><\/p>\n<p>\n        AFTERSKI: Med varme, litt for store sko herjer lille Kristin inne etter skituren &#8211; med passende drikke i h\u00f8yreh\u00e5nden. Foto: @johaugtherese\n    <\/p>\n<p class=\"font-weight-bold m-font-weight-bold\" data-lab-font_weight=\"font-weight-bold\">Roligere omgivelser, sn\u00f8 og familietid p\u00e5 hytta p\u00e5 Sjusj\u00f8en ved Lillehammer.<\/p>\n<p>Navnet bestemt\t<\/p>\n<p>Sammen med ektemannen Nils Jakob venter hun i januar sitt andre barn. Fra tidligere har hun datteren, som ble f\u00f8dt p\u00e5 selveste 17. mai 2023.<\/p>\n<p>        BUNNPUNKT: Semifinalist Tiril Eckhoff avsl\u00f8rer t\u00e5rev\u00e5tt sammenbrudd, og hva som fikk henne til \u00e5 kjefte p\u00e5 dansepartneren Santino Mirenna. Reporter: Sanne Holt. Video: \u00abSkal vi danse\u00bb\/ TV 2\/ Sanne Holt\/ R\u00f8d L\u00f8per<\/p>\n<p>&#8211; Det blir en liten gutt, uttalte Therese under f\u00f8rpremieren p\u00e5 dokumentaren \u00abKl\u00e6bo\u00bb i november.<\/p>\n<p>Ogs\u00e5 navnet skal v\u00e6re bestemt, kunne hun r\u00f8pe i en annen av podkastepisodene.<\/p>\n<p>        <img loading=\"lazy\" decoding=\"async\" src=\"https:\/\/www.europesays.com\/no\/wp-content\/uploads\/2025\/12\/83985001.webp\" width=\"980\" height=\"559\" title=\"NAVNET KLART: I januar f\u00e5r Nils Jakob og Therese sitt andre barn. Det blir en s\u00f8nn, og navnet er allerede klart. Foto: Andreas Fadum\" alt=\"\" class=\"\" style=\"--aspect-ratio-image: 1.75; \"\/><\/p>\n<p>\n        NAVNET KLART: I januar f\u00e5r Nils Jakob og Therese sitt andre barn. Det blir en s\u00f8nn, og navnet er allerede klart. Foto: Andreas Fadum\n    <\/p>\n<p class=\"font-weight-bold m-font-weight-bold\" data-lab-font_weight=\"font-weight-bold\">&#8211; F\u00f8r jeg ble sammen med Nils Jakob, s\u00e5 ble det bestemt at om han skulle ha en s\u00f8nn, skulle han hete Nils. S\u00e5 jeg har ikke noe jeg skulle sagt, det blir Nils. Nils Johaug, sier hun der.<\/p>\n<p>\u2013 Han var s\u00e5 klar, s\u00e5 det var ikke snakk om, sier hun.<\/p>\n<p>P\u00e5 jobb etter f\u00f8dselen\t<\/p>\n<p>Therese vurderte lenge om hun skulle satse videre i skisporet frem til OL i Italia i februar, men bestemte i mai at hun skulle sette en stopper for de planene. Hovedgrunnen var familielivet.<\/p>\n<p>\u2013 Jeg fikk d\u00e5rlig samvittighet hvis jeg dro av g\u00e5rde og trente i tre timer n\u00e5r jeg kunne ha v\u00e6rt ute og lekt med Kristin i stedet, fortalte Therese til Expressen.<\/p>\n<p>        <img loading=\"lazy\" decoding=\"async\" src=\"https:\/\/www.europesays.com\/no\/wp-content\/uploads\/2025\/12\/83984851.webp\" width=\"686\" height=\"577\" title=\"KLAR FOR OL: I januar f\u00f8der Therese Johaug sitt andre barn. Noen uker senere reiser hun sammen med Nils Jakob og barna til OL i Italia, der hun skal v\u00e6re NRKs eksperetkommentator. Her er de avbildet i Val di Fiemme i for et snaut \u00e5r siden. Foto: NTB\" alt=\"\" class=\"\" style=\"--aspect-ratio-image: 1.19; \"\/><\/p>\n<p>\n        KLAR FOR OL: I januar f\u00f8der Therese Johaug sitt andre barn. Noen uker senere reiser hun sammen med Nils Jakob og barna til OL i Italia, der hun skal v\u00e6re NRKs eksperetkommentator. Her er de avbildet i Val di Fiemme i for et snaut \u00e5r siden. Foto: NTB\n    <\/p>\n<p>Men om alt g\u00e5r etter planen, blir det ikke barselgruppe og barnevogn rundt i Oslo i ukene etter f\u00f8dselen:<\/p>\n<p>Etter at hun blir mamma for andre gang i midten av januar, er planen \u00e5 ta med mann og barn og reise til OL som ekspertkommentator. Det starter allerede 6. februar.<\/p>\n","protected":false},"excerpt":{"rendered":"Therese Johaug: Bare noen dager etter at hun havnet midt i skytedramaet p\u00e5 kj\u00f8pesenteret i Oslo, koblet h\u00f8ygravide&hellip;\n","protected":false},"author":2,"featured_media":113948,"comment_status":"","ping_status":"","sticky":false,"template":"","format":"standard","meta":{"footnotes":""},"categories":[59],"tags":[4104,479,8498,30,28,29,83,82,6328],"class_list":{"0":"post-113947","1":"post","2":"type-post","3":"status-publish","4":"format-standard","5":"has-post-thumbnail","7":"category-sport","8":"tag-eksklusivt","9":"tag-kjendis","10":"tag-nils-jakob-hoff","11":"tag-no","12":"tag-norge","13":"tag-norway","14":"tag-sport","15":"tag-sports","16":"tag-therese-johaug"},"share_on_mastodon":{"url":"https:\/\/pubeurope.com\/@no\/115724534977026679","error":""},"_links":{"self":[{"href":"https:\/\/www.europesays.com\/no\/wp-json\/wp\/v2\/posts\/113947","targetHints":{"allow":["GET"]}}],"collection":[{"href":"https:\/\/www.europesays.com\/no\/wp-json\/wp\/v2\/posts"}],"about":[{"href":"https:\/\/www.europesays.com\/no\/wp-json\/wp\/v2\/types\/post"}],"author":[{"embeddable":true,"href":"https:\/\/www.europesays.com\/no\/wp-json\/wp\/v2\/users\/2"}],"replies":[{"embeddable":true,"href":"https:\/\/www.europesays.com\/no\/wp-json\/wp\/v2\/comments?post=113947"}],"version-history":[{"count":0,"href":"https:\/\/www.europesays.com\/no\/wp-json\/wp\/v2\/posts\/113947\/revisions"}],"wp:featuredmedia":[{"embeddable":true,"href":"https:\/\/www.europesays.com\/no\/wp-json\/wp\/v2\/media\/113948"}],"wp:attachment":[{"href":"https:\/\/www.europesays.com\/no\/wp-json\/wp\/v2\/media?parent=113947"}],"wp:term":[{"taxonomy":"category","embeddable":true,"href":"https:\/\/www.europesays.com\/no\/wp-json\/wp\/v2\/categories?post=113947"},{"taxonomy":"post_tag","embeddable":true,"href":"https:\/\/www.europesays.com\/no\/wp-json\/wp\/v2\/tags?post=113947"}],"curies":[{"name":"wp","href":"https:\/\/api.w.org\/{rel}","templated":true}]}}