{"id":113953,"date":"2025-12-15T16:35:24","date_gmt":"2025-12-15T16:35:24","guid":{"rendered":"https:\/\/www.europesays.com\/no\/113953\/"},"modified":"2025-12-15T16:35:24","modified_gmt":"2025-12-15T16:35:24","slug":"jorn-andersen-54-siktet-for-drap","status":"publish","type":"post","link":"https:\/\/www.europesays.com\/no\/113953\/","title":{"rendered":"J\u00f8rn Andersen (54) siktet for drap"},"content":{"rendered":"<p>    Kort fortalt<\/p>\n<ul lang=\"nb-NO\">\n<li>En kvinne i 30-\u00e5rene ble funnet d\u00f8d i Orkland, Tr\u00f8ndelag l\u00f8rdag kveld.<\/li>\n<li>Politiet har p\u00e5grepet J\u00f8rn Andersen, en tidligere drapsd\u00f8mt mann i 50-\u00e5rene, og siktet ham for drap.<\/li>\n<li>Andersen har en historie med vold mot kvinner og ble tidligere d\u00f8mt for drap p\u00e5 en ekskj\u00e6reste i 1999.<\/li>\n<li>Politiet etterforsker saken videre og har beslaglagt flere digitale enheter fra Andersens leilighet.<\/li>\n<\/ul>\n<p class=\"italic ai-disclaimer\" data-lab-italic=\"italic\">Sammendraget er laget av ChatGPT og godkjent av Dagbladet.<\/p>\n<p>      Vis mer<br \/>\n      Vis mindre<\/p>\n<p>ORKLAND, TR\u00d8NDELAG (Dagbladet): I 21.30-tida l\u00f8rdag kveld fikk politiet melding om funn av en d\u00f8d kvinne i Orkland kommune i Tr\u00f8ndelag.<\/p>\n<p>Kvinnen, som er i 30-\u00e5ra, ble funnet utend\u00f8rs av en turg\u00e5er. Omstendighetene rundt funnet gjorde at politiet slo drapsalarm &#8211; og kort tid seinere ble en mann i 50-\u00e5ra p\u00e5grepet og siktet for drap.<\/p>\n<p class=\"font-weight-bold m-font-weight-bold\" data-lab-font_weight=\"font-weight-bold\">Mannen er tidligere drapsd\u00f8mte J\u00f8rn Andersen (54), if\u00f8lge Dagbladets opplysninger.<\/p>\n<p>        <img loading=\"lazy\" decoding=\"async\" src=\"https:\/\/www.europesays.com\/no\/wp-content\/uploads\/2025\/12\/83985815.webp\" width=\"980\" height=\"559\" title=\"FULL STYRKE: Politiet har opplyst at de etterforsker saken med full styrke. Foto: Frank Karlsen \/ Dagbladet\" alt=\"\" class=\"\" style=\"--aspect-ratio-image: 1.75; \"\/><\/p>\n<p>\n        FULL STYRKE: Politiet har opplyst at de etterforsker saken med full styrke. Foto: Frank Karlsen \/ Dagbladet\n    <\/p>\n<p class=\"font-weight-normal m-font-weight-normal\" data-lab-font_weight=\"font-weight-normal\">Han er ogs\u00e5 domfelt for flere tilfeller av vold mot kvinner han har hatt et kj\u00e6rlighetsforhold til.\u00a0<\/p>\n<p class=\"font-weight-normal m-font-weight-normal\" data-lab-font_weight=\"font-weight-normal\">4. desember i \u00e5r slapp han ut av fengsel etter \u00e5 ha sonet en promilledom, if\u00f8lge politiet. Bare ni dager seinere ble han p\u00e5grepet og siktet for drap.<\/p>\n<p>Andersens forsvarer, advokat Fredrik Sch\u00f8ne Brodwall, opplyser at han ikke har noen kommentar til saken, og det er derfor ukjent hvordan mannen stiller seg til siktelsen.<\/p>\n<p>    Derfor identifiserer Dagbladet<\/p>\n<ul>\n<li class=\"lab-bodytext-line\">Allmennheten har et legitimt behov for \u00e5 vite hvem som st\u00e5r bak de aller mest alvorlige kriminelle handlingene i samfunnet v\u00e5rt.<\/li>\n<li class=\"lab-bodytext-line\">Identifiseringen begrunnes konkret i at siktede tidligere er d\u00f8mt for et overlagt drap p\u00e5 en ung jente og til forvaring for grov mishandling av en annen kvinne. At politiet mener han igjen st\u00e5r bak en sv\u00e6rt alvorlig kriminell handling, har offentlighetens interesse.<\/li>\n<li class=\"lab-bodytext-line\">N\u00e5r mistenkte identifiseres, kan det bidra til at publikum lettere gir politiet flere n\u00f8dvendige opplysninger. Identifisering bidrar ogs\u00e5 til \u00e5 begrense ryktespredning og spekulasjoner. <\/li>\n<\/ul>\n<p>      Vis mer<br \/>\n      Vis mindre<\/p>\n<p>Etterforsker mulig motiv\t<\/p>\n<p>Han ble framstilt i et fengslingsm\u00f8te i Tr\u00f8ndelag tingrett klokka 13 mandag ettermiddag. Han m\u00f8tte ikke selv, og samtykket til fengsling.<\/p>\n<p>P\u00e5talemyndigheten begj\u00e6rte fire uker varetekt med brev og bes\u00f8ksforbud med bakgrunn i bevisforspillelsesfare.<\/p>\n<p>Politiet bekrefter at siktede tidligere er d\u00f8mt for drap av en ekskj\u00e6reste i 1999 og seinere d\u00f8mt til forvaring etter \u00e5 ha<br \/>\nut\u00f8vd vold og trusler mot en annen ekskj\u00e6reste i 2009.<\/p>\n<p>    <a itemprop=\"url\" href=\"https:\/\/www.dagbladet.no\/nyheter\/i-sorg-mistet-en-god-venn\/83985423\" rel=\"nofollow noopener\" target=\"_blank\"><\/p>\n<p>        <img loading=\"lazy\" decoding=\"async\" src=\"https:\/\/www.europesays.com\/no\/wp-content\/uploads\/2025\/12\/83985512.webp\" width=\"147\" height=\"98\" title=\"I sorg: - Mistet en god venn\" alt=\"\" class=\"lazyload\" style=\"--aspect-ratio-image: 1.50; \"\/><\/p>\n<p>        I sorg: &#8211; Mistet en god venn<\/p>\n<p>    <\/a><\/p>\n<p>&#8211; Basert p\u00e5 det vi vet s\u00e5<br \/>\nlangt i denne saken kan det tyde p\u00e5 at siktede hadde en nylig avsluttet<br \/>\nkj\u00e6resterelasjon til avd\u00f8de. Dette gj\u00f8r at vi mener at det er klart sannsynlig<br \/>\nat han kan ut\u00f8ve vold mot andre dersom han l\u00f8slates n\u00e5, sier politiadvokat Ole Andreas Aftret i Tr\u00f8ndelag politidistrikt.<\/p>\n<p>Politiet etterforsker dette som et mulig motiv, bekrefter han til Dagbladet.<\/p>\n<p>Laila Afelad i advokatfirmaet Bratlien er oppnevnt som bistandsadvokat for de etterlatte i saken.\u00a0<\/p>\n<p>&#8211; Dette er en sv\u00e6rt vanskelig tid for familien, som n\u00e5 s\u00f8rger og trenger ro. Av hensyn til etterforskningen og privatlivet vil det ikke bli gitt ytterligere kommentarer, sier hun til Dagbladet.<\/p>\n<p>        <img loading=\"lazy\" decoding=\"async\" src=\"https:\/\/www.europesays.com\/no\/wp-content\/uploads\/2025\/12\/83986242.webp\" width=\"686\" height=\"460\" title=\"I SORG: Lokalsamfunnet er i sorg etter drapet. Det er tent flere lys ved \u00e5stedet. Foto: Frank Karlsen \/ Dagbladet\" alt=\"\" class=\"\" style=\"--aspect-ratio-image: 1.49; \"\/><\/p>\n<p>\n        I SORG: Lokalsamfunnet er i sorg etter drapet. Det er tent flere lys ved \u00e5stedet. Foto: Frank Karlsen \/ Dagbladet\n    <\/p>\n<p>Kortvarig relasjon\t<\/p>\n<p>Politiet opplyser at de ikke har noen saker mellom avd\u00f8de og siktede i denne saken, og at avd\u00f8de ikke har v\u00e6rt i kontakt med politiet om den siktede.\u00a0<\/p>\n<p>&#8211; Basert p\u00e5 opplysningene<br \/>\ni saken fremst\u00e5r relasjonen \u00e5 ha v\u00e6rt kortvarig. Siktede har forel\u00f8pig valgt \u00e5<br \/>\nikke avgi noen forklaring til politiet, s\u00e5 vi har derfor ikke kunnskap om<br \/>\nhvordan han stiller seg til saken eller hvordan han s\u00e5 p\u00e5 relasjonen til<br \/>\navd\u00f8de, sier han.<\/p>\n<p> Politiet har ransaket siktedes leilighet og vil<br \/>\nfortsette etterforskningen med flere avh\u00f8r, gjennomgang av beslaglagte digitale<br \/>\nenheter og andre etterforskningsskritt.<\/p>\n<p>        <img loading=\"lazy\" decoding=\"async\" src=\"https:\/\/www.europesays.com\/no\/wp-content\/uploads\/2025\/12\/83985878.webp\" width=\"686\" height=\"426\" title=\"FULL STYRKE: Politiet har opplyst at de etterforsker saken med full styrke - og at de har flere hypoteser. En mann i 50-\u00e5ra er p\u00e5grepet og siktet for drapet p\u00e5 kvinnen som l\u00f8rdag kveld ble funnet d\u00f8d. Foto: Frank Karlsen\" alt=\"\" class=\"\" style=\"--aspect-ratio-image: 1.61; \"\/><\/p>\n<p>\n        FULL STYRKE: Politiet har opplyst at de etterforsker saken med full styrke &#8211; og at de har flere hypoteser. En mann i 50-\u00e5ra er p\u00e5grepet og siktet for drapet p\u00e5 kvinnen som l\u00f8rdag kveld ble funnet d\u00f8d. Foto: Frank Karlsen\n    <\/p>\n<p>Sonet en promilledom\t<\/p>\n<p>Politiet er ellers sv\u00e6rt ordknappe om etterforskningen, og \u00f8nsker verken \u00e5 kommentere hendelsesforl\u00f8pet i forkant av drapet, eller om det er gjort beslag av et drapsv\u00e5pen.<\/p>\n<p> &#8211; Det framst\u00e5r sannsynlig at funnstedet ogs\u00e5 er \u00e5sted for drapet, men vi har ikke konkludert endelig\u00a0med det, sier han.<\/p>\n<p data-lab-italic=\"italic\" class=\"italic m-italic\">&#8211; Har det v\u00e6rt vitner til drapet?\u00a0<\/p>\n<p>&#8211; Vi har snakket med flere som var i omr\u00e5det rundt det tidspunktet dette skjedde, og som har gjort observasjoner som har v\u00e6rt interessante for politiet, sier Aftret.<\/p>\n<p>Siktede sonet nylig ferdig en promilledom, og slapp ut bare ni dager f\u00f8r han ble p\u00e5grepet igjen og siktet for drap.<\/p>\n<p>&#8211; Han ble d\u00f8mt til 24 dagers ubetinget fengsel for kj\u00f8ring i h\u00f8y hastighet og promillekj\u00f8ring. Han ble l\u00f8slatt 4. desember, sier Aftret.<\/p>\n<p>        <img loading=\"lazy\" decoding=\"async\" src=\"https:\/\/www.europesays.com\/no\/wp-content\/uploads\/2025\/12\/83987120.webp\" width=\"667\" height=\"494\" title=\"SLAPP NYLIG UT: Politiadvokat Ole Andreas Aftret i Tr\u00f8ndelag politidistrikt bekrefter at den siktede mannen ble l\u00f8slatt 4. desember etter \u00e5 ha sonet en promilledom.Foto: Marte Nyl\u00f8kken Helseth\" alt=\"\" class=\"\" style=\"--aspect-ratio-image: 1.35; \"\/><\/p>\n<p>\n        SLAPP NYLIG UT: Politiadvokat Ole Andreas Aftret i Tr\u00f8ndelag politidistrikt bekrefter at den siktede mannen ble l\u00f8slatt 4. desember etter \u00e5 ha sonet en promilledom.Foto: Marte Nyl\u00f8kken Helseth\n    <\/p>\n<p>Drepte ekskj\u00e6resten\t<\/p>\n<p>Det var i 2000 at Andersen ble d\u00f8mt til 14 \u00e5rs fengsel for \u00e5 ha knivdrept ekskj\u00e6resten Linn Charlott Nesblom med kniv \u00e5ret f\u00f8r.\u00a0<\/p>\n<p>Allerede i politiavh\u00f8r kort tid etter drapet, erkjente Andersen at han hadde tatt livet av ekskj\u00e6resten. Han nektet imidlertid for at det var planlagt.<\/p>\n<p class=\"font-weight-bold m-font-weight-bold\" data-lab-font_weight=\"font-weight-bold\">\u00abHan stakk henne i venstre side av brystet med en kniv. Kniven gikk tvers gjennom hjerteposen og hjertet, og inn i venstre lunges underlapp. Linn Charlott Nesblom d\u00f8de etter kort tid av forbl\u00f8dning\u00bb, heter det i dommen.<\/p>\n<p>Nesblom anmeldte mannen for vold og drapstrusler bare f\u00e5 uker f\u00f8r drapet. Politiet lot imidlertid anmeldelsen ligge p\u00e5 grunn av ressursmangel, meldte Dagbladet den gang.<\/p>\n<p>    <a itemprop=\"url\" href=\"https:\/\/www.dagbladet.no\/nyheter\/lokalsamfunn-i-sorg\/83983408\" rel=\"nofollow noopener\" target=\"_blank\"><\/p>\n<p>        <img loading=\"lazy\" decoding=\"async\" src=\"https:\/\/www.europesays.com\/no\/wp-content\/uploads\/2025\/12\/83983500.webp\" width=\"980\" height=\"441\" title=\"Lokalsamfunn i sorg\" alt=\"\" class=\"lazyload\" style=\"--aspect-ratio-image: 2.22; \"\/><\/p>\n<p>        Lokalsamfunn i sorg<\/p>\n<p>    <\/a><\/p>\n<p>Dagbladet har fors\u00f8kt \u00e5 komme i kontakt med Helen Nesblom, moren til avd\u00f8de Linn Charlott. Til <a href=\"https:\/\/www.nrk.no\/trondelag\/domd-for-drap-i-2000_-no-er-jorn-andersen-sikta-for-drapet-i-orkland-i-trondelag-1.17692588\" rel=\"nofollow noopener\" target=\"_blank\">NRK<\/a> sier hun f\u00f8lgende:<\/p>\n<p>&#8211; Jeg synes det var tragisk og helt forj\u00e6vlig. Det er t\u00f8ft, jeg er tilbake i 1999 med full tyngde.<\/p>\n<p>Hun omtaler drapet i Orkland som grufullt, men sier at det ikke er overraskende.\u00a0<\/p>\n<p>&#8211; Jeg mente hele tida at han ikke skulle ha v\u00e6rt ute i samfunnet. Jeg har nesten ikke ord, det er s\u00e5 tragisk, sier hun til statskanalen.<\/p>\n<p>Dagbladet presiserer at han forel\u00f8pig kun er siktet i saken i Orkland.<\/p>\n<p>        <img loading=\"lazy\" decoding=\"async\" src=\"https:\/\/www.europesays.com\/no\/wp-content\/uploads\/2025\/12\/1765816523_55_83985628.webp\" width=\"686\" height=\"474\" title=\"RETTSTEGNING: Den n\u00e5 drapssiktede mannen tegnet i retten i 2000. Tegning: Tor Kvarve\" alt=\"\" class=\"\" style=\"--aspect-ratio-image: 1.45; \"\/><\/p>\n<p>\n        RETTSTEGNING: Den n\u00e5 drapssiktede mannen tegnet i retten i 2000. Tegning: Tor Kvarve\n    <\/p>\n<p>Tidligere dom: \u00abSkal kvele deg\u00bb\t<\/p>\n<p>Da han var ute p\u00e5 pr\u00f8vel\u00f8slatelse i 2009 &#8211; f\u00e5 m\u00e5neder f\u00f8r han skulle l\u00f8slates &#8211; utsatte han en ekskj\u00e6reste for vold. I en dom Dagbladet har f\u00e5tt tilgang p\u00e5, st\u00e5r det at han troppet opp i leiligheten hennes uanmeldt, tok kvelertak p\u00e5 henne og truet med \u00e5 drepe henne.<\/p>\n<p>Til ekskj\u00e6resten skal han, if\u00f8lge dommen, ha uttalt f\u00f8lgende:<\/p>\n<p>\u00abBle du redd n\u00e5? Jeg trodde ikke du var redd for \u00e5 d\u00f8. Jeg skal ta livet av deg, etterp\u00e5 skal jeg ta livet av meg selv. Jeg skal kvele deg, og etterp\u00e5 skal jeg ta livet av meg selv. Jeg skal kvele deg, og etterp\u00e5 skal jeg skj\u00e6re opp strupen min med barberblad\u00bb.<\/p>\n<p>Det f\u00f8rte til at pr\u00f8vel\u00f8slatelsen ble trukket tilbake og at mannen ble d\u00f8mt til forvaring i fem \u00e5r. Etter ankebehandling i Frostating lagmannsrett ble straffen endret til forvaring i fire \u00e5r og seks m\u00e5neder, uten krav om minstetid.<\/p>\n<p>I 2016 ble han l\u00f8slatt. I en dom, som Avisa Nordland omtalte, sto det f\u00f8lgende:<\/p>\n<p>\u00abDet foreligger i hvert fall ingen objektive holdepunkter for at det er en virkelig eller realistisk fare for nye straffbare handlinger som angitt i loven.\u00bb<\/p>\n<p>    <a itemprop=\"url\" href=\"https:\/\/www.dagbladet.no\/nyheter\/kvinne-dod-mann-siktet\/83981578\" rel=\"nofollow noopener\" target=\"_blank\"><\/p>\n<p>        <img loading=\"lazy\" decoding=\"async\" src=\"https:\/\/www.europesays.com\/no\/wp-content\/uploads\/2025\/12\/1765816524_322_83981618.webp\" width=\"980\" height=\"441\" title=\"Kvinne d\u00f8d: Mann siktet\" alt=\"\" class=\"lazyload\" style=\"--aspect-ratio-image: 2.22; \"\/><\/p>\n<p>        Kvinne d\u00f8d: Mann siktet<\/p>\n<p>    <\/a><\/p>\n<p>Udramatisk p\u00e5gripelse<\/p>\n<p>I helga ble Andersen p\u00e5grepet p\u00e5 egen bopel i Orkland, ikke langt fra der den d\u00f8de kvinnen ble funnet. P\u00e5gripelsen var udramatisk, if\u00f8lge politiet.<\/p>\n<p>Politiadvokat Hanne Sivertsen Berg sier til Dagbladet at politiet har tatt beslag i flere telefoner &#8211; men understreker at det per n\u00e5 ikke er noe som tyder p\u00e5 at andre personer har v\u00e6rt involvert.\u00a0<\/p>\n<p>&#8211; Ettersom det blant annet gjenst\u00e5r avh\u00f8r av den siktede mannen, vil vi av hensyn til etterforskningen v\u00e6re tilbakeholden med \u00e5 dele mer informasjon om saken. Vi har fortsatt flere hypoteser \u00e5pne om hva som kan ha skjedd, sier hun.<\/p>\n","protected":false},"excerpt":{"rendered":"Kort fortalt En kvinne i 30-\u00e5rene ble funnet d\u00f8d i Orkland, Tr\u00f8ndelag l\u00f8rdag kveld. Politiet har p\u00e5grepet J\u00f8rn&hellip;\n","protected":false},"author":2,"featured_media":113954,"comment_status":"","ping_status":"","sticky":false,"template":"","format":"standard","meta":{"footnotes":""},"categories":[5],"tags":[20,21,24,25,15,19,2539,983,22,23,17,18,13,30,28,29,14,16,26,27],"class_list":{"0":"post-113953","1":"post","2":"type-post","3":"status-publish","4":"format-standard","5":"has-post-thumbnail","7":"category-overskrifter","8":"tag-breaking-news","9":"tag-breakingnews","10":"tag-featured-news","11":"tag-featurednews","12":"tag-headlines","13":"tag-hovedoppslag","14":"tag-innenriks","15":"tag-krim","16":"tag-latest-news","17":"tag-latestnews","18":"tag-main-news","19":"tag-mainnews","20":"tag-news","21":"tag-no","22":"tag-norge","23":"tag-norway","24":"tag-nyheter","25":"tag-overskrifter","26":"tag-top-stories","27":"tag-topstories"},"share_on_mastodon":{"url":"https:\/\/pubeurope.com\/@no\/115724558524405430","error":""},"_links":{"self":[{"href":"https:\/\/www.europesays.com\/no\/wp-json\/wp\/v2\/posts\/113953","targetHints":{"allow":["GET"]}}],"collection":[{"href":"https:\/\/www.europesays.com\/no\/wp-json\/wp\/v2\/posts"}],"about":[{"href":"https:\/\/www.europesays.com\/no\/wp-json\/wp\/v2\/types\/post"}],"author":[{"embeddable":true,"href":"https:\/\/www.europesays.com\/no\/wp-json\/wp\/v2\/users\/2"}],"replies":[{"embeddable":true,"href":"https:\/\/www.europesays.com\/no\/wp-json\/wp\/v2\/comments?post=113953"}],"version-history":[{"count":0,"href":"https:\/\/www.europesays.com\/no\/wp-json\/wp\/v2\/posts\/113953\/revisions"}],"wp:featuredmedia":[{"embeddable":true,"href":"https:\/\/www.europesays.com\/no\/wp-json\/wp\/v2\/media\/113954"}],"wp:attachment":[{"href":"https:\/\/www.europesays.com\/no\/wp-json\/wp\/v2\/media?parent=113953"}],"wp:term":[{"taxonomy":"category","embeddable":true,"href":"https:\/\/www.europesays.com\/no\/wp-json\/wp\/v2\/categories?post=113953"},{"taxonomy":"post_tag","embeddable":true,"href":"https:\/\/www.europesays.com\/no\/wp-json\/wp\/v2\/tags?post=113953"}],"curies":[{"name":"wp","href":"https:\/\/api.w.org\/{rel}","templated":true}]}}