{"id":113959,"date":"2025-12-15T16:43:12","date_gmt":"2025-12-15T16:43:12","guid":{"rendered":"https:\/\/www.europesays.com\/no\/113959\/"},"modified":"2025-12-15T16:43:12","modified_gmt":"2025-12-15T16:43:12","slug":"tromso-barneskole-her-er-100-barn-borte-fra-skolen","status":"publish","type":"post","link":"https:\/\/www.europesays.com\/no\/113959\/","title":{"rendered":"Troms\u00f8, Barneskole | Her er 100 barn borte fra skolen"},"content":{"rendered":"\n<p>(<a href=\"https:\/\/www.nordlys.no\/nesten-100-barn-borte-fra-tromso-skole\/s\/5-34-2261162\" rel=\"Follow nofollow noopener\" target=\"_blank\">Nordlys<\/a>): Sykdom rammer skoler i Troms\u00f8. Mandag var det mannefall p\u00e5 Prestvannet skole. N\u00e6rmere 100 elever var borte.<\/p>\n<p>\u2013 Det har v\u00e6rt et jevnt sig den siste uka, men i dag var det mye mer markant. Det g\u00e5r i litt forskjellig, forkj\u00f8lelser og omgangssyke. S\u00e5 er det ikke bare sykdom heller.<\/p>\n<p>Det sier rektor Tor Ivar Vestg\u00e5rd ved skolen.<\/p>\n<p>Situasjonen var s\u00e5 pass prek\u00e6r at han endte valgte \u00e5 sende ut et varsel p\u00e5 Transponder, skolens digitale meldingsbok, der han informerte om situasjonen. Han har ogs\u00e5 besluttet \u00e5 treffe tiltak.<\/p>\n<p>\u2013 F\u00f8rjulskonserten i Domkirka p\u00e5 torsdag er avlyst. Vi trenger ikke \u00e5 risikere mer enn h\u00f8yst n\u00f8dvendig n\u00e5 rett f\u00f8r jul. \u00c5 samle mange personer kan v\u00e6re ugunstig, sier Vestg\u00e5rd.<\/p>\n<p><b>Les ogs\u00e5: <a href=\"https:\/\/www.nettavisen.no\/nyheter\/fhi-advarer-om-at-influensaforekomsten-oker-i-norge\/s\/5-95-2775073\" rel=\"Follow nofollow noopener\" target=\"_blank\">FHI advarer: \u2013 Smittetoppen kan komme f\u00f8r jul<\/a><\/b><\/p>\n<p>\u2013 Det er mye frav\u00e6r her<\/p>\n<p>Det skulle ogs\u00e5 v\u00e6rt en samling for hele skolen i gymsalen kommende fredag. Ogs\u00e5 den er avlyst.<\/p>\n<p>Det er 305 elever ved skolen. Et frav\u00e6r p\u00e5 n\u00e6rmere 100 betyr s\u00e5nn grovt sett at \u00e9n av tre er borte. Ogs\u00e5 blant de ansatte er det \u00abet relativt h\u00f8yt sykefrav\u00e6r\u00bb.<\/p>\n<p>Vestg\u00e5rd sier at det er fort gjort \u00e5 bli historiel\u00f8s og det har v\u00e6rt dager tidligere der frav\u00e6ret har v\u00e6rt h\u00f8yt, men at man fort m\u00e5 tilbake til pandemien for \u00e5 finne lignende tall.<\/p>\n<p> \u2013 Men du er frisk?<\/p>\n<p>\u2013 Ja. Men s\u00e5 er jeg heller ikke i f\u00f8rstelinja, sier Vestg\u00e5rd, og peker p\u00e5 at l\u00e6rere og SFO-ansatte har tettere kontakt med elevene.<\/p>\n<p>Ogs\u00e5 p\u00e5 Gyllenborg skole merker rektoren at det er mange som er syk i Troms\u00f8 om dagen:<\/p>\n<p>\u2013 Det er mye frav\u00e6r her. Jeg har ikke n\u00f8yaktig tall, men jeg ser det i korridorene, sier rektor Jill Solheim-Nilsen.<\/p>\n<p>Hun har forel\u00f8pig ikke vurdert det som n\u00f8dvendig \u00e5 gj\u00f8re om p\u00e5 planene for juleavslutninger, slik kollegaen p\u00e5 toppen av Troms\u00f8ya har sett seg n\u00f8dt til \u00e5 gj\u00f8re.<\/p>\n<p>P\u00e5 Bjerkaker p\u00e5 S\u00f8r-Troms\u00f8ya s\u00e5 det ikke s\u00e5 verst ut mandag. Rektor Berit Grindstein sier at 16-18 elever var borte p\u00e5 grunn av sykdom mandag.<\/p>\n<p>P\u00e5 Storelva skole sier rektor Kent Roger Johansen at de har en del sykdom, men at det ikke er langt over det normalt p\u00e5 denne tida av \u00e5ret.<\/p>\n<p><b>Les ogs\u00e5: <a href=\"https:\/\/www.nettavisen.no\/nyheter\/kraftig-influensaokning-flere-barn-innlagt-pa-ahus\/s\/5-95-2778125\" rel=\"Follow nofollow noopener\" target=\"_blank\">Kraftig influensa\u00f8kning: Flere barn innlagt p\u00e5 Ahus<\/a><\/b><\/p>\n<p>    Vil du se neste video?<\/p>\n<p>    <a href=\"https:\/\/www.nettavisen.no\/nyheter\/ny-donal-trump-blemme-dumskalle\/v\/5-95-2774170\" class=\"recommend-poster\" data-adp-clicklabel=\"video-recommend\" data-adp-clickvalue=\"poster\" rel=\"nofollow noopener\" target=\"_blank\"><br \/>\n      <img decoding=\"async\" width=\"200\" height=\"200\" loading=\"lazy\" src=\"https:\/\/www.europesays.com\/no\/wp-content\/uploads\/2025\/12\/Trump+og+mobil+til+cue.jpg\" alt=\"\" class=\"brick-c-cFOWSL\" style=\"--brick-image-ratio: 200 \/ 200;\"\/><\/p>\n<p>Ny Trump-blemme: \u2013 Dumskalle0:57<\/p>\n<p>    <\/a><\/p>\n<p>\u2013 Influensa som dominerer<\/p>\n<p>Trond Brattland er smittevernoverlege i Troms\u00f8 kommune. Han sier at litt over en fjerdedel av influensapr\u00f8vene tas er positive &#8211; alts\u00e5 noen prosent h\u00f8yere enn nasjonalt.<\/p>\n<p>\u2013 Det er influensa som dominerer av luftveisinfeksjonene, og vi m\u00e5 regne med at den b\u00f8lgen har startet hos oss ogs\u00e5, sier Trond Brattland.<\/p>\n<p>Influensavaksinen inneholder influensavirusvariantene som Verdens helseorganisasjon (WHO) anbefaler. Vaksine for sesonginfluensa b\u00f8r gis i oktober\u2013desember, st\u00e5r det p\u00e5<a href=\"https:\/\/www.fhi.no\/ss\/influensa\/sesonginfluensa\/rad-om-influensa\/influensa\/\" rel=\"Follow nofollow noopener\" target=\"_blank\"> FHIs hjemmeside.<\/a><\/p>\n<p>Brattland legger frem at de som er over 65 \u00e5r eller har kronisk underliggende sykdommer b\u00f8r ta den.<\/p>\n<p>\u2013 Det er fortsatt mulig \u00e5 skaffe seg, men en b\u00f8r raske p\u00e5 hvis en er i risikogruppa, sier Brattland.<\/p>\n<p>   <img decoding=\"async\" width=\"4104\" height=\"2736\" fetchpriority=\"low\"  loading=\"lazy\"  src=\"https:\/\/www.europesays.com\/no\/wp-content\/uploads\/2025\/12\/Videokonferanse_med_Erna_Solberg_og_tre_andre_kommuner-3.jpg\" alt=\"Videokonferanse med Erna Solberg og tre andre kommuner. Ordf\u00f8rer Gunnar Wilhelmsen . Fungerende kommunedirekt\u00f8r Mari Enoksen Hult, fungerende avdelingsdirekt\u00f8r Margrethe Kristiansen og smittevernoverlege Trond Brattland deltok ogs\u00e5 p\u00e5 m\u00f8tet med statsministeren. Torgrim Rath Olsen\" class=\"brick-c-cFOWSL\" style=\"--brick-image-ratio: 4104 \/ 2736;\"\/><\/p>\n<p>      INFLUENSAB\u00d8LGE: Trond Brattland, smittevernoverlege Troms\u00f8 kommune.<br \/>\n      Foto: Torgrim Rath Olsen\n    <\/p>\n<p>Han p\u00e5peker at influensasesongen har startet tidligere enn normalt.<\/p>\n<p>\u2013 Det spekuleres i om vi f\u00e5r en kraftig b\u00f8lge etter nytt\u00e5r, sier Brattland.<\/p>\n<p>Han sier at det som oftest ikke er n\u00f8dvendig \u00e5 opps\u00f8ke fastlege eller legevakta i forbindelse med influensa.<\/p>\n<p>\u2013 De fleste luftveisinfeksjoner g\u00e5r over av seg selv. Hvis man er bekymret for helsa b\u00f8r man kontakte helsevesenet per telefon. De ansatte som tar telefonen er oppl\u00e6rt i \u00e5 vurdere hvorvidt det er behov for unders\u00f8kelse, sier Brattland.<\/p>\n<p>    Vil du se neste video?<\/p>\n<p>    <a href=\"https:\/\/www.nettavisen.no\/nyheter\/ny-donal-trump-blemme-dumskalle\/v\/5-95-2774170\" class=\"recommend-poster\" data-adp-clicklabel=\"video-recommend\" data-adp-clickvalue=\"poster\" rel=\"nofollow noopener\" target=\"_blank\"><br \/>\n      <img decoding=\"async\" width=\"200\" height=\"200\" loading=\"lazy\" src=\"https:\/\/www.europesays.com\/no\/wp-content\/uploads\/2025\/12\/Trump+og+mobil+til+cue.jpg\" alt=\"\" class=\"brick-c-cFOWSL\" style=\"--brick-image-ratio: 200 \/ 200;\"\/><\/p>\n<p>Ny Trump-blemme: \u2013 Dumskalle0:57<\/p>\n<p>    <\/a><\/p>\n","protected":false},"excerpt":{"rendered":"(Nordlys): Sykdom rammer skoler i Troms\u00f8. Mandag var det mannefall p\u00e5 Prestvannet skole. N\u00e6rmere 100 elever var borte.&hellip;\n","protected":false},"author":2,"featured_media":113960,"comment_status":"","ping_status":"","sticky":false,"template":"","format":"standard","meta":{"footnotes":""},"categories":[10],"tags":[20,21,24,25,15,22,23,13,30,28,29,14,16,26,27],"class_list":{"0":"post-113959","1":"post","2":"type-post","3":"status-publish","4":"format-standard","5":"has-post-thumbnail","7":"category-norge","8":"tag-breaking-news","9":"tag-breakingnews","10":"tag-featured-news","11":"tag-featurednews","12":"tag-headlines","13":"tag-latest-news","14":"tag-latestnews","15":"tag-news","16":"tag-no","17":"tag-norge","18":"tag-norway","19":"tag-nyheter","20":"tag-overskrifter","21":"tag-top-stories","22":"tag-topstories"},"share_on_mastodon":{"url":"https:\/\/pubeurope.com\/@no\/115724589982990724","error":""},"_links":{"self":[{"href":"https:\/\/www.europesays.com\/no\/wp-json\/wp\/v2\/posts\/113959","targetHints":{"allow":["GET"]}}],"collection":[{"href":"https:\/\/www.europesays.com\/no\/wp-json\/wp\/v2\/posts"}],"about":[{"href":"https:\/\/www.europesays.com\/no\/wp-json\/wp\/v2\/types\/post"}],"author":[{"embeddable":true,"href":"https:\/\/www.europesays.com\/no\/wp-json\/wp\/v2\/users\/2"}],"replies":[{"embeddable":true,"href":"https:\/\/www.europesays.com\/no\/wp-json\/wp\/v2\/comments?post=113959"}],"version-history":[{"count":0,"href":"https:\/\/www.europesays.com\/no\/wp-json\/wp\/v2\/posts\/113959\/revisions"}],"wp:featuredmedia":[{"embeddable":true,"href":"https:\/\/www.europesays.com\/no\/wp-json\/wp\/v2\/media\/113960"}],"wp:attachment":[{"href":"https:\/\/www.europesays.com\/no\/wp-json\/wp\/v2\/media?parent=113959"}],"wp:term":[{"taxonomy":"category","embeddable":true,"href":"https:\/\/www.europesays.com\/no\/wp-json\/wp\/v2\/categories?post=113959"},{"taxonomy":"post_tag","embeddable":true,"href":"https:\/\/www.europesays.com\/no\/wp-json\/wp\/v2\/tags?post=113959"}],"curies":[{"name":"wp","href":"https:\/\/api.w.org\/{rel}","templated":true}]}}