{"id":113961,"date":"2025-12-15T16:51:32","date_gmt":"2025-12-15T16:51:32","guid":{"rendered":"https:\/\/www.europesays.com\/no\/113961\/"},"modified":"2025-12-15T16:51:32","modified_gmt":"2025-12-15T16:51:32","slug":"dnb-carnegies-anbefaling-pa-yara-borregaard-og-gjensidige","status":"publish","type":"post","link":"https:\/\/www.europesays.com\/no\/113961\/","title":{"rendered":"DNB Carnegies anbefaling p\u00e5 Yara, Borregaard og Gjensidige"},"content":{"rendered":"<p>Enkelte selskaper har valgt \u00e5 opprettholde rutinen med at de tar en oppdatering med analytikerne f\u00f8r de s\u00e5 g\u00e5r inn i en\u00a0<b>stille periode\u00a0<\/b>hvor de avst\u00e5r fra videre kommunikasjon med finansmarkedet fram til de har lagt fram kvartalstallene. Selskapene har imidlertid ogs\u00e5 observert st\u00f8yen og kritikken denne typen oppdateringer ved tidligere anledninger har gitt i enkelte aksjer og det har medf\u00f8rt at disse gjennomgangene n\u00e5 i all hovedsak kun er blitt en gjentakelse av allerede kommunisert informasjon som burde v\u00e6re kjent. Analytikerne vil nok imidlertid likevel holde igjen med \u00e5 sende ut sine oppdaterte forventninger for kvartalet til rett etter at selskapene har hatt sine siste gjennomganger. Det betyr at vi i l\u00f8pet av denne uken ser ut til \u00e5 kunne f\u00e5 oppdaterte konsensustall for blant annet\u00a0<b>Yara<\/b>,\u00a0<b>Borregaard<\/b>\u00a0og\u00a0<b>Gjensidige<\/b>. Vi har\u00a0<b>en kj\u00f8psanbefaling p\u00e5 Yara med et kursm\u00e5l p\u00e5 NOK 450 pr. aksje<\/b>,\u00a0<b>en kj\u00f8psanbefaling p\u00e5 Borregaard med et kursm\u00e5l p\u00e5 NOK 230 pr. aksje<\/b>\u00a0og\u00a0<b>en holdanbefaling p\u00e5 Gjensidige med et kursm\u00e5l p\u00e5 NOK 280 pr. aksje<\/b>. De tre aksjene stengte fredag p\u00e5 henholdsvis NOK 396, NOK 192 og NOK 292 pr. aksje.<\/p>\n<p>Etablering av landbasert oppdrettsvirksomhet tar tid og noe av det viktigste i forbindelse med tirsdagens utsatte kvartalsrapport fra<b>\u00a0Andfjord Salmon\u00a0<\/b>blir etter v\u00e5rt syn derfor at de i likhet med \u00f8vrige tilsvarende akt\u00f8rer kan bekrefte at fremdriften g\u00e5r i henhold til den tidligere oppdaterte planen. I tillegg venter vi at det vil v\u00e6re fokus p\u00e5 potensiell risiko og mulig oppside knyttet til saken selskapet har anlagt mot den tidligere entrepren\u00f8ren. Basert p\u00e5 teknologi fra et testanlegg er selskapet i ferd med \u00e5 sette opp fire produksjonsanlegg p\u00e5 And\u00f8ya med en samlet kapasitet p\u00e5 23.7k tonn pr. \u00e5r. Planen er \u00e5 kunne ta et f\u00f8rste volum ut av disse anleggene i l\u00f8pet av 2026. Ut ifra et investorperspektiv handler det n\u00e5 i hovedsak om \u00e5 redusere operasjonell risiko i prosjektet. Selskapet sitter i tillegg med arealer som gir mulighet for en vekst opp til 90k tonn pr. \u00e5r, men har i f\u00f8rste omgang kommunisert ambisjoner om i neste fase \u00e5 \u00f8ke kapasiteten til 48.1k tonn. En slik opptrapping vil imidlertid v\u00e6re betinget av en tilsvarende utvidelse av dagens lisenser. I tillegg til at bekreftet fremdrift p\u00e5 dagens prosjekt vil kunne dempe risikoen vil dermed eventuell tildeling av ytterligere lisenser kunne fungere som en positiv driver for verdsettelsen. Kursen stengte fredag p\u00e5 NOK 26.10 pr. aksje og\u00a0<b>vi har en kj\u00f8psanbefaling med et kursm\u00e5l p\u00e5 NOK 43 pr. aksje.<\/b><\/p>\n","protected":false},"excerpt":{"rendered":"Enkelte selskaper har valgt \u00e5 opprettholde rutinen med at de tar en oppdatering med analytikerne f\u00f8r de s\u00e5&hellip;\n","protected":false},"author":2,"featured_media":113962,"comment_status":"","ping_status":"","sticky":false,"template":"","format":"standard","meta":{"footnotes":""},"categories":[56],"tags":[184,60,185,61,62,30,28,29],"class_list":{"0":"post-113961","1":"post","2":"type-post","3":"status-publish","4":"format-standard","5":"has-post-thumbnail","7":"category-naeringsliv","8":"tag-aksjer","9":"tag-business","10":"tag-dnb-carnegie","11":"tag-economy","12":"tag-naeringsliv","13":"tag-no","14":"tag-norge","15":"tag-norway"},"share_on_mastodon":{"url":"https:\/\/pubeurope.com\/@no\/115724621321314719","error":""},"_links":{"self":[{"href":"https:\/\/www.europesays.com\/no\/wp-json\/wp\/v2\/posts\/113961","targetHints":{"allow":["GET"]}}],"collection":[{"href":"https:\/\/www.europesays.com\/no\/wp-json\/wp\/v2\/posts"}],"about":[{"href":"https:\/\/www.europesays.com\/no\/wp-json\/wp\/v2\/types\/post"}],"author":[{"embeddable":true,"href":"https:\/\/www.europesays.com\/no\/wp-json\/wp\/v2\/users\/2"}],"replies":[{"embeddable":true,"href":"https:\/\/www.europesays.com\/no\/wp-json\/wp\/v2\/comments?post=113961"}],"version-history":[{"count":0,"href":"https:\/\/www.europesays.com\/no\/wp-json\/wp\/v2\/posts\/113961\/revisions"}],"wp:featuredmedia":[{"embeddable":true,"href":"https:\/\/www.europesays.com\/no\/wp-json\/wp\/v2\/media\/113962"}],"wp:attachment":[{"href":"https:\/\/www.europesays.com\/no\/wp-json\/wp\/v2\/media?parent=113961"}],"wp:term":[{"taxonomy":"category","embeddable":true,"href":"https:\/\/www.europesays.com\/no\/wp-json\/wp\/v2\/categories?post=113961"},{"taxonomy":"post_tag","embeddable":true,"href":"https:\/\/www.europesays.com\/no\/wp-json\/wp\/v2\/tags?post=113961"}],"curies":[{"name":"wp","href":"https:\/\/api.w.org\/{rel}","templated":true}]}}