{"id":113963,"date":"2025-12-15T16:52:11","date_gmt":"2025-12-15T16:52:11","guid":{"rendered":"https:\/\/www.europesays.com\/no\/113963\/"},"modified":"2025-12-15T16:52:11","modified_gmt":"2025-12-15T16:52:11","slug":"sydney-ahmed-al-ahmed-93-millioner-til-den-store-helten-ahmed-al-ahmed","status":"publish","type":"post","link":"https:\/\/www.europesays.com\/no\/113963\/","title":{"rendered":"Sydney, Ahmed al-Ahmed | 9,3 millioner til den store helten Ahmed al-Ahmed"},"content":{"rendered":"\n<p>Al-Ahmed ble selv skutt og s\u00e5ret i Sydney-terroren da han snek seg mellom to biler og overmannet en av gjerningspersonene.<\/p>\n<p>Videoen av hendelsen har g\u00e5tt viralt og al-Ahmed har blitt en folkehelt p\u00e5 kort tid.<\/p>\n<p>Kort tid etter videoen ble spredt i sosiale medier, ble det opprettet en <a rel=\"Follow nofollow noopener\" href=\"https:\/\/www.gofundme.com\/f\/zbcjn-support-the-hero-who-disarmed-a-bondi-attacker?ts=1765751457&amp;utm_campaign=pd_ss_icons&amp;utm_medium=customer&amp;utm_source=copy_link\" target=\"_blank\">innsamling <\/a>til st\u00f8tte for den store helten.<\/p>\n<p>Innsamlingen hadde opprinnelig et m\u00e5l p\u00e5 300.000 australske dollar (2 millioner norske kroner), men har mandag ettermiddag samlet inn utrolige 1,4 millioner australske dollar.<\/p>\n<p>Det tilsvarer 9,3 millioner norske kroner.<\/p>\n<p><b>Les ogs\u00e5: <a rel=\"Follow nofollow noopener\" href=\"https:\/\/www.nettavisen.no\/nyheter\/vannstanden-stiger-ogsa-i-eigersund-vi-holder-pusten\/s\/5-95-2780104\" target=\"_blank\">Innf\u00f8rer unntakstilstand: \u2013 M\u00e5 prioritere liv og helse<\/a><\/b><\/p>\n<p>Milliard\u00e6r-donasjon<\/p>\n<p>Blant giverne er en av verdens rikeste menn, Bill Ackman, som har en formue p\u00e5 9,5 milliarder australske dollar (64 milliarder kroner), if\u00f8lge <a rel=\"Follow nofollow noopener\" href=\"https:\/\/www.ntnews.com.au\/news\/national\/billionaire-makes-offer-of-reward-to-hero-who-disarmed-evil-bondi-terrorist\/news-story\/fad3e70f67c49311af4d0565c01b1ebb\" target=\"_blank\">NT News.<\/a><\/p>\n<p>\u2013 Kan noen sette opp en ekte (innsamling) slik at vi kan bel\u00f8nne ham og familien hans, skrev han p\u00e5 sosiale medier.<\/p>\n<p>Kort tid etterp\u00e5 rant det 99.999 australske dollar (674.000 kroner) inn i innsamlingen fra milliard\u00e6ren.<\/p>\n<p>Ackman har ogs\u00e5 delt innsamlingen p\u00e5 sin X-konto og oppfordret folk til \u00e5 donere penger til al-Ahmed.<\/p>\n<p>\u2013 Jeg har blitt fortalt av GoFundMe (innsamlingsnettstedet) at midlene kun vil bli utbetalt direkte til helten, skrev han.<\/p>\n<p>   <img decoding=\"async\" width=\"6500\" height=\"4252\" fetchpriority=\"low\"  loading=\"lazy\"  src=\"https:\/\/www.europesays.com\/no\/wp-content\/uploads\/2025\/12\/cueres_scp-mangler_navn_8Ze_qHeyWtQ.jpg\" alt=\"FILE PHOTO: Bill Ackman, founder and CEO of Pershing Square Capital Management, attends the Milken Conference 2025 in Beverly Hills, California, U.S., May 6, 2025. REUTERS\/Mike Blake\/File Photo\" class=\"brick-c-cFOWSL\" style=\"--brick-image-ratio: 6500 \/ 4252;\"\/><\/p>\n<p>      GIGANTSUM: Bill Ackman har donert mye penger til den store helten.<br \/>\n      Foto: Mike Blake (Reuters \/ NTB)\n    <\/p>\n<p>Al-Ahmed har ogs\u00e5 h\u00f8stet ros fra USAs president, Donald Trump.<\/p>\n<p>\u2013 En veldig modig person som faktisk gikk og angrep en av skytterne og reddet mange liv. En veldig modig person som akkurat n\u00e5 er p\u00e5 sykehuset og er alvorlig s\u00e5ret, sa Trump og fortsatte:<\/p>\n<p>\u2013 Stor respekt til mannen som gjorde det<\/p>\n<p><b>Se video av hendelsen:<\/b><\/p>\n<p>    Vil du se neste video?<\/p>\n<p>    <a href=\"https:\/\/www.nettavisen.no\/nyheter\/ny-donal-trump-blemme-dumskalle\/v\/5-95-2774170\" class=\"recommend-poster\" data-adp-clicklabel=\"video-recommend\" data-adp-clickvalue=\"poster\" rel=\"nofollow noopener\" target=\"_blank\"><br \/>\n      <img decoding=\"async\" width=\"200\" height=\"200\" loading=\"lazy\" src=\"https:\/\/www.europesays.com\/no\/wp-content\/uploads\/2025\/12\/Trump+og+mobil+til+cue.jpg\" alt=\"\" class=\"brick-c-cFOWSL\" style=\"--brick-image-ratio: 200 \/ 200;\"\/><\/p>\n<p>Ny Trump-blemme: \u2013 Dumskalle0:57<\/p>\n<p>    <\/a><\/p>\n<p><b>Les ogs\u00e5: Sydney-helten: \u2013 Hadde gjort det igjen<\/b><\/p>\n<p>Redd for \u00e5 miste armen<\/p>\n<p>Sydney-helten har ogs\u00e5 gitt ord fra seg fra sykesengen.<\/p>\n<p>\u2013 Han angrer ikke p\u00e5 det han gjorde. Han sa at han hadde gjort det igjen. Men smertene har begynt \u00e5 t\u00e6re p\u00e5 ham, sier Sam Issa, Ahmeds advokat, til <a href=\"https:\/\/www.smh.com.au\/national\/nsw\/hero-bystander-tackles-gunman-in-incredible-footage-20251214-p5nnlb.html\" rel=\"nofollow noopener\" target=\"_blank\">The Sydney Morning Herald<\/a>.<\/p>\n<p>If\u00f8lge advokaten ble al-Ahmed skutt flere ganger og er i d\u00e5rlig forfatning etter hendelsen. Han er bekymret for \u00e5 miste venstrearmen sin, som skal ha blitt truffet av fem skudd.<\/p>\n<p>\u2013 Han er d\u00e5rligere enn ventet. N\u00e5r man ser for seg en kule i armen, s\u00e5 virker det ikke som alvorlige skader, men han har mistet mye blod, sier Issa.<\/p>\n<p>Ahmed kom til Australia fra Syria i 2006. Han er far til to og driver en tobakksforretning. Handlingene hans har blitt hyllet av flere, blant annet den australske statsministeren, som kaller ham en helt som har reddet flere liv.<\/p>\n","protected":false},"excerpt":{"rendered":"Al-Ahmed ble selv skutt og s\u00e5ret i Sydney-terroren da han snek seg mellom to biler og overmannet en&hellip;\n","protected":false},"author":2,"featured_media":113964,"comment_status":"","ping_status":"","sticky":false,"template":"","format":"standard","meta":{"footnotes":""},"categories":[12],"tags":[20,21,24,25,15,22,23,13,30,28,29,14,16,26,27,42,43,44,45],"class_list":{"0":"post-113963","1":"post","2":"type-post","3":"status-publish","4":"format-standard","5":"has-post-thumbnail","7":"category-verden","8":"tag-breaking-news","9":"tag-breakingnews","10":"tag-featured-news","11":"tag-featurednews","12":"tag-headlines","13":"tag-latest-news","14":"tag-latestnews","15":"tag-news","16":"tag-no","17":"tag-norge","18":"tag-norway","19":"tag-nyheter","20":"tag-overskrifter","21":"tag-top-stories","22":"tag-topstories","23":"tag-verden","24":"tag-world","25":"tag-world-news","26":"tag-worldnews"},"share_on_mastodon":{"url":"https:\/\/pubeurope.com\/@no\/115724625270018696","error":""},"_links":{"self":[{"href":"https:\/\/www.europesays.com\/no\/wp-json\/wp\/v2\/posts\/113963","targetHints":{"allow":["GET"]}}],"collection":[{"href":"https:\/\/www.europesays.com\/no\/wp-json\/wp\/v2\/posts"}],"about":[{"href":"https:\/\/www.europesays.com\/no\/wp-json\/wp\/v2\/types\/post"}],"author":[{"embeddable":true,"href":"https:\/\/www.europesays.com\/no\/wp-json\/wp\/v2\/users\/2"}],"replies":[{"embeddable":true,"href":"https:\/\/www.europesays.com\/no\/wp-json\/wp\/v2\/comments?post=113963"}],"version-history":[{"count":0,"href":"https:\/\/www.europesays.com\/no\/wp-json\/wp\/v2\/posts\/113963\/revisions"}],"wp:featuredmedia":[{"embeddable":true,"href":"https:\/\/www.europesays.com\/no\/wp-json\/wp\/v2\/media\/113964"}],"wp:attachment":[{"href":"https:\/\/www.europesays.com\/no\/wp-json\/wp\/v2\/media?parent=113963"}],"wp:term":[{"taxonomy":"category","embeddable":true,"href":"https:\/\/www.europesays.com\/no\/wp-json\/wp\/v2\/categories?post=113963"},{"taxonomy":"post_tag","embeddable":true,"href":"https:\/\/www.europesays.com\/no\/wp-json\/wp\/v2\/tags?post=113963"}],"curies":[{"name":"wp","href":"https:\/\/api.w.org\/{rel}","templated":true}]}}