{"id":113967,"date":"2025-12-15T17:04:15","date_gmt":"2025-12-15T17:04:15","guid":{"rendered":"https:\/\/www.europesays.com\/no\/113967\/"},"modified":"2025-12-15T17:04:15","modified_gmt":"2025-12-15T17:04:15","slug":"turistattraksjon-stengt","status":"publish","type":"post","link":"https:\/\/www.europesays.com\/no\/113967\/","title":{"rendered":"Turistattraksjon stengt"},"content":{"rendered":"<p class=\"kicker bg-cyan color_mobile_bg-cyan hasTextPadding mobile-hasTextPadding\" style=\"\">Reise<\/p>\n<p>  Kunstmuseet Louvre er mandag stengt p\u00e5 grunn av streik.<\/p>\n<p>\n    VENTER: Bes\u00f8kende m\u00e5 vente p\u00e5 utsiden av Louvre mandag morgen. Foto: NTB\n  <\/p>\n<p>&#8211; Vi er stengt. Kom tilbake om noen f\u00e5 timer, sa sikkerhetsvakter utenfor museet til det franske nyhetsbyr\u00e5et AFP mandag morgen.<\/p>\n<p>        F\u00c6RRE INGREDIENSER: \u00abClean label\u00bb-trenden er kjempestor og har n\u00e5 kommet til Norge. Video: Embla Hjort-Larsen<\/p>\n<p>P\u00e5 sine nettsider skrev museet at de kanskje \u00e5pner senere, og at noen utstillinger kom til \u00e5 v\u00e6re stengt i dag. Kort tid senere kom det melding om at de ansatte har stemt for en streik, og at museet dermed blir stengt hele mandagen.<\/p>\n<p class=\"font-weight-bold m-font-weight-bold\" data-lab-font_weight=\"font-weight-bold\">De ansatte og fagforeningene krever at det umiddelbart settes i gang renovasjon og at bemanningen \u00f8kes, skriver\u00a0<a href=\"https:\/\/www.theguardian.com\/world\/2025\/dec\/15\/louvre-museum-in-paris-faces-closure-as-unions-call-strike\" target=\"_blank\" rel=\"nofollow noopener\">The Guardian<\/a>.<\/p>\n<p>De protesterer ogs\u00e5 mot at billettprisene \u00f8kes for en rekke bes\u00f8kende fra utenfor EU, som britiske og amerikanske turister.<\/p>\n<p>Det verdenskjente kunstmuseet i den franske hovedstaden har v\u00e6rt rammet av flere kriser den siste tiden: Enn\u00e5 er ikke noen av kronjuvelene som ble stj\u00e5let 19. oktober funnet, og rundt 400 b\u00f8ker ble skadet i en vannlekkasje i avdelingen for egyptiske antikviteter.<\/p>\n","protected":false},"excerpt":{"rendered":"Reise Kunstmuseet Louvre er mandag stengt p\u00e5 grunn av streik. VENTER: Bes\u00f8kende m\u00e5 vente p\u00e5 utsiden av Louvre&hellip;\n","protected":false},"author":2,"featured_media":113968,"comment_status":"","ping_status":"","sticky":false,"template":"","format":"standard","meta":{"footnotes":""},"categories":[12],"tags":[20,21,24,25,1991,15,22,23,3998,13,30,28,29,14,16,1992,26,27,42,43,44,45],"class_list":{"0":"post-113967","1":"post","2":"type-post","3":"status-publish","4":"format-standard","5":"has-post-thumbnail","7":"category-verden","8":"tag-breaking-news","9":"tag-breakingnews","10":"tag-featured-news","11":"tag-featurednews","12":"tag-ferie","13":"tag-headlines","14":"tag-latest-news","15":"tag-latestnews","16":"tag-metadz","17":"tag-news","18":"tag-no","19":"tag-norge","20":"tag-norway","21":"tag-nyheter","22":"tag-overskrifter","23":"tag-reise","24":"tag-top-stories","25":"tag-topstories","26":"tag-verden","27":"tag-world","28":"tag-world-news","29":"tag-worldnews"},"share_on_mastodon":{"url":"https:\/\/pubeurope.com\/@no\/115724672380067803","error":""},"_links":{"self":[{"href":"https:\/\/www.europesays.com\/no\/wp-json\/wp\/v2\/posts\/113967","targetHints":{"allow":["GET"]}}],"collection":[{"href":"https:\/\/www.europesays.com\/no\/wp-json\/wp\/v2\/posts"}],"about":[{"href":"https:\/\/www.europesays.com\/no\/wp-json\/wp\/v2\/types\/post"}],"author":[{"embeddable":true,"href":"https:\/\/www.europesays.com\/no\/wp-json\/wp\/v2\/users\/2"}],"replies":[{"embeddable":true,"href":"https:\/\/www.europesays.com\/no\/wp-json\/wp\/v2\/comments?post=113967"}],"version-history":[{"count":0,"href":"https:\/\/www.europesays.com\/no\/wp-json\/wp\/v2\/posts\/113967\/revisions"}],"wp:featuredmedia":[{"embeddable":true,"href":"https:\/\/www.europesays.com\/no\/wp-json\/wp\/v2\/media\/113968"}],"wp:attachment":[{"href":"https:\/\/www.europesays.com\/no\/wp-json\/wp\/v2\/media?parent=113967"}],"wp:term":[{"taxonomy":"category","embeddable":true,"href":"https:\/\/www.europesays.com\/no\/wp-json\/wp\/v2\/categories?post=113967"},{"taxonomy":"post_tag","embeddable":true,"href":"https:\/\/www.europesays.com\/no\/wp-json\/wp\/v2\/tags?post=113967"}],"curies":[{"name":"wp","href":"https:\/\/api.w.org\/{rel}","templated":true}]}}