{"id":113971,"date":"2025-12-15T17:06:19","date_gmt":"2025-12-15T17:06:19","guid":{"rendered":"https:\/\/www.europesays.com\/no\/113971\/"},"modified":"2025-12-15T17:06:19","modified_gmt":"2025-12-15T17:06:19","slug":"mann-siktet-for-drap-i-orkland-ble-domt-for-drap-i-1999","status":"publish","type":"post","link":"https:\/\/www.europesays.com\/no\/113971\/","title":{"rendered":"Mann siktet for drap i Orkland \u2013 ble d\u00f8mt for drap i 1999"},"content":{"rendered":"\n<ul class=\"_list_o9xde_3 _list_64s2r_85 _unordered_o9xde_106 text-sans-m\">\n<li class=\"_item_o9xde_30\">J\u00f8rn Andersen (54) er siktet for drapet p\u00e5 en kvinne i 30-\u00e5rene i Orkland. <\/li>\n<li class=\"_item_o9xde_30\">Han er tidligere d\u00f8mt for \u00e5 ha drept Linn Charlott Nesblom (16) i 1999. Moren Helen Nesblom sier drapet minner om datterens skjebne.<\/li>\n<li class=\"_item_o9xde_30\">Andersen har ikke forklart seg til politiet, s\u00e5 det er uklart hvordan han stiller seg til drapssiktelsen. <\/li>\n<\/ul>\n<p>Vis mer <\/p>\n<p class=\"_paragraph_o9xde_4 _paragraph_xtcu6_10 layout-component text-serif-m layout-normal text-serif-m layout-padded\"><strong class=\"_strong_o9xde_25\">\u2013 Det var som \u00e5 v\u00e6re tilbake i 1999. <\/strong><\/p>\n<p class=\"_paragraph_o9xde_4 _paragraph_xtcu6_10 layout-component text-serif-m layout-normal text-serif-m layout-padded\">Det sier Helen Nesblom, mor til Linn Charlott Nesblom. <\/p>\n<p class=\"_paragraph_o9xde_4 _paragraph_xtcu6_10 layout-component text-serif-m layout-normal text-serif-m layout-padded\">Linn Charlott var 16 \u00e5r gammel da hun ble drept av den gang 28 \u00e5r gamle tidligere J\u00f8rn-Are Andersen S\u00e6le i 1999. Da ble han d\u00f8mt til fengsel i 15 \u00e5r. <\/p>\n<p class=\"_paragraph_o9xde_4 _paragraph_xtcu6_10 layout-component text-serif-m layout-normal text-serif-m layout-padded\">N\u00e5 er han 54 \u00e5r gammel, heter J\u00f8rn Andersen, og er if\u00f8lge VGs opplysninger siktet for et <a href=\"https:\/\/www.vg.no\/nyheter\/i\/q6ngEz\/opplysninger-til-vg-joern-andersen-siktet-for-drap-i-orkland\" data-track-element-type=\"Link\" data-track-id=\"link:q6ngEz\" class=\"_link_o9xde_39\" rel=\"nofollow noopener\" target=\"_blank\">nytt drap<\/a>. Denne gangen i Orkland i Tr\u00f8ndelag. <\/p>\n<p class=\"_paragraph_o9xde_4 _paragraph_xtcu6_10 layout-component text-serif-m layout-normal text-serif-m layout-padded\">\u2013 Jeg f\u00f8ler med de som n\u00e5 m\u00e5 oppleve dette her, det er tragisk, sier Nesblom til VG. <\/p>\n<p><img alt=\"Linn Charlott Nesblom  Foto: Privat\" class=\"_image_qp4xg_65 layout-component layout-normal\" data-fullscreen- data-track-element-type=\"Article image fullscreen\" data-track-name=\"ImageFullscreen\" decoding=\"async\" loading=\"lazy\" height=\"1008\" itemprop=\"image\"  src=\"https:\/\/www.europesays.com\/no\/wp-content\/uploads\/2025\/12\/7b10bc22-9ddd-4f1b-beda-45ad788a9f59\"  style=\"object-position:0% 0%\" width=\"756\"\/>Linn Charlott Nesblom  Foto: Privat<\/p>\n<p class=\"_paragraph_o9xde_4 _paragraph_xtcu6_10 layout-component text-serif-m layout-normal text-serif-m layout-padded\">L\u00f8rdag kveld ble en kvinne i 30-\u00e5rene funnet <a href=\"https:\/\/www.vg.no\/nyheter\/i\/5pVgd6\/en-kvinne-ble-funnet-drept-i-den-lille-bygda-ubegripelig\" data-track-element-type=\"Link\" data-track-id=\"link:5pVgd6\" class=\"_link_o9xde_39\" rel=\"nofollow noopener\" target=\"_blank\">d\u00f8d utend\u00f8rs i Orkland<\/a>. <\/p>\n<p class=\"_paragraph_o9xde_4 _paragraph_xtcu6_10 layout-component text-serif-m layout-normal text-serif-m layout-padded\">Det var et vitne som oppdaget den avd\u00f8de kvinnen og varslet politiet.<\/p>\n<p class=\"_paragraph_o9xde_4 _paragraph_xtcu6_10 layout-component text-serif-m layout-normal text-serif-m layout-padded\">Etter kort tid ble en mann i 50-\u00e5rene p\u00e5grepet og siktet for drap. Han ble if\u00f8lge VGs opplysninger p\u00e5grepet hjemme hos seg selv natt til s\u00f8ndag.<\/p>\n<p><img alt=\"Politiet p\u00e5 \u00e5stedet i Orkland natt til s\u00f8ndag.  Foto: Joakim Halvorsen \/ NTB\" class=\"_image_qp4xg_65 layout-component layout-normal\" data-fullscreen- data-track-element-type=\"Article image fullscreen\" data-track-name=\"ImageFullscreen\" decoding=\"async\" loading=\"lazy\" height=\"5504\" itemprop=\"image\"  src=\"https:\/\/www.europesays.com\/no\/wp-content\/uploads\/2025\/12\/d8ff3f57-41fe-471b-968c-ae672b250692\"  style=\"object-position:0% 0%\" width=\"8256\"\/>Politiet p\u00e5 \u00e5stedet i Orkland natt til s\u00f8ndag.  Foto: Joakim Halvorsen \/ NTB<\/p>\n<p class=\"_paragraph_o9xde_4 _paragraph_xtcu6_10 layout-component text-serif-m layout-normal text-serif-m layout-padded\">Tingretten opplyser til VG at han har samtykket til at fengslings\u00adm\u00f8tet g\u00e5r som kontor\u00adforretning mandag, som betyr at dommeren behandler sp\u00f8rsm\u00e5let uten oppm\u00f8te, men basert p\u00e5 sakens dokumenter.<\/p>\n<p>Kortvarig relasjon<\/p>\n<p class=\"_paragraph_o9xde_4 _paragraph_xtcu6_10 layout-component text-serif-m layout-normal text-serif-m layout-padded\">Politiet bekrefter mandag at \u00absiktede er tidligere d\u00f8mt for drap av en ekskj\u00e6reste i 1999 og senere d\u00f8mt til forvaring etter \u00e5 ha ut\u00f8vd vold og trusler mot en annen ekskj\u00e6reste i 2009.\u00bb<\/p>\n<p class=\"_paragraph_o9xde_4 _paragraph_xtcu6_10 layout-component text-serif-m layout-normal text-serif-m layout-padded\">Hvordan han stiller seg til siktelsen er ikke kjent.<\/p>\n<p class=\"_paragraph_o9xde_4 _paragraph_xtcu6_10 layout-component text-serif-m layout-normal text-serif-m layout-padded\">\u2013 Han \u00f8nsker ikke \u00e5 la seg avh\u00f8re. Vi etterforsker saken uavhengig av hans forklaring, sier politiadvokat Ole Andreas Aftret i Tr\u00f8ndelag politidistrikt til VG.<\/p>\n<p class=\"_paragraph_o9xde_4 _paragraph_xtcu6_10 layout-component text-serif-m layout-normal text-serif-m layout-padded\">If\u00f8lge\u00a0<a href=\"https:\/\/www.tv2.no\/nyheter\/innenriks\/hadde-ni-dager-i-frihet-sa-ble-han-siktet-for-drap\/18387023\/\" class=\"_link_o9xde_39\" rel=\"nofollow noopener\" target=\"_blank\">TV 2<\/a>\u00a0hadde Andersen nylig sluppet ut av fengsel etter \u00e5 ha sonet en promilledom og bare v\u00e6rt ute i ni dager f\u00f8r han ble p\u00e5grepet og siktet for drap.<\/p>\n<p class=\"_paragraph_o9xde_4 _paragraph_xtcu6_10 layout-component text-serif-m layout-normal text-serif-m layout-padded\">If\u00f8lge politiet skal det ha v\u00e6rt en relasjon mellom siktede og kvinnen.<\/p>\n<p class=\"_paragraph_o9xde_4 _paragraph_xtcu6_10 layout-component text-serif-m layout-normal text-serif-m layout-padded\">Han opplyser at politiet ikke har registrert noen saker mellom avd\u00f8de og siktede, og at den drepte kvinnen i 30-\u00e5rene ikke har v\u00e6rt i kontakt med politiet ang\u00e5ende den siktede.<\/p>\n<p class=\"_paragraph_o9xde_4 _paragraph_xtcu6_10 layout-component text-serif-m layout-normal text-serif-m layout-padded\">\u2013 Basert p\u00e5 opplysningene i saken fremst\u00e5r relasjonen \u00e5 ha v\u00e6rt kortvarig. Siktede har forel\u00f8pig valgt \u00e5 ikke avgi noen forklaring til politiet, s\u00e5 vi har derfor ikke kunnskap om hvordan han stiller seg til saken eller hvordan han s\u00e5 p\u00e5 relasjonen til avd\u00f8de, sier politiadvokaten.<\/p>\n<p class=\"_paragraph_o9xde_4 _paragraph_xtcu6_10 layout-component text-serif-m layout-normal text-serif-m layout-padded\">Aftret \u00f8nsker ikke \u00e5 si hvorvidt det er gjort beslag i noe v\u00e5pen. <\/p>\n<p class=\"_paragraph_o9xde_4 _paragraph_xtcu6_10 layout-component text-serif-m layout-normal text-serif-m layout-padded\"><strong class=\"_strong_o9xde_25\">\u2013 Jeg \u00f8nsker ikke \u00e5 si noe om hvordan drapet er utf\u00f8rt, utover at det er klart at hun er d\u00f8d som f\u00f8lge av skadene hun har blitt p\u00e5f\u00f8rt. <\/strong><\/p>\n<p class=\"_paragraph_o9xde_4 _paragraph_xtcu6_10 layout-component text-serif-m layout-normal text-serif-m layout-padded\">Han sier det er fordi den siktede ikke har blitt avh\u00f8rt.<\/p>\n<p class=\"_paragraph_o9xde_4 _paragraph_xtcu6_10 layout-component text-serif-m layout-normal text-serif-m layout-padded\">\u2013 Jeg synes det er helt for j\u00e6vlig, men jeg er ikke overrasket. Han er en farlig person og skulle aldri v\u00e6rt ute i samfunnet, sier Nesblom til VG. <\/p>\n<p class=\"_paragraph_o9xde_4 _paragraph_xtcu6_10 layout-component text-serif-m layout-normal text-serif-m layout-padded\">Hun forteller at hun fikk vite det s\u00f8ndag kveld gjennom et innlegg p\u00e5 sosiale medier. <\/p>\n<p class=\"_paragraph_o9xde_4 _paragraph_xtcu6_10 layout-component text-serif-m layout-normal text-serif-m layout-padded\">\u2013 Det var f\u00e6lt \u00e5 lese det. <\/p>\n<p>D\u00f8mt til fengsel<\/p>\n<p class=\"_paragraph_o9xde_4 _paragraph_xtcu6_10 layout-component text-serif-m layout-normal text-serif-m layout-padded\">Andersen var 27 \u00e5r gammel da han innledet er forhold til 14 \u00e5r gamle Linn Charlott, som p\u00e5 det tidspunktet bodde p\u00e5 hybel.<\/p>\n<p class=\"_paragraph_o9xde_4 _paragraph_xtcu6_10 layout-component text-serif-m layout-normal text-serif-m layout-padded\">I dommen fra H\u00e5logaland lagmanns\u00adrett heter det at forholdet vedvarte i varierende styrke frem til 11. september 1999. <\/p>\n<p class=\"_paragraph_o9xde_4 _paragraph_xtcu6_10 layout-component text-serif-m layout-normal text-serif-m layout-padded\">Den kvelden er han d\u00f8mt for \u00e5 ha opps\u00f8kt henne hjemme hos foreldrene. Der tok han halsgrep p\u00e5 henne, holdt henne fast og truet henne p\u00e5 livet. Volden hun ble utsatt for beskrives som mishandling av lagmanns\u00adretten.<\/p>\n<p class=\"_paragraph_o9xde_4 _paragraph_xtcu6_10 layout-component text-serif-m layout-normal text-serif-m layout-padded\">Retten fant det dokumentert at han ringte henne sv\u00e6rt mange ganger i det de beskriver som \u00abtelefon\u00adterror\u00bb, fram til draps\u00adkvelden noen uker senere.<\/p>\n<p><img alt=\"Linn Charlott ble stedt til hvile i november 1999.  Foto: Rune Stoltz Bertinussen \/ VG\" class=\"_image_qp4xg_65 layout-component layout-normal\" data-fullscreen- data-track-element-type=\"Article image fullscreen\" data-track-name=\"ImageFullscreen\" decoding=\"async\" loading=\"lazy\" height=\"1663\" itemprop=\"image\"  src=\"https:\/\/www.europesays.com\/no\/wp-content\/uploads\/2025\/12\/2513e3ed-4a6c-4771-bf75-c1afeff60d48\"  style=\"object-position:0% 0%\" width=\"2326\"\/>Linn Charlott ble stedt til hvile i november 1999.  Foto: Rune Stoltz Bertinussen \/ VG<\/p>\n<p class=\"_paragraph_o9xde_4 _paragraph_xtcu6_10 layout-component text-serif-m layout-normal text-serif-m layout-padded\">Etter episoden i september anmeldte Nesblom og hennes foreldre Andersen til politiet ved det lokale lensmanns\u00adkontoret. Denne anmeldelsen ble ikke fulgt opp, <a href=\"https:\/\/www.vg.no\/nyheter\/i\/MgRmjr\/purret-paa-lensmannskontoret\" data-track-element-type=\"Link\" data-track-id=\"link:MgRmjr\" class=\"_link_o9xde_39\" rel=\"nofollow noopener\" target=\"_blank\">har VG tidligere skrevet<\/a>.<\/p>\n<p class=\"_paragraph_o9xde_4 _paragraph_xtcu6_10 layout-component text-serif-m layout-normal text-serif-m layout-padded\">Det var i 22-tiden l\u00f8rdag den 6. november i 1999 at Andersen, bev\u00e6pnet med kniv og \u00f8ks, opps\u00f8kte Linn Charlott p\u00e5 en fest p\u00e5 Hasla gjesteg\u00e5rd i Mel\u00f8y.<\/p>\n<p class=\"_paragraph_o9xde_4 _paragraph_xtcu6_10 layout-component text-serif-m layout-normal text-serif-m layout-padded\">Han slo til en mannlig festdeltager gjentatte ganger f\u00f8r han knivdrepte Linn Charlott.<\/p>\n<p class=\"_paragraph_o9xde_4 _paragraph_xtcu6_10 layout-component text-serif-m layout-normal text-serif-m layout-padded\">B\u00e5de Andersen og aktoratet anket saken til H\u00e5logaland lagmannsrett: Andersen anket p\u00e5 skyldsp\u00f8rsm\u00e5let, mens p\u00e5talemyndigheten anket da de mente han skulle blitt d\u00f8mt strengere \u2013 til sikring. Dommen ble til slutt 15 \u00e5rs fengsel, som var ett \u00e5r lenger enn tingretten id\u00f8mte ham.<\/p>\n<p class=\"_paragraph_o9xde_4 _paragraph_xtcu6_10 layout-component text-serif-m layout-normal text-serif-m layout-padded\">Aktor i den saken, Geir Fornbo, mente S\u00e6le utf\u00f8rte drapet etter en <a href=\"https:\/\/www.vg.no\/nyheter\/i\/OnpmyV\/ikke-skyldig-i-drapet-paa-linn\" data-track-element-type=\"Link\" data-track-id=\"link:OnpmyV\" class=\"_link_o9xde_39\" rel=\"nofollow noopener\" target=\"_blank\">overveid <\/a>beslutning. <\/p>\n<p><img alt=\"Fakkeltog i 1999 for \u00e5 minnes den drepte Linn Charlott Nesblom.   Foto: Rune Stoltz Bertinussen \/ VG (arkiv)\" class=\"_image_qp4xg_65 layout-component layout-normal\" data-fullscreen- data-track-element-type=\"Article image fullscreen\" data-track-name=\"ImageFullscreen\" decoding=\"async\" loading=\"lazy\" height=\"1594\" itemprop=\"image\"  src=\"https:\/\/www.europesays.com\/no\/wp-content\/uploads\/2025\/12\/87bcd301-c43c-4726-bcfa-ba98720fdf08\"  style=\"object-position:0% 0%\" width=\"2407\"\/>Fakkeltog i 1999 for \u00e5 minnes den drepte Linn Charlott Nesblom.   Foto: Rune Stoltz Bertinussen \/ VG (arkiv)<\/p>\n<p class=\"_paragraph_o9xde_4 _paragraph_xtcu6_10 layout-component text-serif-m layout-normal text-serif-m layout-padded\">I 1999 ble det arrangert et fakkeltog for Linn Charlott i regi av medelever p\u00e5 Mel\u00f8y videreg\u00e5ende skole. Fremst i toget hadde de et stort bilde av henne.<\/p>\n<p class=\"_paragraph_o9xde_4 _paragraph_xtcu6_10 layout-component text-serif-m layout-normal text-serif-m layout-padded\">\u2013 Dette er v\u00e5r m\u00e5te \u00e5 hedre henne p\u00e5, sa en av initativtakerene da. <\/p>\n<p>D\u00f8mt for vold<\/p>\n<p class=\"_paragraph_o9xde_4 _paragraph_xtcu6_10 layout-component text-serif-m layout-normal text-serif-m layout-padded\">Mens han sonet for drapet, traff han en annen kvinne som han fikk et forhold til, viser rettsavgj\u00f8relser.<\/p>\n<p class=\"_paragraph_o9xde_4 _paragraph_xtcu6_10 layout-component text-serif-m layout-normal text-serif-m layout-padded\"><strong class=\"_strong_o9xde_25\">I 2011 ble han d\u00f8mt til forvaring i fire \u00e5r og seks m\u00e5neder for \u00e5 ha v\u00e6rt voldelig mot, kvalt og truet henne.<\/strong><\/p>\n<p class=\"_paragraph_o9xde_4 _paragraph_xtcu6_10 layout-component text-serif-m layout-normal text-serif-m layout-padded\">Tingrettens vurderinger fra \u00e5ret f\u00f8r var at det var fare for gjentagelse. Retten pekte p\u00e5 at til tross for at Andersen hadde sonet cirka ti \u00e5r i fengsel, forhindret ikke dette han fra \u00e5 beg\u00e5 en ny voldshandling.<\/p>\n<p class=\"_paragraph_o9xde_4 _paragraph_xtcu6_10 layout-component text-serif-m layout-normal text-serif-m layout-padded\">Da tiltalte ba om pr\u00f8vel\u00f8slatelse i 2012, fant retten at han p\u00e5 det tidspunktet ikke var moden for \u00e5 l\u00f8slates p\u00e5 pr\u00f8ve, men viste til at faren for gjentagelse etter hvert ville bli mindre n\u00e6rliggende, slik at pr\u00f8vel\u00f8slatelse ville v\u00e6re mulig f\u00f8r forvaringstiden l\u00f8p ut.<\/p>\n<p class=\"_paragraph_o9xde_4 _paragraph_xtcu6_10 layout-component text-serif-m layout-normal text-serif-m layout-padded\">Da forvaringssp\u00f8rsm\u00e5let l\u00e5 for retten i 2016, pekte lagmannsretten p\u00e5 at drapet i 1999 og voldsdommen fra 2011 hadde klare likhetstrekk.<\/p>\n<p class=\"_paragraph_o9xde_4 _paragraph_xtcu6_10 layout-component text-serif-m layout-normal text-serif-m layout-padded\">Det ble ogs\u00e5 vist til at han allerede i 20-\u00e5rene hadde blitt d\u00f8mt for vold og trusler mot en kj\u00e6reste. For dette ble han d\u00f8mt til seks m\u00e5neders fengsel.<\/p>\n<p class=\"_paragraph_o9xde_4 _paragraph_xtcu6_10 layout-component text-serif-m layout-normal text-serif-m layout-padded\">Likevel kom lagmannsretten i 2016 frem til at Andersen skulle l\u00f8slates fra forvaring, fordi de mente at de strenge vilk\u00e5rene for forvaring ikke var oppfylt.<\/p>\n","protected":false},"excerpt":{"rendered":"J\u00f8rn Andersen (54) er siktet for drapet p\u00e5 en kvinne i 30-\u00e5rene i Orkland. Han er tidligere d\u00f8mt&hellip;\n","protected":false},"author":2,"featured_media":113972,"comment_status":"","ping_status":"","sticky":false,"template":"","format":"standard","meta":{"footnotes":""},"categories":[5],"tags":[20,21,2320,24,25,15,19,148,22,23,17,18,13,30,28,29,14,16,26,27],"class_list":{"0":"post-113971","1":"post","2":"type-post","3":"status-publish","4":"format-standard","5":"has-post-thumbnail","7":"category-overskrifter","8":"tag-breaking-news","9":"tag-breakingnews","10":"tag-drap-i-norge","11":"tag-featured-news","12":"tag-featurednews","13":"tag-headlines","14":"tag-hovedoppslag","15":"tag-kriminalitet","16":"tag-latest-news","17":"tag-latestnews","18":"tag-main-news","19":"tag-mainnews","20":"tag-news","21":"tag-no","22":"tag-norge","23":"tag-norway","24":"tag-nyheter","25":"tag-overskrifter","26":"tag-top-stories","27":"tag-topstories"},"share_on_mastodon":{"url":"https:\/\/pubeurope.com\/@no\/115724680332192334","error":""},"_links":{"self":[{"href":"https:\/\/www.europesays.com\/no\/wp-json\/wp\/v2\/posts\/113971","targetHints":{"allow":["GET"]}}],"collection":[{"href":"https:\/\/www.europesays.com\/no\/wp-json\/wp\/v2\/posts"}],"about":[{"href":"https:\/\/www.europesays.com\/no\/wp-json\/wp\/v2\/types\/post"}],"author":[{"embeddable":true,"href":"https:\/\/www.europesays.com\/no\/wp-json\/wp\/v2\/users\/2"}],"replies":[{"embeddable":true,"href":"https:\/\/www.europesays.com\/no\/wp-json\/wp\/v2\/comments?post=113971"}],"version-history":[{"count":0,"href":"https:\/\/www.europesays.com\/no\/wp-json\/wp\/v2\/posts\/113971\/revisions"}],"wp:featuredmedia":[{"embeddable":true,"href":"https:\/\/www.europesays.com\/no\/wp-json\/wp\/v2\/media\/113972"}],"wp:attachment":[{"href":"https:\/\/www.europesays.com\/no\/wp-json\/wp\/v2\/media?parent=113971"}],"wp:term":[{"taxonomy":"category","embeddable":true,"href":"https:\/\/www.europesays.com\/no\/wp-json\/wp\/v2\/categories?post=113971"},{"taxonomy":"post_tag","embeddable":true,"href":"https:\/\/www.europesays.com\/no\/wp-json\/wp\/v2\/tags?post=113971"}],"curies":[{"name":"wp","href":"https:\/\/api.w.org\/{rel}","templated":true}]}}