{"id":113973,"date":"2025-12-15T17:07:12","date_gmt":"2025-12-15T17:07:12","guid":{"rendered":"https:\/\/www.europesays.com\/no\/113973\/"},"modified":"2025-12-15T17:07:12","modified_gmt":"2025-12-15T17:07:12","slug":"jeg-kan-ikke-ga-klassisk-nrk-sport-sportsnyheter-resultater-og-sendeplan","status":"publish","type":"post","link":"https:\/\/www.europesays.com\/no\/113973\/","title":{"rendered":"\u2013 Jeg kan ikke g\u00e5 klassisk \u2013 NRK Sport \u2013 Sportsnyheter, resultater og sendeplan"},"content":{"rendered":"<p>\u2013 Jeg h\u00e5per at vi f\u00e5r han inn som fullblods skil\u00f8per etter hvert, sier Arild Monsen.<\/p>\n<p>Utsagnet fra landslagstreneren kom da han m\u00f8tte NRK torsdag.<\/p>\n<p>Da hadde Einar Hedegart vunnet to av to renn p\u00e5 10 kilometer fristil denne sesongen.<\/p>\n<p>Siden den gang har det blitt tre av tre.<\/p>\n<p><img decoding=\"async\"   src=\"data:image\/gif;base64,R0lGODlhAQABAIAAAAAAAP\/\/\/yH5BAEAAAAALAAAAAABAAEAAAIBRAA7\" loading=\"eager\" alt=\"Einar Hedegart p\u00e5 kjelke\" title=\"Foto: Matthias Trinkl \/ Gepa Pictures\/Bildbyr\u00e5n\"\/><\/p>\n<p class=\"\">AKETUR: S\u00f8ndagens seier p\u00e5 intervallstart feiret Einar Hedegart p\u00e5 kjelken.<\/p>\n<p>Foto: Matthias Trinkl \/ Gepa Pictures\/Bildbyr\u00e5n<\/p>\n<p>Takker Monsen<\/p>\n<p>For \u00e5 bli det som Monsen kaller b\u00e5de \u00abhel\u00bb og \u00abfullblods\u00bb skil\u00f8per, mener treneren at 24-\u00e5ringen, som har v\u00e6rt mest kjent som skiskytter, ogs\u00e5 m\u00e5 begynne \u00e5 g\u00e5 klassisk stil.<\/p>\n<p>Det er et utspill som Hedegart smiler stort av.<\/p>\n<p><img decoding=\"async\"   src=\"data:image\/gif;base64,R0lGODlhAQABAIAAAAAAAP\/\/\/yH5BAEAAAAALAAAAAABAAEAAAIBRAA7\" loading=\"eager\" alt=\"\" title=\"Foto: GIAN EHRENZELLER \/ AP \/ NTB\"\/><\/p>\n<p class=\"\">KONGE P\u00c5 ENKELTSTART: I Davos vant Einar Hedegart med 11,7 sekunder ned til n\u00e6rmeste konkurrent.<\/p>\n<p>Foto: GIAN EHRENZELLER \/ AP \/ NTB<\/p>\n<p><strong>\u2013 Jeg takker og bukker for at jeg slipper \u00e5 bli \u00abfullblods\u00bb skil\u00f8per, svarer inder\u00f8yningen NRK n\u00e5r han f\u00e5r h\u00f8re hva treneren har sagt.<\/strong><\/p>\n<p>\u2013 Hva mener du med det?<\/p>\n<p>\u2013 Jeg lever for \u00e5 v\u00e6re skiskytter, og det blir vanskeligere og vanskeligere \u00e5 beholde den rollen for hver seier jeg tar n\u00e5, smiler Hedegart og fortsetter:<\/p>\n<p>\u2013 Men n\u00e5 har jo Monsen tydeligvis stilt seg bak meg og sagt at jeg m\u00e5 g\u00e5 klassisk f\u00f8r jeg er langrennsl\u00f8per.<\/p>\n<p>Ingen klassisk-planer<\/p>\n<p>Mellom linjene ligger svaret som mange har lurt p\u00e5.<\/p>\n<p><strong>Hedegart har p\u00e5 ingen m\u00e5te tenkt \u00e5 trene mer klassisk, og p\u00e5 den m\u00e5ten gj\u00f8re seg aktuell for alle disipliner i langrenn.<\/strong><\/p>\n<p>Han har trent et tosifret antall timer klassisk denne sesongen, uten at konkurranse har v\u00e6rt baktanken.<\/p>\n<p>\u2013 Det har bare v\u00e6rt for \u00e5 avlaste muskulaturen. N\u00e5 har jeg trent s\u00e5 lite klassisk at jeg nesten blir stiv og st\u00f8l dagen etter at jeg g\u00e5r en klassisk tur. S\u00e5 n\u00e5 virker det nesten motsatt.<\/p>\n<p>Sender svenske-stikk<\/p>\n<p>NRKs langrennsekspert mener prestasjonene til Hedegart i sesongstarten gj\u00f8r at han <a href=\"https:\/\/www.nrk.no\/sport\/hedegart-satt-langrennseliten-_-far-ikke-ol-billetten-i-dag-1.17691947\" ec-id=\"pp:article:1.17691947\" ec-name=\"burde f\u00e5 en plass i OL-troppen\" rel=\"nofollow noopener\" target=\"_blank\">burde f\u00e5 en plass i OL-troppen<\/a>.<\/p>\n<p>S\u00f8ndag \u00f8nsket ikke Monsens trenerkollega, Eirik Myhr Nossum, \u00e5 gi Hedegart gr\u00f8nt lys.<\/p>\n<p>Sp\u00f8rsm\u00e5let ble da i stedet om han ville bli tatt ut til Tour de Ski som begynner i romjulen. Der g\u00e5r flere av rennene i klassisk stil.<\/p>\n<p>\u2013 Det tror jeg ikke, svarte Nossum s\u00f8ndag, f\u00f8r han kom med en oppsiktsvekkende melding:<\/p>\n<p><strong>\u2013 Jeg er god til \u00e5 sk\u00f8yte, men vurderer meg selv som en bedre klassiskl\u00f8per enn han. Vi vil ikke TV-seerne s\u00e5 vondt, sa Nossum.<\/strong><\/p>\n<p><img decoding=\"async\"   src=\"data:image\/gif;base64,R0lGODlhAQABAIAAAAAAAP\/\/\/yH5BAEAAAAALAAAAAABAAEAAAIBRAA7\" loading=\"eager\" alt=\"Einar Hedegart og Eirik Myhr Nossum\" title=\"Foto: Geir Olsen \/ NTB\"\/><\/p>\n<p class=\"\">NYTT BEKJENTSKAP: Einar Hedegart er ikke en del av Eirik Myhr Nossums landslag denne sesongen. Verdenscupturene f\u00f8r jul har dermed blitt deres f\u00f8rste sammen. <\/p>\n<p>Foto: Geir Olsen \/ NTB<\/p>\n<p>Det stiller Hedegart seg bak.<\/p>\n<p>\u2013 Det tror jeg nok stemmer. Vi er nok p\u00e5 det niv\u00e5 der, sier hovedpersonen selv.<\/p>\n<p>\u2013 Hvor god vil du beskrive at du er i klassisk?<\/p>\n<p>\u2013 Ingen vet. Men jeg tror nok Nossum har trent mer klassisk enn meg i \u00e5r.<\/p>\n<p>\u2013 Hva vil du sammenligne niv\u00e5et ditt i klassisk med?<\/p>\n<p>\u2013 En mosjonist, kommer det fra Hedegart, f\u00f8r han f\u00e5r tenkt seg om noen sekunder:<\/p>\n<p><strong>\u2013 Poromaa. William Poromaa. Det tror jeg er ganske bra sammenligning, faktisk.<\/strong><\/p>\n<p><img decoding=\"async\"   src=\"data:image\/gif;base64,R0lGODlhAQABAIAAAAAAAP\/\/\/yH5BAEAAAAALAAAAAABAAEAAAIBRAA7\" loading=\"eager\" alt=\"William Poromaa\" title=\"Foto: BILDBYR\u00c5N\"\/><\/p>\n<p class=\"\">F\u00c5R H\u00d8RE DET: Toppresultatene har uteblitt for William Poromaa denne sesongen. Her fra januar da han tok sin f\u00f8rste verdenscupseier p\u00e5 20 kilometer klassisk fellesstart.<\/p>\n<p>Foto: BILDBYR\u00c5N<\/p>\n<p>Vil beholde skiskytter-tittelen<\/p>\n<p>Gjennom \u00e5ret har Hedegart kommet med flere ulike utspill om hvor mange prosent han er skiskytter versus langrennsl\u00f8per.<\/p>\n<p>Etter \u00e5 ha levert en svak nasjonal \u00e5pning i skiskyting, og fulgt opp med str\u00e5lende internasjonale resultater i langrenn er han n\u00e5 klokkeklar.<\/p>\n<p><strong>Han er 100 % langrennsl\u00f8per &#8230; Ut sesongen.<\/strong><\/p>\n<p>Etter det holder han begge mulighetene \u00e5pne.<\/p>\n<p>\u2013 Det er jo skiskytter jeg har v\u00e6rt hele livet, s\u00e5 dette er en helt ny greie, sier Hedegart.<\/p>\n<p>Han har ogs\u00e5 en annen grunn til \u00e5 holde p\u00e5 skiskytter-tittelen.<\/p>\n<p>\u2013 Det er artigere \u00e5 vinne som skiskytter i langrenn enn \u00e5 si at man er langrennsut\u00f8ver, sier kometen.<\/p>\n<p><img decoding=\"async\"   src=\"data:image\/gif;base64,R0lGODlhAQABAIAAAAAAAP\/\/\/yH5BAEAAAAALAAAAAABAAEAAAIBRAA7\" loading=\"eager\" alt=\"En ut\u00f8ver i vintersport b\u00e6rer en rifle mens hun g\u00e5r i sn\u00f8en. Hun er kledd i festdrakt med nummer 90. Det sn\u00f8r lett i omgivelsene, som gir en vinterlig atmosf\u00e6re. Bakgrunnen er preget av en uskarp sn\u00f8fylt landskap.\" title=\"Foto: Geir Olsen \/ NTB\"\/><\/p>\n<p class=\"\">HAR KASTET GEV\u00c6RET: Einar Hedegart er ferdig som skiskytter for sesongen.<\/p>\n<p>Foto: Geir Olsen \/ NTB<\/p>\n<p>For n\u00e5 er det sporten uten b\u00f8rse som gjelder.<\/p>\n<p>P\u00e5 tross av at Hedegart avviser muligheten for \u00e5 legge mer krefter i den klassiske stilarten, kan vi likevel f\u00e5 se han \u00e5 teste seg p\u00e5 ny\u00e5ret.<\/p>\n<p>\u2013 Jeg har vurdert \u00e5 stille p\u00e5 fellesstart med skibytte p\u00e5 NM bare for artig, men jeg har ingenting der \u00e5 gj\u00f8re, sier Hedegart.<\/p>\n<p>        St\u00e5le Solbakken: \u2013Jeg hater det<\/p>\n<p>    <img decoding=\"async\" class=\"playlist-item__img\" src=\"https:\/\/www.europesays.com\/no\/wp-content\/uploads\/2025\/12\/yySttM_laZA1gpvxWZWVcw2vyvuCpPYaA8HMt2L52Zdg.jpeg\"\/><br \/>\n     \u00abJinxer\u00bb Viking det med gull\u00f8let her<br \/>\n    00:39<\/p>\n<p>    <img decoding=\"async\" class=\"playlist-item__img\" src=\"https:\/\/www.europesays.com\/no\/wp-content\/uploads\/2025\/12\/8T8wo9gAULSdkm0hng4mdQqpl8NHrz4_ureOf9g97LhA.jpeg\"\/><br \/>\n     34 \u00e5r siden Viking tok gull<br \/>\n    01:08<\/p>\n<p>    <img decoding=\"async\" class=\"playlist-item__img\" src=\"https:\/\/www.europesays.com\/no\/wp-content\/uploads\/2025\/12\/wkEVta2glnNYKn7fuw5DvgHAEgT2Xe_VXCTURyRzZtsg.jpeg\"\/><br \/>\n     Feirer med \u00abgriddy\u00bb mot Brasil<br \/>\n    01:00<\/p>\n<p>\n          Vis flere\n        <\/p>\n<p>Publisert<\/p>\n<p>15.12.2025, kl. 17.21<\/p>\n","protected":false},"excerpt":{"rendered":"\u2013 Jeg h\u00e5per at vi f\u00e5r han inn som fullblods skil\u00f8per etter hvert, sier Arild Monsen. Utsagnet fra&hellip;\n","protected":false},"author":2,"featured_media":113974,"comment_status":"","ping_status":"","sticky":false,"template":"","format":"standard","meta":{"footnotes":""},"categories":[59],"tags":[30,28,29,83,82],"class_list":{"0":"post-113973","1":"post","2":"type-post","3":"status-publish","4":"format-standard","5":"has-post-thumbnail","7":"category-sport","8":"tag-no","9":"tag-norge","10":"tag-norway","11":"tag-sport","12":"tag-sports"},"share_on_mastodon":{"url":"https:\/\/pubeurope.com\/@no\/115724684149491256","error":""},"_links":{"self":[{"href":"https:\/\/www.europesays.com\/no\/wp-json\/wp\/v2\/posts\/113973","targetHints":{"allow":["GET"]}}],"collection":[{"href":"https:\/\/www.europesays.com\/no\/wp-json\/wp\/v2\/posts"}],"about":[{"href":"https:\/\/www.europesays.com\/no\/wp-json\/wp\/v2\/types\/post"}],"author":[{"embeddable":true,"href":"https:\/\/www.europesays.com\/no\/wp-json\/wp\/v2\/users\/2"}],"replies":[{"embeddable":true,"href":"https:\/\/www.europesays.com\/no\/wp-json\/wp\/v2\/comments?post=113973"}],"version-history":[{"count":0,"href":"https:\/\/www.europesays.com\/no\/wp-json\/wp\/v2\/posts\/113973\/revisions"}],"wp:featuredmedia":[{"embeddable":true,"href":"https:\/\/www.europesays.com\/no\/wp-json\/wp\/v2\/media\/113974"}],"wp:attachment":[{"href":"https:\/\/www.europesays.com\/no\/wp-json\/wp\/v2\/media?parent=113973"}],"wp:term":[{"taxonomy":"category","embeddable":true,"href":"https:\/\/www.europesays.com\/no\/wp-json\/wp\/v2\/categories?post=113973"},{"taxonomy":"post_tag","embeddable":true,"href":"https:\/\/www.europesays.com\/no\/wp-json\/wp\/v2\/tags?post=113973"}],"curies":[{"name":"wp","href":"https:\/\/api.w.org\/{rel}","templated":true}]}}