{"id":113975,"date":"2025-12-15T17:11:41","date_gmt":"2025-12-15T17:11:41","guid":{"rendered":"https:\/\/www.europesays.com\/no\/113975\/"},"modified":"2025-12-15T17:11:41","modified_gmt":"2025-12-15T17:11:41","slug":"nordkoreanske-soldater-ryddet-miner-i-kursk-kim-jong-un-hyller-innsatsen","status":"publish","type":"post","link":"https:\/\/www.europesays.com\/no\/113975\/","title":{"rendered":"Nordkoreanske soldater ryddet miner i Kursk: Kim Jong-un hyller innsatsen"},"content":{"rendered":"<p class=\"kicker t15 font-weight-bold m-font-weight-bold color_mobile_no_bg_color quaternary color_mobile_quaternary font-Trim text-case-transform-upper mobile-hasTextPadding\" style=\"\">Nyheter<\/p>\n<p>    Nord-Koreas leder Kim Jong-un sier landet sendte soldater for \u00e5 rydde miner i Kursk-regionen i Russland i \u00e5r, melder statlige nordkoreanske medier.<\/p>\n<p>\n        LEDER: Nordkoreas leder Kim Jong-un under en milit\u00e6rparade i oktober. Bildet er distribuert av nordkoreanske myndigheter.<br \/>\n        Foto: Korean Central News Agency\/Korea News Service via AP, NTB\n    <\/p>\n<p>Utsagnet fra lederen i det lukkede landet er en sjelden innr\u00f8mmelse fra nordkoreanske myndigheter av hvilke oppgaver soldatene deres har blitt tildelt under krigen i Ukraina.<\/p>\n<p>I en hyllest til et ingeni\u00f8rregiment som er kommet hjem, sier Kim at soldatene i pausene i mineryddingen skrev brev til byene og landsbyene de kommer fra, if\u00f8lge det statlige nyhetsbyr\u00e5et KCNA.<\/p>\n<p>Flere tusen nordkoreanske soldater bidro til \u00e5 stoppe en ukrainsk offensiv i Kursk-regionen forrige vinter. Nord-Korea er ogs\u00e5 en viktig leverand\u00f8r av artilleriammunisjon og andre v\u00e5pen til Russland.<\/p>\n","protected":false},"excerpt":{"rendered":"Nyheter Nord-Koreas leder Kim Jong-un sier landet sendte soldater for \u00e5 rydde miner i Kursk-regionen i Russland i&hellip;\n","protected":false},"author":2,"featured_media":113976,"comment_status":"","ping_status":"","sticky":false,"template":"","format":"standard","meta":{"footnotes":""},"categories":[12],"tags":[20,21,24,25,15,22,23,13,30,28,29,14,16,26,27,42,43,44,45],"class_list":{"0":"post-113975","1":"post","2":"type-post","3":"status-publish","4":"format-standard","5":"has-post-thumbnail","7":"category-verden","8":"tag-breaking-news","9":"tag-breakingnews","10":"tag-featured-news","11":"tag-featurednews","12":"tag-headlines","13":"tag-latest-news","14":"tag-latestnews","15":"tag-news","16":"tag-no","17":"tag-norge","18":"tag-norway","19":"tag-nyheter","20":"tag-overskrifter","21":"tag-top-stories","22":"tag-topstories","23":"tag-verden","24":"tag-world","25":"tag-world-news","26":"tag-worldnews"},"share_on_mastodon":{"url":"https:\/\/pubeurope.com\/@no\/115724699832694671","error":""},"_links":{"self":[{"href":"https:\/\/www.europesays.com\/no\/wp-json\/wp\/v2\/posts\/113975","targetHints":{"allow":["GET"]}}],"collection":[{"href":"https:\/\/www.europesays.com\/no\/wp-json\/wp\/v2\/posts"}],"about":[{"href":"https:\/\/www.europesays.com\/no\/wp-json\/wp\/v2\/types\/post"}],"author":[{"embeddable":true,"href":"https:\/\/www.europesays.com\/no\/wp-json\/wp\/v2\/users\/2"}],"replies":[{"embeddable":true,"href":"https:\/\/www.europesays.com\/no\/wp-json\/wp\/v2\/comments?post=113975"}],"version-history":[{"count":0,"href":"https:\/\/www.europesays.com\/no\/wp-json\/wp\/v2\/posts\/113975\/revisions"}],"wp:featuredmedia":[{"embeddable":true,"href":"https:\/\/www.europesays.com\/no\/wp-json\/wp\/v2\/media\/113976"}],"wp:attachment":[{"href":"https:\/\/www.europesays.com\/no\/wp-json\/wp\/v2\/media?parent=113975"}],"wp:term":[{"taxonomy":"category","embeddable":true,"href":"https:\/\/www.europesays.com\/no\/wp-json\/wp\/v2\/categories?post=113975"},{"taxonomy":"post_tag","embeddable":true,"href":"https:\/\/www.europesays.com\/no\/wp-json\/wp\/v2\/tags?post=113975"}],"curies":[{"name":"wp","href":"https:\/\/api.w.org\/{rel}","templated":true}]}}