{"id":113987,"date":"2025-12-15T17:21:15","date_gmt":"2025-12-15T17:21:15","guid":{"rendered":"https:\/\/www.europesays.com\/no\/113987\/"},"modified":"2025-12-15T17:21:15","modified_gmt":"2025-12-15T17:21:15","slug":"kan-ikke-snakke-om-hemmelige-ting","status":"publish","type":"post","link":"https:\/\/www.europesays.com\/no\/113987\/","title":{"rendered":"&#8211; Kan ikke snakke om hemmelige ting"},"content":{"rendered":"<p>  Kajsa Vickhoff Lie (27) m\u00e5 passe p\u00e5 hva hun sier i n\u00e6rheten av Aksel Lund Svindal (42) og Lindsey Vonn (41).<\/p>\n<p>\n    NORSK HJELP: Lindsey Vonn f\u00e5r hjelp av Aksel Lund Svindal denne sesongen. Kajsa Vickhoff Lie sier hun er glad for at nordmannen er tilbake i bakkenn, men m\u00e5 passe p\u00e5 hva hun sier. Foto: Luciano Bisi \/ AP \/ NTB\n  <\/p>\n<p>L\u00f8rdag ble Lindsey Vonn historisk som den eldste verdenscupvinneren p\u00e5 kvinnesiden i alpint.<\/p>\n<p>Amerikaneren suste ned til seier i utforen i St. Moritz og<a href=\"https:\/\/www.dagbladet.no\/sport\/i-tarer-etter-sensasjon-verste-jeg-har-sett\/83975903\" rel=\"nofollow noopener\" target=\"_blank\"> tok sin 83. verdenscupseier<\/a> &#8211; den 44. i utfor.<\/p>\n<p class=\"font-weight-bold m-font-weight-bold\" data-lab-font_weight=\"font-weight-bold\">Umiddelbart etter triumfen trakk Vonn fram Aksel Lund Svindal, som f\u00f8r denne sesongen<a href=\"https:\/\/www.dagbladet.no\/sport\/dette-kan-bli-mitt-nye-eventyr\/83796319\" rel=\"nofollow noopener\" target=\"_blank\"> kom inn i teamet til den amerikanske alpinlegenden<\/a>.<\/p>\n<p>&#8211; Vi har jobbet veldig hardt, hele teamet. Jeg ansatte Aksel Lund Svindal, og vi som lag har jobbet veldig hardt, sa 41-\u00e5ringen.<\/p>\n<p>        LER: Alpinist Aksel Lund Svindal og friidrettsut\u00f8ver Amalie Iuel var de f\u00f8rste som gikk inn til gallamiddagen p\u00e5 Slottet 14. mai. Det er ikke bare, bare &#8230; Video: NRK<\/p>\n<p> Med det har norske Aksel Lund Svindal bidratt til \u00e5 hjelpe Vonn tilbake til toppen. Det er det flere som synes er litt spesielt. I det kommende OL kan situasjonen bli at Vonn tar gull for USA foran konkurrenten Kajsa Vickhoff Lie &#8211; med hjelp fra Svindal. <\/p>\n<p>&#8211; Det er en spesiell duo. Jeg pr\u00f8ver \u00e5 ta tak i Aksel for \u00e5 sjekke om han har noen tips til meg ogs\u00e5. Det er han veldig \u00e5pen for, sa Vickhoff Lie til Dagbladet p\u00e5 en pressekonferanse to dager f\u00f8r utforrennet i St. Moritz.<\/p>\n<p>    <a itemprop=\"url\" href=\"https:\/\/www.dagbladet.no\/sport\/dette-kan-bli-mitt-nye-eventyr\/83796319\" rel=\"nofollow noopener\" target=\"_blank\"><\/p>\n<p>        <img loading=\"lazy\" decoding=\"async\" src=\"https:\/\/www.europesays.com\/no\/wp-content\/uploads\/2025\/12\/83796406.webp\" width=\"980\" height=\"441\" title=\"- Dette kan bli mitt nye eventyr\" alt=\"\" class=\"lazyload\" style=\"--aspect-ratio-image: 2.22; \"\/><\/p>\n<p>        &#8211; Dette kan bli mitt nye eventyr<\/p>\n<p>    <\/a><\/p>\n<p>Selv om 27-\u00e5ringen synes det er stas \u00e5 ha Svindal tilbake i sirkuset, er ikke alt rosenr\u00f8dt.<\/p>\n<p>&#8211; Det er spesielt. Man kan ikke snakke om hemmelige ting oss nordmenn imellom i bakken lenger, for da skj\u00f8nner man at det er en annen jente som f\u00e5r det med seg p\u00e5 grunn av det norske spr\u00e5ket. Der m\u00e5 vi v\u00e6re mer obs dersom det er taktiske ting vi h\u00e5per ingen andre h\u00f8rer.<\/p>\n<p>        <img loading=\"lazy\" decoding=\"async\" src=\"https:\/\/www.europesays.com\/no\/wp-content\/uploads\/2025\/12\/83985349.webp\" width=\"980\" height=\"559\" title=\"M\u00c5 PASSE P\u00c5: Kajsa Vickhoff Lie sier at hun ikke lenger kan snakke h\u00f8yt om taktiske vurderinger dersom Aksel Lund Svindal er i n\u00e6rheten. Foto: Geir Olsen \/ NTB\" alt=\"\" class=\"\" style=\"--aspect-ratio-image: 1.75; \"\/><\/p>\n<p>\n        M\u00c5 PASSE P\u00c5: Kajsa Vickhoff Lie sier at hun ikke lenger kan snakke h\u00f8yt om taktiske vurderinger dersom Aksel Lund Svindal er i n\u00e6rheten. Foto: Geir Olsen \/ NTB\n    <\/p>\n<p>Svindals eks-lagkamerat Aleksander Aamodt Kilde har tidligere sagt at han aller helst skulle sett at Svindal hjalp de norske ut\u00f8verne. Overfor Dagbladet forteller han om samtaler de har hatt etter at samarbeidet med Vonn ble kjent.<\/p>\n<p class=\"font-weight-bold m-font-weight-bold\" data-lab-font_weight=\"font-weight-bold\">&#8211; Han sa det var fint at jeg var \u00e6rlig om det. Han er ogs\u00e5 veldig inneforst\u00e5tt med hva han har gjort. Det er den eneste kommentaren jeg har i dag. Vi har et veldig godt forhold, og han f\u00f8lger meg veldig tett, sier Kilde til Dagbladet.<\/p>\n<p>P\u00e5 sp\u00f8rsm\u00e5l til Vickhoff Lie om hun tror det blir like lett \u00e5 f\u00e5 tips fra Svindal jo n\u00e6rmere OL man kommer, svarer hun:<\/p>\n<p>&#8211; Det skader ikke \u00e5 sp\u00f8rre, men s\u00e5 er det han som m\u00e5 velge om han vil svare eller ikke.<\/p>\n<p>        UNDERCOVER: Filmet av skjult kamera tok Lindsay Vonn plass bak billettluka i Vail Ski Resort, uten at folk skj\u00f8nte at det kj\u00f8pte billetter av en olympisk mester. Video: Vail Ski Resort<\/p>\n<p>Lund Svindal har ikke besvart Dagbladets henvendelse i denne saken. Overfor\u00a0<a href=\"https:\/\/www.tv2.no\/sport\/stusser-over-svindal-skulle-onske-han-valgte-en-annen-retning\/18254166\/\" rel=\"nofollow noopener\" target=\"_blank\">TV 2<\/a>\u00a0har han tidligere sagt at det ikke er noen tvil om at hjertet hans ligger hos det norske laget.<\/p>\n<p>&#8211; Det har ikke v\u00e6rt aktuelt for meg \u00e5 g\u00e5 inn i noe trenerteam noe sted. Men s\u00e5 har jeg aldri blitt spurt av noen heller, ikke f\u00f8r Lindsey og Head tok kontakt. Og jeg m\u00e5 innr\u00f8mme at jeg ble litt overrasket da jeg merket at jeg syntes utfordringen var fristende. Jeg synes det er en unik mulighet til \u00e5 bidra med kompetanse mot et veldig konkret m\u00e5l. <\/p>\n","protected":false},"excerpt":{"rendered":"Kajsa Vickhoff Lie (27) m\u00e5 passe p\u00e5 hva hun sier i n\u00e6rheten av Aksel Lund Svindal (42) og&hellip;\n","protected":false},"author":2,"featured_media":113988,"comment_status":"","ping_status":"","sticky":false,"template":"","format":"standard","meta":{"footnotes":""},"categories":[59],"tags":[248,249,9805,247,30,28,29,83,82],"class_list":{"0":"post-113987","1":"post","2":"type-post","3":"status-publish","4":"format-standard","5":"has-post-thumbnail","7":"category-sport","8":"tag-aksel-lund-svindal","9":"tag-alpint","10":"tag-kajsa-vickhoff-lie","11":"tag-lindsey-vonn","12":"tag-no","13":"tag-norge","14":"tag-norway","15":"tag-sport","16":"tag-sports"},"share_on_mastodon":{"url":"https:\/\/pubeurope.com\/@no\/115724739335483693","error":""},"_links":{"self":[{"href":"https:\/\/www.europesays.com\/no\/wp-json\/wp\/v2\/posts\/113987","targetHints":{"allow":["GET"]}}],"collection":[{"href":"https:\/\/www.europesays.com\/no\/wp-json\/wp\/v2\/posts"}],"about":[{"href":"https:\/\/www.europesays.com\/no\/wp-json\/wp\/v2\/types\/post"}],"author":[{"embeddable":true,"href":"https:\/\/www.europesays.com\/no\/wp-json\/wp\/v2\/users\/2"}],"replies":[{"embeddable":true,"href":"https:\/\/www.europesays.com\/no\/wp-json\/wp\/v2\/comments?post=113987"}],"version-history":[{"count":0,"href":"https:\/\/www.europesays.com\/no\/wp-json\/wp\/v2\/posts\/113987\/revisions"}],"wp:featuredmedia":[{"embeddable":true,"href":"https:\/\/www.europesays.com\/no\/wp-json\/wp\/v2\/media\/113988"}],"wp:attachment":[{"href":"https:\/\/www.europesays.com\/no\/wp-json\/wp\/v2\/media?parent=113987"}],"wp:term":[{"taxonomy":"category","embeddable":true,"href":"https:\/\/www.europesays.com\/no\/wp-json\/wp\/v2\/categories?post=113987"},{"taxonomy":"post_tag","embeddable":true,"href":"https:\/\/www.europesays.com\/no\/wp-json\/wp\/v2\/tags?post=113987"}],"curies":[{"name":"wp","href":"https:\/\/api.w.org\/{rel}","templated":true}]}}