{"id":113999,"date":"2025-12-15T17:34:12","date_gmt":"2025-12-15T17:34:12","guid":{"rendered":"https:\/\/www.europesays.com\/no\/113999\/"},"modified":"2025-12-15T17:34:12","modified_gmt":"2025-12-15T17:34:12","slug":"vi-har-ulike-syn","status":"publish","type":"post","link":"https:\/\/www.europesays.com\/no\/113999\/","title":{"rendered":"\u2013 Vi har ulike syn"},"content":{"rendered":"\n<p class=\"_lead_o9xde_2 _lead_xtcu6_50 layout-component text-serif-m layout-normal text-serif-l layout-component layout-wide layout-padded _wide_17hqh_1 layout-padded\">Stridssp\u00f8rsm\u00e5lene om territorier er \u00absmertefulle\u00bb, sier den ukrainske presidenten. <\/p>\n<p><img alt=\" Foto: CLEMENS BILAN \/ EPA \/ NTB\" class=\"_image_qp4xg_65 layout-component layout-wide\" data-fullscreen- data-track-element-type=\"Article image fullscreen\" data-track-name=\"ImageFullscreen\" fetchpriority=\"high\" decoding=\"sync\" loading=\"eager\" height=\"4732\" itemprop=\"image\"  src=\"https:\/\/www.europesays.com\/no\/wp-content\/uploads\/2025\/12\/070fd274-be9d-4360-b678-c2b21292c622\"  style=\"object-position:0% 0%\" width=\"7095\"\/> Foto: CLEMENS BILAN \/ EPA \/ NTB<\/p>\n<ul aria-hidden=\"true\" class=\"_images_ntbth_112\">\n<li><a class=\"_link_ntbth_117\" href=\"https:\/\/www.vg.no\/forfatter\/einar-torkelsen\" style=\"z-index:1\" title=\"Einar Torkelsen\" rel=\"nofollow noopener\" target=\"_blank\"><img alt=\"Bilde av Einar Torkelsen\" class=\"_image_ntbth_93\" fetchpriority=\"low\" loading=\"lazy\" decoding=\"async\" itemprop=\"image\"  src=\"https:\/\/www.europesays.com\/no\/wp-content\/uploads\/2025\/12\/1765820049_590_f6016772-ddbc-43d2-b733-41afc7cc9046\"  width=\"480\"\/><\/a><\/li>\n<\/ul>\n<p> Oppdatert mandag 15. desember kl. 18:23     <\/p>\n<p class=\"_paragraph_o9xde_4 _paragraph_xtcu6_10 layout-component text-serif-m layout-normal text-serif-m layout-padded\">De siste ukene har det p\u00e5g\u00e5tt samtaler om en mulig fredsplan for krigen i <a href=\"https:\/\/www.vg.no\/tag\/ukraina?utm_source=vg-article&amp;utm_medium=auto-tagger&amp;utm_campaign=0pE6X6\" class=\"_link_o9xde_39\" rel=\"nofollow noopener\" target=\"_blank\">Ukraina<\/a>. <\/p>\n<p class=\"_paragraph_o9xde_4 _paragraph_xtcu6_10 layout-component text-serif-m layout-normal text-serif-m layout-padded\">Mandag m\u00f8ttes blant andre Ukrainas president Volodymyr Zelenskyj, USAs spesialutsending Steve Witkoff og Tysklands forbundskansler Friedrich Merz til nye samtaler i Berlin. <\/p>\n<p class=\"_paragraph_o9xde_4 _paragraph_xtcu6_10 layout-component text-serif-m layout-normal text-serif-m layout-padded\">Sentralt for fredssamtalene er b\u00e5de sp\u00f8rsm\u00e5let om hvorvidt Ukraina skal avst\u00e5 territorier til Russland, og hva slags sikkerhetsgarantier landet skal f\u00e5 etter krigen. <\/p>\n<p class=\"_paragraph_o9xde_4 _paragraph_xtcu6_10 layout-component text-serif-m layout-normal text-serif-m layout-padded\">Ukrainas president Volodymyr Zelenskyj sier at samtalene skal fortsette.<\/p>\n<p class=\"_paragraph_o9xde_4 _paragraph_xtcu6_10 layout-component text-serif-m layout-normal text-serif-m layout-padded\">\u2013 Vi har ulike syn p\u00e5 sp\u00f8rsm\u00e5let om territorier, sier presidenten. <\/p>\n<p><img alt=\"Zelenskyj sammen med den ukrainske, amerikanske og tyske delegasjonen.   Foto: Ukrainian Presidential Press Service \/ Reuters \/ NTB\" class=\"_image_qp4xg_65 layout-component layout-normal\" data-fullscreen- data-track-element-type=\"Article image fullscreen\" data-track-name=\"ImageFullscreen\" decoding=\"async\" loading=\"lazy\" height=\"1366\" itemprop=\"image\"  src=\"https:\/\/www.europesays.com\/no\/wp-content\/uploads\/2025\/12\/b8736a54-7dad-42af-96cb-08a94ed730e4\"  style=\"object-position:0% 0%\" width=\"2048\"\/>Zelenskyj sammen med den ukrainske, amerikanske og tyske delegasjonen.   Foto: Ukrainian Presidential Press Service \/ Reuters \/ NTB<\/p>\n<p class=\"_paragraph_o9xde_4 _paragraph_xtcu6_10 layout-component text-serif-m layout-normal text-serif-m layout-padded\">Han legger til at problemstillingene rundt territorier er \u00absmertefulle\u00bb. <\/p>\n<p class=\"_paragraph_o9xde_4 _paragraph_xtcu6_10 layout-component text-serif-m layout-normal text-serif-m layout-padded\">\u2013 Ukraina trenger en klar forst\u00e5else av sikkerhetsgarantier f\u00f8r vi kan ta beslutninger som gjelder frontlinjene, sier Zelenskyj. <\/p>\n<p>\u2013 Reell fremgang<\/p>\n<p class=\"_paragraph_o9xde_4 _paragraph_xtcu6_10 layout-component text-serif-m layout-normal text-serif-m layout-padded\">USAs spesialutsending Steve Witkoff var positiv etter mandagens samtaler. <\/p>\n<p class=\"_paragraph_o9xde_4 _paragraph_xtcu6_10 layout-component text-serif-m layout-normal text-serif-m layout-padded\">\u2013 Det er mye fremgang i Ukraina-samtalene, sier han.<\/p>\n<p><img decoding=\"async\" alt=\"Bilde av Steve Witkoff\" class=\"_image_ygndg_42\" height=\"27\" itemprop=\"image\" loading=\"lazy\"  src=\"https:\/\/www.europesays.com\/no\/wp-content\/uploads\/2025\/12\/719b2a80-208a-4483-b8bc-bb639f8512c0\"  width=\"40\"\/><strong class=\"_name_ygndg_51 title-serif-xs\">Steve Witkoff<\/strong><\/p>\n<p class=\"_paragraph_o9xde_4 text-sans-m _description_ygndg_56\">USAS spesialutsending til Ukraina<\/p>\n<p class=\"_paragraph_o9xde_4 _paragraph_xtcu6_10 layout-component text-serif-m layout-normal text-serif-m layout-padded\">Ogs\u00e5 Ukrainas forhandlingsleder Rustem Umerov skriver p\u00e5 X at forhandlingene, som p\u00e5g\u00e5r i Berlin, har v\u00e6rt konstruktive og produktive.<\/p>\n<p class=\"_paragraph_o9xde_4 _paragraph_xtcu6_10 layout-component text-serif-m layout-normal text-serif-m layout-padded\">\u2013 Vi har oppn\u00e5dd reell fremgang, skriver han. <\/p>\n<p class=\"_paragraph_o9xde_4 _paragraph_xtcu6_10 layout-component text-serif-m layout-normal text-serif-m layout-padded\">En anonym amerikansk kilde sier til nyhetsbyr\u00e5et Reuters at 90 prosent av sp\u00f8rsm\u00e5lene knyttet til Russland og Ukraina n\u00e5 er l\u00f8st. <\/p>\n<p class=\"_paragraph_o9xde_4 _paragraph_xtcu6_10 layout-component text-serif-m layout-normal text-serif-m layout-padded\">Tysklands forbundskansler Friedrich Merz sier ogs\u00e5 at det er fremgang.<\/p>\n<p class=\"_paragraph_o9xde_4 _paragraph_xtcu6_10 layout-component text-serif-m layout-normal text-serif-m layout-padded\">\u2013 Det er sjanse for en ekte fredsprosess, den st\u00f8rste siden krigen startet, sier han. <\/p>\n<p><img decoding=\"async\" alt=\"Bilde av Friedrich Merz\" class=\"_image_ygndg_42\" height=\"27\" itemprop=\"image\" loading=\"lazy\"  src=\"https:\/\/www.europesays.com\/no\/wp-content\/uploads\/2025\/12\/0126314e-2aa9-48da-b254-fbe73eba64c6\"  width=\"40\"\/><strong class=\"_name_ygndg_51 title-serif-xs\">Friedrich Merz<\/strong><\/p>\n<p class=\"_paragraph_o9xde_4 text-sans-m _description_ygndg_56\">Forbundskansler i Tyskland<\/p>\n<p>Trump tror p\u00e5 sikkerhetsgaranti<\/p>\n<p class=\"_paragraph_o9xde_4 _paragraph_xtcu6_10 layout-component text-serif-m layout-normal text-serif-m layout-padded\">En av de st\u00f8rste utfordringene i fredssamtalene har v\u00e6rt rundt territorielle sp\u00f8rsm\u00e5l, og hvorvidt Ukraina skal avst\u00e5 territorier til Russland eller ikke. <\/p>\n<p class=\"_paragraph_o9xde_4 _paragraph_xtcu6_10 layout-component text-serif-m layout-normal text-serif-m layout-padded\">En annen viktig problemstilling er hva slags sikkerhetsgarantier Ukraina skal f\u00e5, blant annet fra USA. <\/p>\n<p><img alt=\"Zelenskyj og Merz p\u00e5 en pressekonferanse.   Foto: Liesa Johannssen \/ Reuters \/ NTB\" class=\"_image_qp4xg_65 layout-component layout-normal\" data-fullscreen- data-track-element-type=\"Article image fullscreen\" data-track-name=\"ImageFullscreen\" decoding=\"async\" loading=\"lazy\" height=\"3520\" itemprop=\"image\"  src=\"https:\/\/www.europesays.com\/no\/wp-content\/uploads\/2025\/12\/f7380a0a-fd12-48ae-9a60-20a26de49ed4\"  style=\"object-position:0% 0%\" width=\"5280\"\/>Zelenskyj og Merz p\u00e5 en pressekonferanse.   Foto: Liesa Johannssen \/ Reuters \/ NTB<\/p>\n<p class=\"_paragraph_o9xde_4 _paragraph_xtcu6_10 layout-component text-serif-m layout-normal text-serif-m layout-padded\">Tidligere har europeiske ledere foresl\u00e5tt at USA gir Ukraina sikkerhetsgarantier som tilsvarer artikkel 5artikkel 5Artikkel 5 i Nato-traktaten inneb\u00e6rer at et angrep mot ett Nato-land skal regnes som et angrep mot hele Nato.  i Nato-traktaten.<\/p>\n<p class=\"_paragraph_o9xde_4 _paragraph_xtcu6_10 layout-component text-serif-m layout-normal text-serif-m layout-padded\">Mandag sier den amerikanske kilden at president Donald Trump tror at han kan f\u00e5 Russland kan med p\u00e5 dette. <\/p>\n<p class=\"_paragraph_o9xde_4 _paragraph_xtcu6_10 layout-component text-serif-m layout-normal text-serif-m layout-padded\">I november la USA frem en 28 punkts plan, som m\u00f8tte mye kritikk, blant annet fra Europa. Dette var de st\u00f8rste stridstemaene:<\/p>\n<p>    <img decoding=\"async\" alt=\"Tips oss illustrasjon\" src=\"https:\/\/www.europesays.com\/no\/wp-content\/uploads\/2025\/10\/pssst-small.webp.webp\"\/>    <\/p>\n<p class=\"title-serif-s\">Har du tips?<\/p>\n<p class=\"text-sans-m\">Send oss informasjon, bilder eller video.<\/p>\n<p>  <a href=\"https:\/\/www.vg.no\/tips-oss\" rel=\"nofollow noopener\" target=\"_blank\"> Tips oss <\/a>      <\/p>\n","protected":false},"excerpt":{"rendered":"Stridssp\u00f8rsm\u00e5lene om territorier er \u00absmertefulle\u00bb, sier den ukrainske presidenten. Foto: CLEMENS BILAN \/ EPA \/ NTB Oppdatert mandag&hellip;\n","protected":false},"author":2,"featured_media":114000,"comment_status":"","ping_status":"","sticky":false,"template":"","format":"standard","meta":{"footnotes":""},"categories":[5],"tags":[353,31,20,21,55,24,25,176,15,19,179,22,23,17,18,13,30,28,29,14,16,363,26,27,489,488],"class_list":{"0":"post-113999","1":"post","2":"type-post","3":"status-publish","4":"format-standard","5":"has-post-thumbnail","7":"category-overskrifter","8":"tag-berlin","9":"tag-breaking","10":"tag-breaking-news","11":"tag-breakingnews","12":"tag-donald-trump","13":"tag-featured-news","14":"tag-featurednews","15":"tag-friedrich-merz","16":"tag-headlines","17":"tag-hovedoppslag","18":"tag-krigen-i-ukraina","19":"tag-latest-news","20":"tag-latestnews","21":"tag-main-news","22":"tag-mainnews","23":"tag-news","24":"tag-no","25":"tag-norge","26":"tag-norway","27":"tag-nyheter","28":"tag-overskrifter","29":"tag-steve-witkoff","30":"tag-top-stories","31":"tag-topstories","32":"tag-ukraina","33":"tag-volodymyr-zelenskyj"},"share_on_mastodon":{"url":"https:\/\/pubeurope.com\/@no\/115724790599595421","error":""},"_links":{"self":[{"href":"https:\/\/www.europesays.com\/no\/wp-json\/wp\/v2\/posts\/113999","targetHints":{"allow":["GET"]}}],"collection":[{"href":"https:\/\/www.europesays.com\/no\/wp-json\/wp\/v2\/posts"}],"about":[{"href":"https:\/\/www.europesays.com\/no\/wp-json\/wp\/v2\/types\/post"}],"author":[{"embeddable":true,"href":"https:\/\/www.europesays.com\/no\/wp-json\/wp\/v2\/users\/2"}],"replies":[{"embeddable":true,"href":"https:\/\/www.europesays.com\/no\/wp-json\/wp\/v2\/comments?post=113999"}],"version-history":[{"count":0,"href":"https:\/\/www.europesays.com\/no\/wp-json\/wp\/v2\/posts\/113999\/revisions"}],"wp:featuredmedia":[{"embeddable":true,"href":"https:\/\/www.europesays.com\/no\/wp-json\/wp\/v2\/media\/114000"}],"wp:attachment":[{"href":"https:\/\/www.europesays.com\/no\/wp-json\/wp\/v2\/media?parent=113999"}],"wp:term":[{"taxonomy":"category","embeddable":true,"href":"https:\/\/www.europesays.com\/no\/wp-json\/wp\/v2\/categories?post=113999"},{"taxonomy":"post_tag","embeddable":true,"href":"https:\/\/www.europesays.com\/no\/wp-json\/wp\/v2\/tags?post=113999"}],"curies":[{"name":"wp","href":"https:\/\/api.w.org\/{rel}","templated":true}]}}