{"id":114005,"date":"2025-12-15T17:40:19","date_gmt":"2025-12-15T17:40:19","guid":{"rendered":"https:\/\/www.europesays.com\/no\/114005\/"},"modified":"2025-12-15T17:40:19","modified_gmt":"2025-12-15T17:40:19","slug":"aftenposten-fredsprisvinneren-ble-skadet-under-flukten","status":"publish","type":"post","link":"https:\/\/www.europesays.com\/no\/114005\/","title":{"rendered":"Aftenposten: Fredsprisvinneren ble skadet under flukten"},"content":{"rendered":"\n<p class=\"_lead_o9xde_2 _lead_xtcu6_50 layout-component text-serif-m layout-normal text-serif-l layout-component layout-wide layout-padded _wide_17hqh_1 layout-padded\">Skaden skal ha oppst\u00e5tt da hun flyktet i en liten fiskeb\u00e5t fra Venezuela mandag i forrige uke. <\/p>\n<ul aria-hidden=\"true\" class=\"_images_ntbth_112\">\n<li><a class=\"_link_ntbth_117\" href=\"https:\/\/www.vg.no\/forfatter\/stella-bugge\" style=\"z-index:2\" title=\"Stella Bugge\" rel=\"nofollow noopener\" target=\"_blank\"><img alt=\"Bilde av Stella Bugge\" class=\"_image_ntbth_93\" fetchpriority=\"low\" loading=\"lazy\" decoding=\"async\" itemprop=\"image\"  src=\"https:\/\/www.europesays.com\/no\/wp-content\/uploads\/2025\/12\/1765820417_768_c673ac82-f3e7-47d3-aa1d-79bb6eca457a\"  width=\"480\"\/><\/a><\/li>\n<li><a class=\"_link_ntbth_117\" href=\"https:\/\/www.vg.no\/forfatter\/ntb\" style=\"z-index:1\" title=\"NTB\" rel=\"nofollow noopener\" target=\"_blank\"><img alt=\"Bilde av NTB\" class=\"_image_ntbth_93\" fetchpriority=\"low\" loading=\"lazy\" decoding=\"async\" itemprop=\"image\"  src=\"https:\/\/www.europesays.com\/no\/wp-content\/uploads\/2025\/12\/1765820418_937_c33980b0-5d07-4027-84a1-813f90a7c8d6\"  width=\"480\"\/><\/a><\/li>\n<\/ul>\n<p> Oppdatert mandag 15. desember kl. 14:06     <\/p>\n<p class=\"_paragraph_o9xde_4 _paragraph_xtcu6_10 layout-component text-serif-m layout-normal text-serif-m layout-padded\">Det skriver skriver <a href=\"https:\/\/www.aftenposten.no\/verden\/i\/5pVdw6\/maria-corina-machado-ble-skadet-under-flukten-fra-venezuela\" class=\"_link_o9xde_39\" rel=\"nofollow noopener\" target=\"_blank\">Aftenposten <\/a>og viser til anonyme kilder tett p\u00e5 fredsprisvinner Maria Corina Machado.<\/p>\n<p class=\"_paragraph_o9xde_4 _paragraph_xtcu6_10 layout-component text-serif-m layout-normal text-serif-m layout-padded\">B\u00e5tturen ble <a href=\"https:\/\/www.vg.no\/nyheter\/i\/V6Rkd3\/fredsprisvinneren-i-norge-etter-dramatisk-flukt\" data-track-element-type=\"Link\" data-track-id=\"link:V6Rkd3\" class=\"_link_o9xde_39\" rel=\"nofollow noopener\" target=\"_blank\">sv\u00e6rt dramatisk,<\/a> ikke minst fordi det var sv\u00e6rt d\u00e5rlige v\u00e6rforhold med mye vind og store b\u00f8lger.<\/p>\n<p class=\"_paragraph_o9xde_4 _paragraph_xtcu6_10 layout-component text-serif-m layout-normal text-serif-m layout-padded\">If\u00f8lge Aftenposten skal legene ved Ullev\u00e5l universitetssykehus i Oslo ha p\u00e5vist flere skader, blant annet et brudd i en ryggvirvel.<\/p>\n","protected":false},"excerpt":{"rendered":"Skaden skal ha oppst\u00e5tt da hun flyktet i en liten fiskeb\u00e5t fra Venezuela mandag i forrige uke. Oppdatert&hellip;\n","protected":false},"author":2,"featured_media":114006,"comment_status":"","ping_status":"","sticky":false,"template":"","format":"standard","meta":{"footnotes":""},"categories":[10],"tags":[20,21,24,25,15,22,23,8707,13,30,1125,28,29,14,16,26,27,95],"class_list":{"0":"post-114005","1":"post","2":"type-post","3":"status-publish","4":"format-standard","5":"has-post-thumbnail","7":"category-norge","8":"tag-breaking-news","9":"tag-breakingnews","10":"tag-featured-news","11":"tag-featurednews","12":"tag-headlines","13":"tag-latest-news","14":"tag-latestnews","15":"tag-maria-corina-machado","16":"tag-news","17":"tag-no","18":"tag-nobels-fredspris","19":"tag-norge","20":"tag-norway","21":"tag-nyheter","22":"tag-overskrifter","23":"tag-top-stories","24":"tag-topstories","25":"tag-venezuela"},"share_on_mastodon":{"url":"https:\/\/pubeurope.com\/@no\/115724814060643684","error":""},"_links":{"self":[{"href":"https:\/\/www.europesays.com\/no\/wp-json\/wp\/v2\/posts\/114005","targetHints":{"allow":["GET"]}}],"collection":[{"href":"https:\/\/www.europesays.com\/no\/wp-json\/wp\/v2\/posts"}],"about":[{"href":"https:\/\/www.europesays.com\/no\/wp-json\/wp\/v2\/types\/post"}],"author":[{"embeddable":true,"href":"https:\/\/www.europesays.com\/no\/wp-json\/wp\/v2\/users\/2"}],"replies":[{"embeddable":true,"href":"https:\/\/www.europesays.com\/no\/wp-json\/wp\/v2\/comments?post=114005"}],"version-history":[{"count":0,"href":"https:\/\/www.europesays.com\/no\/wp-json\/wp\/v2\/posts\/114005\/revisions"}],"wp:featuredmedia":[{"embeddable":true,"href":"https:\/\/www.europesays.com\/no\/wp-json\/wp\/v2\/media\/114006"}],"wp:attachment":[{"href":"https:\/\/www.europesays.com\/no\/wp-json\/wp\/v2\/media?parent=114005"}],"wp:term":[{"taxonomy":"category","embeddable":true,"href":"https:\/\/www.europesays.com\/no\/wp-json\/wp\/v2\/categories?post=114005"},{"taxonomy":"post_tag","embeddable":true,"href":"https:\/\/www.europesays.com\/no\/wp-json\/wp\/v2\/tags?post=114005"}],"curies":[{"name":"wp","href":"https:\/\/api.w.org\/{rel}","templated":true}]}}