{"id":114018,"date":"2025-12-15T17:59:11","date_gmt":"2025-12-15T17:59:11","guid":{"rendered":"https:\/\/www.europesays.com\/no\/114018\/"},"modified":"2025-12-15T17:59:11","modified_gmt":"2025-12-15T17:59:11","slug":"politi-trafikk-anker-henleggelse-etter-dodsulykken-avisa-nordland","status":"publish","type":"post","link":"https:\/\/www.europesays.com\/no\/114018\/","title":{"rendered":"Politi, Trafikk | Anker henleggelse etter d\u00f8dsulykken &#8211; Avisa Nordland"},"content":{"rendered":"<ol>\n<li><a href=\"https:\/\/news.google.com\/rss\/articles\/CBMidkFVX3lxTE1EQjA2V0hnMW52VzlJQlN3d1JpUmhJY0V5LU14ZTJ3clFGcWtHZXdUcDRqRi1IaVdFNzZ6ZDNPUlNTcUFXdHlYOUdILS1heTFFWGMwN1UtdUg4WkhGc21QSEtPY0JEb2VCSVpSRUxyS0RySlJuaVE?oc=5\" target=\"_blank\" rel=\"nofollow noopener\">Politi, Trafikk | Anker henleggelse etter d\u00f8dsulykken<\/a>&nbsp;&nbsp;Avisa Nordland<\/li>\n<li><a href=\"https:\/\/news.google.com\/rss\/articles\/CBMif0FVX3lxTE1QdjNiR2M0dTk0MmxMV18wUEFHQkxIS1o1R0g4UnBXLVczQ1ptYlMxa3VCd0wyYWI5SGpWeFZ0WGFZeDVEY0dWY294elZHVXBPN0RYV0VyNWFSTDFjWnR5dHJtLWkwX0kyQUtEbnY0bnNiQS03WXFRTmdOQ2dxX0U?oc=5\" target=\"_blank\" rel=\"nofollow noopener\">Anker henleggelsen av bussulykka<\/a>&nbsp;&nbsp;Lofotposten<\/li>\n<li><a href=\"https:\/\/news.google.com\/rss\/articles\/CBMidkFVX3lxTE9ubkZKWVB0elFZSWtnaEhXMXhnZVZSVFkzcmM2NUY4blZ4bUFIX0kyZG1mNEdZdzBlbmgyVlVwOGJUbFV5Z2NFLWt3akdFSGtzM09LSkFNTlV0OUpCWk9wb3JxQXJDQTJoVnRnYVJaWHp5dS01T1E?oc=5\" target=\"_blank\" rel=\"nofollow noopener\">Bussulykken i Vester\u00e5len: P\u00e5klager henleggelse<\/a>&nbsp;&nbsp;TV2.no<\/li>\n<li><a href=\"https:\/\/news.google.com\/rss\/articles\/CBMiiwFBVV95cUxQcG1leUQyY0tiSnA2UXUyWDliOVJXZUJJWHBCaWo2UEtNSkpiaHZMS29iYXk2WFR0Sm5yWUhicUFhMVdqMXByclkxRUprVFJoeXBQeGhSanBGc0ZXOUE3S1puWmlpTm9MYUlsdmVKY1lrLTYxYlNUYWhkSkNQb1BHVm1OTU82SmpROUVB?oc=5\" target=\"_blank\" rel=\"nofollow noopener\">Anker henleggelse etter d\u00f8dsulykken i Hadsel<\/a>&nbsp;&nbsp;Rana Blad<\/li>\n<li><a href=\"https:\/\/news.google.com\/rss\/articles\/CBMiuwFBVV95cUxPTFF3SzZrbFVFMGZrMlJObE9WSGJSb0RLSzBTTS1lTE50RkppOXpXa1ZJbDIwMmVnd21LQ2pnUHI5UWJrMldmNDdDNTAwZ0d5aTdIYnpoaGFQNHlzTmxxWWhTNkp2NjBMcmZDNEhnNTVvNVVhTXBHeU5HNmVKbWh1bjBEaUpWVktfZWRraXpMT3VFc00xWXJuY3JGYVM0Sk5pR0FENGJVX1EwdFFkUXhGMjNheWpLT2VndGdr?oc=5\" target=\"_blank\" rel=\"nofollow noopener\">Ulykke, Trafikk | Narvikmann forteller om sorgen og kampen for \u00e5 bevise sin uskyld<\/a>&nbsp;&nbsp;Fremover<\/li>\n<\/ol>\n","protected":false},"excerpt":{"rendered":"Politi, Trafikk | Anker henleggelse etter d\u00f8dsulykken&nbsp;&nbsp;Avisa Nordland Anker henleggelsen av bussulykka&nbsp;&nbsp;Lofotposten Bussulykken i Vester\u00e5len: P\u00e5klager henleggelse&nbsp;&nbsp;TV2.no Anker&hellip;\n","protected":false},"author":2,"featured_media":107606,"comment_status":"","ping_status":"","sticky":false,"template":"","format":"standard","meta":{"footnotes":""},"categories":[10],"tags":[20,21,24,25,15,22,23,13,30,28,29,14,16,26,27],"class_list":{"0":"post-114018","1":"post","2":"type-post","3":"status-publish","4":"format-standard","5":"has-post-thumbnail","7":"category-norge","8":"tag-breaking-news","9":"tag-breakingnews","10":"tag-featured-news","11":"tag-featurednews","12":"tag-headlines","13":"tag-latest-news","14":"tag-latestnews","15":"tag-news","16":"tag-no","17":"tag-norge","18":"tag-norway","19":"tag-nyheter","20":"tag-overskrifter","21":"tag-top-stories","22":"tag-topstories"},"share_on_mastodon":{"url":"https:\/\/pubeurope.com\/@no\/115724888549376816","error":""},"_links":{"self":[{"href":"https:\/\/www.europesays.com\/no\/wp-json\/wp\/v2\/posts\/114018","targetHints":{"allow":["GET"]}}],"collection":[{"href":"https:\/\/www.europesays.com\/no\/wp-json\/wp\/v2\/posts"}],"about":[{"href":"https:\/\/www.europesays.com\/no\/wp-json\/wp\/v2\/types\/post"}],"author":[{"embeddable":true,"href":"https:\/\/www.europesays.com\/no\/wp-json\/wp\/v2\/users\/2"}],"replies":[{"embeddable":true,"href":"https:\/\/www.europesays.com\/no\/wp-json\/wp\/v2\/comments?post=114018"}],"version-history":[{"count":0,"href":"https:\/\/www.europesays.com\/no\/wp-json\/wp\/v2\/posts\/114018\/revisions"}],"wp:featuredmedia":[{"embeddable":true,"href":"https:\/\/www.europesays.com\/no\/wp-json\/wp\/v2\/media\/107606"}],"wp:attachment":[{"href":"https:\/\/www.europesays.com\/no\/wp-json\/wp\/v2\/media?parent=114018"}],"wp:term":[{"taxonomy":"category","embeddable":true,"href":"https:\/\/www.europesays.com\/no\/wp-json\/wp\/v2\/categories?post=114018"},{"taxonomy":"post_tag","embeddable":true,"href":"https:\/\/www.europesays.com\/no\/wp-json\/wp\/v2\/tags?post=114018"}],"curies":[{"name":"wp","href":"https:\/\/api.w.org\/{rel}","templated":true}]}}