{"id":114021,"date":"2025-12-15T18:03:07","date_gmt":"2025-12-15T18:03:07","guid":{"rendered":"https:\/\/www.europesays.com\/no\/114021\/"},"modified":"2025-12-15T18:03:07","modified_gmt":"2025-12-15T18:03:07","slug":"kultur-musikk-fekk-100-000-fy-soren-kor-kjekt","status":"publish","type":"post","link":"https:\/\/www.europesays.com\/no\/114021\/","title":{"rendered":"Kultur, Musikk | Fekk 100.000: \u2013 Fy s\u00f8ren kor kjekt"},"content":{"rendered":"<p>Martin Haukedal, oppvaksen i Kaupanger i Sogndal kommune, er ein l\u00e5tskrivar, gitarist og komponist med bakgrunn fr\u00e5 jazzlinja ved Noregs musikkh\u00f8gskole. Han har dei siste \u00e5ra gjort seg merka i det frie musikklivet, med ei rekkje utgjevingar og prosjekt innan jazz, eksperimentell rock, impro og soul \u2013 og alltid med eit sterkt personleg uttrykk.<\/p>\n<p>Med bandet MORT BENNY har han utvikla ein musikalsk signatur som kombinerer vestlandsk vemod med rytmiske og sakrale element fr\u00e5 afrobeat og 60-talsjazz \u2013 eit lydbilete som er b\u00e5de nyskapande og djupt forankra i tradisjonar. Plata Vestlandsk melankoli er eit d\u00f8me p\u00e5 dette: ei musikalsk reise som speglar b\u00e5de det r\u00e5e og det vakre, det n\u00e6re og det spirituelle.<\/p>\n<p>Han er ein sentral akt\u00f8r i band og prosjekt som GIGAMY, Urban Guffs og Happy Blue, og han har skrive over 30 verk under eige namn. Musikken hans har blitt framf\u00f8rt p\u00e5 scener som Victoria Nasjonal Jazzscene, Bergen Kj\u00f8tt, Kaf\u00e9 H\u00e6rverk.<\/p>\n<p>Martin s\u00f8kjer ikkje berre det originale \u2013 han s\u00f8kjer det meiningsfulle. Han \u00f8nskjer \u00e5 gje noko tilbake til publikum og til milj\u00f8et han sj\u00f8lv vaks opp i. Gjennom samarbeid med unge musikarar, konsertar i distrikta, og nyskapande produksjonar, formidlar han eit \u00f8nske om \u00e5 vere b\u00e5de formidlar og fornyar \u2013 ein som b\u00e5de forst\u00e5r musikkhistoria og driv den vidare.<\/p>\n<p>Furore-stipendet skal st\u00f8tte Martin i arbeidet med \u00e5 vidareutvikle bandet MORT BENNY, utvide ensemblet med bl\u00e5sarar og tangentar, spele inn ny musikk i Duper Studio, og halde fram med \u00e5 utforske og kombinere ulike musikalske tradisjonar \u2013 fr\u00e5 Susanne Sundf\u00f8r til soul\/funk-musikk fr\u00e5 Ghana og Nigeria.<\/p>\n<p>Han vil ogs\u00e5 bruke stipendet til \u00e5 studere med etablerte komponistar og ut\u00f8varar, og til \u00e5 realisere ein draum: \u00e5 turnere bygdene p\u00e5 Vestlandet, og skape levande musikkopplevingar for b\u00e5de unge og vaksne.<\/p>\n<p>Martin Haukedal er ein kunstnar med ekte musikalsk nysgjerrigheit. Han har ein klar visjon som b\u00e5de handlar om fellesskap og personlege kjensler. Han er ein verdig vinnar av Furore-stipendet 2025.<\/p>\n","protected":false},"excerpt":{"rendered":"Martin Haukedal, oppvaksen i Kaupanger i Sogndal kommune, er ein l\u00e5tskrivar, gitarist og komponist med bakgrunn fr\u00e5 jazzlinja&hellip;\n","protected":false},"author":2,"featured_media":114022,"comment_status":"","ping_status":"","sticky":false,"template":"","format":"standard","meta":{"footnotes":""},"categories":[58],"tags":[36,71,12676,410,221,30,28,29,1510,72],"class_list":{"0":"post-114021","1":"post","2":"type-post","3":"status-publish","4":"format-standard","5":"has-post-thumbnail","7":"category-underholdning","8":"tag-art","9":"tag-entertainment","10":"tag-kaupanger","11":"tag-kultur","12":"tag-musikk","13":"tag-no","14":"tag-norge","15":"tag-norway","16":"tag-story","17":"tag-underholdning"},"share_on_mastodon":{"url":"https:\/\/pubeurope.com\/@no\/115724904256175262","error":""},"_links":{"self":[{"href":"https:\/\/www.europesays.com\/no\/wp-json\/wp\/v2\/posts\/114021","targetHints":{"allow":["GET"]}}],"collection":[{"href":"https:\/\/www.europesays.com\/no\/wp-json\/wp\/v2\/posts"}],"about":[{"href":"https:\/\/www.europesays.com\/no\/wp-json\/wp\/v2\/types\/post"}],"author":[{"embeddable":true,"href":"https:\/\/www.europesays.com\/no\/wp-json\/wp\/v2\/users\/2"}],"replies":[{"embeddable":true,"href":"https:\/\/www.europesays.com\/no\/wp-json\/wp\/v2\/comments?post=114021"}],"version-history":[{"count":0,"href":"https:\/\/www.europesays.com\/no\/wp-json\/wp\/v2\/posts\/114021\/revisions"}],"wp:featuredmedia":[{"embeddable":true,"href":"https:\/\/www.europesays.com\/no\/wp-json\/wp\/v2\/media\/114022"}],"wp:attachment":[{"href":"https:\/\/www.europesays.com\/no\/wp-json\/wp\/v2\/media?parent=114021"}],"wp:term":[{"taxonomy":"category","embeddable":true,"href":"https:\/\/www.europesays.com\/no\/wp-json\/wp\/v2\/categories?post=114021"},{"taxonomy":"post_tag","embeddable":true,"href":"https:\/\/www.europesays.com\/no\/wp-json\/wp\/v2\/tags?post=114021"}],"curies":[{"name":"wp","href":"https:\/\/api.w.org\/{rel}","templated":true}]}}