{"id":114023,"date":"2025-12-15T18:07:26","date_gmt":"2025-12-15T18:07:26","guid":{"rendered":"https:\/\/www.europesays.com\/no\/114023\/"},"modified":"2025-12-15T18:07:26","modified_gmt":"2025-12-15T18:07:26","slug":"nyheter-omkommet-hovedredningssentralen-kobles-inn-haper-det-skjer-i-dag-eller-i-morgen","status":"publish","type":"post","link":"https:\/\/www.europesays.com\/no\/114023\/","title":{"rendered":"Nyheter, Omkommet | Hovedredningssentralen kobles inn: \u2013 H\u00e5per det skjer i dag eller i morgen"},"content":{"rendered":"\n<p>Uthentingen er krevende og avhenger av tilgjengelige ressurser og v\u00e6rforhold.<\/p>\n<p><a href=\"https:\/\/www.ta.no\/savnet-kvinne-funnet-dod\/s\/5-50-2241338\" rel=\"Follow nofollow noopener\" target=\"_blank\">S\u00f8ndag ble en d\u00f8d person funnet p\u00e5 Dalen. Personen ble funnet ved bruk av politiets helikopter<\/a>. Personen er ikke identifisert, men politiet setter funnet i sammenheng med s\u00f8ket etter en kvinne som har v\u00e6rt savnet i omr\u00e5det siden 29. november.<\/p>\n<p>N\u00e5 er fokuset rettet mot uthentingen fra det vanskelig tilgjengelige terrenget.<\/p>\n<p><b>Lensmann Sigrid Dahl i Midt-Telemark bekrefter at de har sendt en anmodning til Hovedredningssentralen for \u00e5 f\u00e5 bistand.<\/b><\/p>\n<p><b>\u2013 Vi jobber med \u00e5 f\u00e5 bistand fra Hovedredningssentralen for \u00e5 f\u00e5 hentet ut vedkommende. Det kan skje i l\u00f8pet av dagen eller n\u00e6rmeste dagene, og avhenger av hva de har mulighet til. Forh\u00e5pentligvis i dag eller i morgen, sier Dahl til TA.<\/b><\/p>\n<p>Krevende terreng og v\u00e6r<\/p>\n<p>Funnet ble gjort i et sv\u00e6rt krevende og v\u00e6rutsatt omr\u00e5de, noe som har vanskeliggjort b\u00e5de s\u00f8k og n\u00e5 uthenting. Operasjonsleder Lise Bj\u00f8rnsund ved S\u00f8r-\u00d8st politidistrikt uttalte s\u00f8ndag at det planlegges \u00e5 hente ut personen ved bruk av luftressurser s\u00e5 snart som mulig.<\/p>\n<p><b>Lensmann Dahl opplyser at de tidligere har s\u00f8kt i det samme omr\u00e5det.<\/b><\/p>\n<p><b>\u2013 V\u00e6rforholdene og terrenget har gjort at vi fant personen f\u00f8rst n\u00e5, forklarer Dahl.<\/b><\/p>\n<p>P\u00e5r\u00f8rende er varslet om funnet.<\/p>\n<p>Ukjent d\u00f8ds\u00e5rsak<\/p>\n<p>Personen som er funnet i s\u00f8ksomr\u00e5det er ikke identifisert. <\/p>\n<p>D\u00f8ds\u00e5rsak er ukjent.<\/p>\n<p>En kvinne fra Skien ble meldt savnet s\u00f8ndag 30. november. Hun ble sist sett l\u00f8rdag 29. november f\u00f8r hun reiste til Dalen for \u00e5 g\u00e5 L\u00e5rdalsstigen. Bilen til den savnede ble funnet p\u00e5 en tilh\u00f8rende parkeringsplass, og mobilen hennes ble sist registrert i turomr\u00e5det.<\/p>\n<p>Politiets hovedhypotese er at det dreier seg om en ulykke.<\/p>\n<p>En omfattende leteaksjon med politi, frivillige, helikopter, drone og hunder har p\u00e5g\u00e5tt i omr\u00e5det, men m\u00e5tte avbrytes tidligere p\u00e5 grunn av sikkerhetshensyn og d\u00e5rlig v\u00e6r. Funnet ble til slutt gjort ved hjelp av politiets helikopter.<\/p>\n","protected":false},"excerpt":{"rendered":"Uthentingen er krevende og avhenger av tilgjengelige ressurser og v\u00e6rforhold. S\u00f8ndag ble en d\u00f8d person funnet p\u00e5 Dalen.&hellip;\n","protected":false},"author":2,"featured_media":1273,"comment_status":"","ping_status":"","sticky":false,"template":"","format":"standard","meta":{"footnotes":""},"categories":[10],"tags":[36,20,21,13805,24,25,15,22,23,13,30,28,29,14,10486,16,48,1510,4559,26,27],"class_list":{"0":"post-114023","1":"post","2":"type-post","3":"status-publish","4":"format-standard","5":"has-post-thumbnail","7":"category-norge","8":"tag-art","9":"tag-breaking-news","10":"tag-breakingnews","11":"tag-dalen","12":"tag-featured-news","13":"tag-featurednews","14":"tag-headlines","15":"tag-latest-news","16":"tag-latestnews","17":"tag-news","18":"tag-no","19":"tag-norge","20":"tag-norway","21":"tag-nyheter","22":"tag-omkommet","23":"tag-overskrifter","24":"tag-savnet","25":"tag-story","26":"tag-tokke","27":"tag-top-stories","28":"tag-topstories"},"share_on_mastodon":{"url":"https:\/\/pubeurope.com\/@no\/115724920023853353","error":""},"_links":{"self":[{"href":"https:\/\/www.europesays.com\/no\/wp-json\/wp\/v2\/posts\/114023","targetHints":{"allow":["GET"]}}],"collection":[{"href":"https:\/\/www.europesays.com\/no\/wp-json\/wp\/v2\/posts"}],"about":[{"href":"https:\/\/www.europesays.com\/no\/wp-json\/wp\/v2\/types\/post"}],"author":[{"embeddable":true,"href":"https:\/\/www.europesays.com\/no\/wp-json\/wp\/v2\/users\/2"}],"replies":[{"embeddable":true,"href":"https:\/\/www.europesays.com\/no\/wp-json\/wp\/v2\/comments?post=114023"}],"version-history":[{"count":0,"href":"https:\/\/www.europesays.com\/no\/wp-json\/wp\/v2\/posts\/114023\/revisions"}],"wp:featuredmedia":[{"embeddable":true,"href":"https:\/\/www.europesays.com\/no\/wp-json\/wp\/v2\/media\/1273"}],"wp:attachment":[{"href":"https:\/\/www.europesays.com\/no\/wp-json\/wp\/v2\/media?parent=114023"}],"wp:term":[{"taxonomy":"category","embeddable":true,"href":"https:\/\/www.europesays.com\/no\/wp-json\/wp\/v2\/categories?post=114023"},{"taxonomy":"post_tag","embeddable":true,"href":"https:\/\/www.europesays.com\/no\/wp-json\/wp\/v2\/tags?post=114023"}],"curies":[{"name":"wp","href":"https:\/\/api.w.org\/{rel}","templated":true}]}}