{"id":114028,"date":"2025-12-15T18:14:13","date_gmt":"2025-12-15T18:14:13","guid":{"rendered":"https:\/\/www.europesays.com\/no\/114028\/"},"modified":"2025-12-15T18:14:13","modified_gmt":"2025-12-15T18:14:13","slug":"anders-hegers-bok-wanda-blir-tv-serie","status":"publish","type":"post","link":"https:\/\/www.europesays.com\/no\/114028\/","title":{"rendered":"Anders Hegers bok \u00abWanda\u00bb blir TV-serie:"},"content":{"rendered":"\n<p class=\"_lead_o9xde_2 _lead_xtcu6_50 layout-component text-serif-m layout-normal text-serif-l layout-component layout-wide layout-padded _wide_17hqh_1 layout-padded\">Det har drysset terningkast 6 over Anders Hegers bok om moren og krigshelten Wanda, og n\u00e5 satser Filmkameratene og Vibeke Ids\u00f8e stort p\u00e5 en TV-serie basert p\u00e5 boken. <\/p>\n<p><img alt=\"Forlegger og forfatter Anders Heger.  Foto: Maria Vihovde \/ Cappelen Damm\" class=\"_image_qp4xg_65 layout-component layout-wide\" data-fullscreen- data-track-element-type=\"Article image fullscreen\" data-track-name=\"ImageFullscreen\" fetchpriority=\"high\" decoding=\"sync\" loading=\"eager\" height=\"4000\" itemprop=\"image\"  src=\"https:\/\/www.europesays.com\/no\/wp-content\/uploads\/2025\/12\/fb0e8f6b-db48-45f8-843e-b24b61dd4475\"  style=\"object-position:0% 0%\" width=\"6000\"\/>Forlegger og forfatter Anders Heger.  Foto: Maria Vihovde \/ Cappelen Damm<\/p>\n<ul aria-hidden=\"true\" class=\"_images_ntbth_112\">\n<li><a class=\"_link_ntbth_117\" href=\"https:\/\/www.vg.no\/forfatter\/camilla-norli\" style=\"z-index:1\" title=\"Camilla Norli\" rel=\"nofollow noopener\" target=\"_blank\"><img alt=\"Bilde av Camilla Norli\" class=\"_image_ntbth_93\" fetchpriority=\"low\" loading=\"lazy\" decoding=\"async\" itemprop=\"image\"  src=\"https:\/\/www.europesays.com\/no\/wp-content\/uploads\/2025\/12\/1765822449_438_722f4960-2325-48e8-ba97-62396728c076\"  width=\"480\"\/><\/a><\/li>\n<\/ul>\n<p> Oppdatert mandag 15. desember kl. 19:10    <\/p>\n<ul class=\"_list_o9xde_3 _list_64s2r_85 _unordered_o9xde_106 text-sans-m\">\n<li class=\"_item_o9xde_30\">Anders Hegers bok om moren Wanda skal bli TV-serie.<\/li>\n<li class=\"_item_o9xde_30\">Boken har f\u00e5tt knall-kritikker og TV-rettighetene ble solgt f\u00f8r bokens utgivelse.<\/li>\n<li class=\"_item_o9xde_30\">Vibeke Ids\u00f8e, kjent for blant annet \u00abSonja og Harald\u00bb,  skal regissere serien om krigshelten Wanda Heger.<\/li>\n<li class=\"_item_o9xde_30\">Heger har jobbet \u00e5tte \u00e5r med boken &#8211; og opplevde at det han skrev om bare ble mer og mer relevant. <\/li>\n<\/ul>\n<p>Vis mer <\/p>\n<p class=\"_paragraph_o9xde_4 _paragraph_xtcu6_10 layout-component text-serif-m layout-normal text-serif-m layout-padded\">\u2013 Jeg ble forbauset over at TV-rettighetene ble solgt med en gang, men det er veldig hyggelig, sier forfatter og forlegger Anders Heger (69) til VG.<\/p>\n<p class=\"_paragraph_o9xde_4 _paragraph_xtcu6_10 layout-component text-serif-m layout-normal text-serif-m layout-padded\">Faktisk ble rettighetene solgt allerede f\u00f8r boken \u00abWanda. En familiehistorie\u00bb kom ut: Det er Filmkameratene som skal produsere TV-serien, og Vibeke Ids\u00f8e som skal regissere og utvikle historien om krigshelten Wanda Heger. Hun var sist aktuell med <a href=\"https:\/\/www.vg.no\/rampelys\/i\/nyPGdn\/harald-og-sonja-fakta-og-fiksjon-i-tv-serien\" data-track-element-type=\"Link\" data-track-id=\"link:nyPGdn\" class=\"_link_o9xde_39\" rel=\"nofollow noopener\" target=\"_blank\">TV-serien \u00abHarald og Sonja\u00bb<\/a>.<\/p>\n<p class=\"_paragraph_o9xde_4 _paragraph_xtcu6_10 layout-component text-serif-m layout-normal text-serif-m layout-padded\"><strong class=\"_strong_o9xde_25\">\u2013 Det er et privilegium \u00e5 f\u00e5 v\u00e6re med p\u00e5 \u00e5 bringe Wanda Hegers historie ut til et stort publikum, sier Vibeke Ids\u00f8e og legger til:<\/strong><\/p>\n<p><img decoding=\"async\" alt=\"Bilde av Vibeke Ids\u00f8e, regiss\u00f8r og manusforfatter\" class=\"_image_ygndg_42\" height=\"60\" itemprop=\"image\" loading=\"lazy\"  src=\"https:\/\/www.europesays.com\/no\/wp-content\/uploads\/2025\/12\/2cd41f20-2a55-42e6-b452-32e7c0f8eedd\"  width=\"40\"\/><strong class=\"_name_ygndg_51 title-serif-xs\">Vibeke Ids\u00f8e, regiss\u00f8r og manusforfatter<\/strong><\/p>\n<p class=\"_paragraph_o9xde_4 _paragraph_xtcu6_10 layout-component text-serif-m layout-normal text-serif-m layout-padded\">\u2013 Anders Heger forteller en unik familiehistorie som bringer oss til steder og inn i milj\u00f8er i Norge og Tyskland som vi ikke har sett tidligere. <\/p>\n<p class=\"_paragraph_o9xde_4 _paragraph_xtcu6_10 layout-component text-serif-m layout-normal text-serif-m layout-padded\">Ids\u00f8e legger ogs\u00e5 vekt p\u00e5 at kvinner sjelden fikk heltestatus under krigen, og at det heller ikke har v\u00e6rt fokusert p\u00e5 kvinnene i norske filmer om krigen. <\/p>\n<p class=\"_paragraph_o9xde_4 _paragraph_xtcu6_10 layout-component text-serif-m layout-normal text-serif-m layout-padded\">\u2013 Wanda var en ung, uredd kvinne som gjorde en enorm innsats for fanger i de tyske konsentrasjonsleirene. Hun var sentral i arbeidet med de hvite bussene og opplevde i krigs\u00e5rene en dramatisk kj\u00e6rlighetshistorie som ville endre resten av hennes liv. Jeg gleder meg til denne oppgaven, sier Ids\u00f8e.<\/p>\n<p><img alt=\"Wanda i Gross Kreutz 1944.  Foto: Foto: Privat\" class=\"_image_qp4xg_65 layout-component layout-normal\" data-fullscreen- data-track-element-type=\"Article image fullscreen\" data-track-name=\"ImageFullscreen\" decoding=\"async\" loading=\"lazy\" height=\"1484\" itemprop=\"image\"  src=\"https:\/\/www.europesays.com\/no\/wp-content\/uploads\/2025\/12\/8431c3cf-7968-4f1f-a2c3-ea29cd529670\"  style=\"object-position:0% 0%\" width=\"2168\"\/>Wanda i Gross Kreutz 1944.  Foto: Foto: Privat<\/p>\n<p class=\"_paragraph_o9xde_4 _paragraph_xtcu6_10 layout-component text-serif-m layout-normal text-serif-m layout-padded\">Boken forteller historien om Wanda Heger (1921\u20132017), og det handler om mellomkrigstid og 2. verdenskrig. Boken har f\u00e5tt terningkast 6 b\u00e5de i VG, Dagbladet og NRK \u2013 og VGs anmelder skriver at det er en \u00abhemningsl\u00f8st varm og stor bok\u00bb \u2013 og kaller den en <a href=\"https:\/\/www.vg.no\/rampelys\/i\/0VMR76\/bauta-over-mor\" data-track-element-type=\"Link\" data-track-id=\"link:0VMR76\" class=\"_link_o9xde_39\" rel=\"nofollow noopener\" target=\"_blank\">lesefest<\/a>. <\/p>\n<p class=\"_paragraph_o9xde_4 _paragraph_xtcu6_10 layout-component text-serif-m layout-normal text-serif-m layout-padded\">Den havnet ogs\u00e5 p\u00e5 VGs k\u00e5ring av \u00e5rets beste b\u00f8ker: <a href=\"https:\/\/www.vg.no\/rampelys\/i\/j0Pddn\/hva-er-aarets-beste-bok-vgs-kaaring-av-aarets-beste-boeker-2024-boktips-og-julegavetips-fra-vgs-anmeldere\" data-track-element-type=\"Link\" data-track-id=\"link:j0Pddn\" class=\"_link_o9xde_39\" rel=\"nofollow noopener\" target=\"_blank\"><strong class=\"_strong_o9xde_25\">Sjekk hele lista her! <\/strong><\/a><\/p>\n<p class=\"label-small label-secondary\">annonse<\/p>\n<p><img decoding=\"async\" alt=\"\" class=\"_image_1uqve_43\" loading=\"lazy\" src=\"https:\/\/www.europesays.com\/no\/wp-content\/uploads\/2025\/12\/default-E4PjQRzC.jpg\"\/><\/p>\n<p class=\"title-large _title_1uqve_54\">Kj\u00f8p boken<\/p>\n<p>Anders Heger <strong>\u00abWanda\u00bb<\/strong><br \/>\nAnnonselenker <\/p>\n<p>\nDe eksterne lenkene i denne annonsen f\u00f8rer til nettbutikker der VG<br \/>\n            f\u00e5r en provisjon av eventuelle salg. Inntektene bidrar til \u00e5<br \/>\n            finansiere det journalistiske arbeidet i VG. Redaksjonen prioriterer<br \/>\n            uavhengig av dette. VGs samfunnsoppdrag og rolle som uavhengig<br \/>\n            redaksjonell gransker p\u00e5virkes derfor ikke av dette innholdet.\n<\/p>\n<p> Avtale med Muttern<\/p>\n<p class=\"_paragraph_o9xde_4 _paragraph_xtcu6_10 layout-component text-serif-m layout-normal text-serif-m layout-padded\">Anders Heger, som tidligere har vunnet Brageprisen for sin biografi om Agnar Mykle, har denne gangen g\u00e5tt dypt inn i sin egen mors historie. <\/p>\n<p class=\"_paragraph_o9xde_4 _paragraph_xtcu6_10 layout-component text-serif-m layout-normal text-serif-m layout-padded\"><strong class=\"_strong_o9xde_25\">En oppgave han lenge har visst at han skulle gjennomf\u00f8re. <\/strong><\/p>\n<p class=\"_paragraph_o9xde_4 _paragraph_xtcu6_10 layout-component text-serif-m layout-normal text-serif-m layout-padded\">\u2013 Det var en avtale mellom meg og Muttern at jeg ville skrive den. Hun skrev jo ogs\u00e5 bok selv i sin tid, men jeg synes hun utelot for mye der, sier Heger som forteller at han bes\u00f8kte moren hver dag de siste \u00e5rene hun levde.<\/p>\n<p class=\"_paragraph_o9xde_4 _paragraph_xtcu6_10 layout-component text-serif-m layout-normal text-serif-m layout-padded\">\u2013 Det var en vane og en rutine vi hadde. En dag tok jeg med meg en b\u00e5ndopptager, og sammen snakket vi oss gjennom det. S\u00e5 hadde jeg dette opptaket etter at hun d\u00f8de, det l\u00e5 der som et slags taust krav. <\/p>\n<p class=\"_paragraph_o9xde_4 _paragraph_xtcu6_10 layout-component text-serif-m layout-normal text-serif-m layout-padded\">Arbeidet med boken startet for \u00e5tte \u00e5r siden \u2013 og er skrevet ved siden av dagjobben som redakt\u00f8r og forlegger i Cappelen Damm.<\/p>\n<p><img alt=\"Foto: Maria Vihovde\/Cappelen Damm\" class=\"_image_qp4xg_65 layout-component layout-normal\" data-fullscreen- data-track-element-type=\"Article image fullscreen\" data-track-name=\"ImageFullscreen\" decoding=\"async\" loading=\"lazy\" height=\"1668\" itemprop=\"image\"  src=\"https:\/\/www.europesays.com\/no\/wp-content\/uploads\/2025\/12\/e605253e-6397-41b0-ba24-1c3349ce9a7c\"  style=\"object-position:0% 0%\" width=\"2500\"\/>Foto: Maria Vihovde\/Cappelen Damm<\/p>\n<p class=\"_paragraph_o9xde_4 _paragraph_xtcu6_10 layout-component text-serif-m layout-normal text-serif-m layout-padded\">\u2013 Det har v\u00e6rt krevende og litt paradoksalt. For veldig ofte er m\u00e5let med en biografi \u00e5 stille seg litt kritisk til objektet, men den \u00e5pningen hadde ikke jeg. Hun er jo moren min, og vi hadde et tett og privat forhold, sier Heger \u2013 som likevel sier at selve skrivingen ikke har v\u00e6rt vanskelig.<\/p>\n<p class=\"_paragraph_o9xde_4 _paragraph_xtcu6_10 layout-component text-serif-m layout-normal text-serif-m layout-padded\">\u2013 Boken har absolutt ikke v\u00e6rt vanskelig \u00e5 skrive. For den opplevdes som veldig viktig. <\/p>\n<p class=\"_paragraph_o9xde_4 _paragraph_xtcu6_10 layout-component text-serif-m layout-normal text-serif-m layout-padded\"><strong class=\"_strong_o9xde_25\">\u2013 Men mens jeg har jobbet med boken har jo verden g\u00e5tt systematisk av hengslene. Det jeg skrev om opplevdes bare mer og mer relevant, og til slutt f\u00f8ltes det ut som om jeg faktisk skrev om samtiden, forteller Heger. <\/strong><\/p>\n<p class=\"_paragraph_o9xde_4 _paragraph_xtcu6_10 layout-component text-serif-m layout-normal text-serif-m layout-padded\">Han kommer ikke til \u00e5 legge seg noe s\u00e6rlig borte i arbeidet med TV-serien.<\/p>\n<p class=\"_paragraph_o9xde_4 _paragraph_xtcu6_10 layout-component text-serif-m layout-normal text-serif-m layout-padded\">\u2013 TV er jo et helt annet fag, s\u00e5 det overlater jeg til andre. Jeg er ikke akkurat en forfatter som evner \u00e5 uttrykke meg i korthet, s\u00e5 det m\u00e5 nok tas ut mye. Det viktigste for meg er at den viser tiden og Muttern rettferdighet, sier Heger og understreker:<\/p>\n<p class=\"_paragraph_o9xde_4 _paragraph_xtcu6_10 layout-component text-serif-m layout-normal text-serif-m layout-padded\"><strong class=\"_strong_o9xde_25\">\u2013 Og jeg h\u00e5per at det viktigste kommer frem: Betydningen av sm\u00e5 valg i en stor tid.<\/strong><\/p>\n<p class=\"_paragraph_o9xde_4 _paragraph_xtcu6_10 layout-component text-serif-m layout-normal text-serif-m layout-padded\">Den erfarne forleggeren og forfatteren har p\u00e5 en m\u00e5te konkurrert med seg selv denne h\u00f8sten: Han har nemlig ogs\u00e5 v\u00e6rt redakt\u00f8r for \u00c5sne Seierstads bestselger og prisvinnende <a href=\"https:\/\/www.vg.no\/rampelys\/i\/o34n5V\/aarets-viktigste-bok\" data-track-element-type=\"Link\" data-track-id=\"link:o34n5V\" class=\"_link_o9xde_39\" rel=\"nofollow noopener\" target=\"_blank\">\u00abUfred\u00bb<\/a>, samtidig som han kan glede seg over knallkritikkene til egen bok. <\/p>\n<p class=\"_paragraph_o9xde_4 _paragraph_xtcu6_10 layout-component text-serif-m layout-normal text-serif-m layout-padded\">\u2013 Det er feil \u00e5 bruke ordet flaks, men jeg er s\u00e5 klart veldig forn\u00f8yd med mottagelsen, sier Heger. <\/p>\n<p class=\"_paragraph_o9xde_4 _paragraph_xtcu6_10 layout-component text-serif-m layout-normal text-serif-m layout-padded\">\u2013 Hva tror du moren din ville sagt om at det n\u00e5 ogs\u00e5 blir TV-serie?<\/p>\n<p class=\"_paragraph_o9xde_4 _paragraph_xtcu6_10 layout-component text-serif-m layout-normal text-serif-m layout-padded\">\u2013 Hun var en beskjeden kvinne, men hun ville nok satt pris p\u00e5 at historien kom frem. <\/p>\n<p class=\"_paragraph_o9xde_4 _paragraph_xtcu6_10 layout-component text-serif-m layout-normal text-serif-m layout-padded\"><strong class=\"_strong_o9xde_25\">VG k\u00e5ret ogs\u00e5 \u00abWanda\u00bb til en av \u00e5rets beste b\u00f8ker: Sjekk hele listen her: <\/strong><\/p>\n<p class=\"_paragraph_o9xde_4 _paragraph_xtcu6_10 layout-component text-serif-m layout-normal layout-padded\"><strong class=\"_strong_o9xde_25\">Les ogs\u00e5:<\/strong> <a href=\"https:\/\/www.vg.no\/i\/j0Pddn\" data-track-element-type=\"Link\" data-track-id=\"link:j0Pddn\" class=\"_link_o9xde_39\" rel=\"nofollow noopener\" target=\"_blank\">VG-k\u00e5ring: \u00c5rets beste b\u00f8ker 2025<\/a><\/p>\n","protected":false},"excerpt":{"rendered":"Det har drysset terningkast 6 over Anders Hegers bok om moren og krigshelten Wanda, og n\u00e5 satser Filmkameratene&hellip;\n","protected":false},"author":2,"featured_media":114029,"comment_status":"","ping_status":"","sticky":false,"template":"","format":"standard","meta":{"footnotes":""},"categories":[10],"tags":[8670,150,20,21,24,25,15,22,23,13,30,28,29,14,16,3423,26,27,376],"class_list":{"0":"post-114028","1":"post","2":"type-post","3":"status-publish","4":"format-standard","5":"has-post-thumbnail","7":"category-norge","8":"tag-2-verdenskrig","9":"tag-bok","10":"tag-breaking-news","11":"tag-breakingnews","12":"tag-featured-news","13":"tag-featurednews","14":"tag-headlines","15":"tag-latest-news","16":"tag-latestnews","17":"tag-news","18":"tag-no","19":"tag-norge","20":"tag-norway","21":"tag-nyheter","22":"tag-overskrifter","23":"tag-sakprosa","24":"tag-top-stories","25":"tag-topstories","26":"tag-tv-serier"},"share_on_mastodon":{"url":"https:\/\/pubeurope.com\/@no\/115724948062882246","error":""},"_links":{"self":[{"href":"https:\/\/www.europesays.com\/no\/wp-json\/wp\/v2\/posts\/114028","targetHints":{"allow":["GET"]}}],"collection":[{"href":"https:\/\/www.europesays.com\/no\/wp-json\/wp\/v2\/posts"}],"about":[{"href":"https:\/\/www.europesays.com\/no\/wp-json\/wp\/v2\/types\/post"}],"author":[{"embeddable":true,"href":"https:\/\/www.europesays.com\/no\/wp-json\/wp\/v2\/users\/2"}],"replies":[{"embeddable":true,"href":"https:\/\/www.europesays.com\/no\/wp-json\/wp\/v2\/comments?post=114028"}],"version-history":[{"count":0,"href":"https:\/\/www.europesays.com\/no\/wp-json\/wp\/v2\/posts\/114028\/revisions"}],"wp:featuredmedia":[{"embeddable":true,"href":"https:\/\/www.europesays.com\/no\/wp-json\/wp\/v2\/media\/114029"}],"wp:attachment":[{"href":"https:\/\/www.europesays.com\/no\/wp-json\/wp\/v2\/media?parent=114028"}],"wp:term":[{"taxonomy":"category","embeddable":true,"href":"https:\/\/www.europesays.com\/no\/wp-json\/wp\/v2\/categories?post=114028"},{"taxonomy":"post_tag","embeddable":true,"href":"https:\/\/www.europesays.com\/no\/wp-json\/wp\/v2\/tags?post=114028"}],"curies":[{"name":"wp","href":"https:\/\/api.w.org\/{rel}","templated":true}]}}