{"id":114031,"date":"2025-12-15T18:21:12","date_gmt":"2025-12-15T18:21:12","guid":{"rendered":"https:\/\/www.europesays.com\/no\/114031\/"},"modified":"2025-12-15T18:21:12","modified_gmt":"2025-12-15T18:21:12","slug":"hybride-trusler-russisk-propaganda-nye-sanksjoner-mot-den-russisk-skyggeflaten-og-propagandister","status":"publish","type":"post","link":"https:\/\/www.europesays.com\/no\/114031\/","title":{"rendered":"Hybride trusler, Russisk propaganda | Nye sanksjoner mot den russisk skyggefl\u00e5ten og propagandister"},"content":{"rendered":"\n<p>EU har mandag ikke bare innf\u00f8rt sanksjoner mot en rekke nye personer og selskaper som er koblet til den s\u00e5kalte skyggefl\u00e5ten, men ogs\u00e5 en rekke russiske og russisk-vennlige propaganda-akt\u00f8rer. (Se Ministerr\u00e5dets beslutning p\u00e5 <a rel=\"Follow nofollow noopener\" href=\"https:\/\/eur-lex.europa.eu\/legal-content\/SV\/TXT\/?uri=CELEX:32025D2572\" target=\"_blank\">EUR-lex<\/a>).<\/p>\n<p>Sanksjonene ble vedtatt i utenriksministerm\u00f8tet mandag.<\/p>\n<p>Frankrike har tatt initiativet, sier landets minister for EU-saker, Jean-No\u00ebl Barrot, og kaller akt\u00f8rene \u00abKremls propagandakanaler\u00bb og de som er ansvarlige for utenlandsk digital innblanding.<\/p>\n<p>\u2013 Ingen immunitet for kaosets arkitekter, skriver Barrot p\u00e5 X.<\/p>\n<p>            Disse personene er f\u00f8rt inn p\u00e5 EUs sanksjonsliste 15. desember<\/p>\n<p>Disse personene er f\u00f8rt inn p\u00e5 listen:<\/p>\n<ul>\n<li>\n<p>John Mark Dougan: En amerikansk\/russisk tidligere sheriff, anklaget for deltakelse i Kreml-vennlige informasjonskampanjer og drive falske nyhetssteder.<\/p>\n<\/li>\n<li>\n<p>Andrey Sushentsov, Dmitry Suslov, Fyodor Lukyanov, Ivan Timofeev og Andrey Bystritskyi: Fremtredende russiske analytikere, akademikere og mediepersonligheter som er tett knyttet til Krenk-vennlige tanketanker og medier og som fremmer pro-russiske narrativer og propaganda. Dmitry Suslov er ogs\u00e5 kjent som mannen som foreslo en \u00abdemonstrativ atomv\u00e5beneksplosion\u00bb.<\/p>\n<\/li>\n<li>\n<p>Vladislav Borovkov, Denis Denisenko og Dmitry Goloshubov: Offiserer fra GRUs enhet 29155 og cyberakt\u00f8rer knyttet til Cadet Blizzard. Disse er innblandet i cyberangrep mot ukrainske og NATO\/EU-medlemmers statlige virksomheter, blant annet gjennom bruk av \u00abWhisperGate\u00bb-malware.<\/p>\n<\/li>\n<li>\n<p>Jacques Baud og Xavier Moreau: Tidligere offiserer i milit\u00e6ret og analytikere, som er f\u00f8rt opp for \u00e5 spre pro-russisk propaganda og konspirasjonsteorier om krigen i Ukraina.<\/p>\n<\/li>\n<li>\n<p>Diana Panchenko: En ukrainsk\/russisk journalist og propagandist som produserer og sprer narrativer som er anti-ukrainske, pro-russiske og anti-Nato. Dette skjer blant annet p\u00e5 kanalene Telegram og X.<\/p>\n<\/li>\n<\/ul>\n<p>Organisasjoner som er f\u00f8rt opp p\u00e5 listen:<\/p>\n<ul>\n<li>\n<p>142nd Separate Electronic Warfare Battalion: En GRU-enhet med base i Kaliningrad. Ansvarlig for elektronisk krigf\u00f8ring, som \u00e5 forstyrre og manipulere GPS-signaler, noe som har rammet europeiske land, s\u00e6rlig baltiske stater oig sivil luftfart.<\/p>\n<\/li>\n<li>\n<p>International Russophile Movement: En bevegelse som jobber p\u00e5 vegne av den russiske regjeringen for \u00e5 forsterke destabiliserende narrativer globalt. De har sterke b\u00e5nd til det russiske utenriksdepartementet og har koblinger til prominente russiske ideologer og medieoligarker.<\/p>\n<\/li>\n<\/ul>\n<p>Oversikten er et sammendrag av <a href=\"https:\/\/eur-lex.europa.eu\/legal-content\/EN\/TXT\/?uri=CELEX%3A32025D2572\" target=\"_self\" rel=\"Follow nofollow noopener\">r\u00e5dsbeslutning (CFSP) 2025\/2572 av 15. desember 2025<\/a> om endring av beslutning (CFSP) 2024\/2643 om restriktive tiltak i lys av Russlands destabiliserende virksomhet.<\/p>\n<p>   <img decoding=\"async\" width=\"3264\" height=\"2448\" fetchpriority=\"low\"  loading=\"lazy\"  src=\"https:\/\/www.europesays.com\/no\/wp-content\/uploads\/2025\/12\/Sanksjoner_202512_hybridkrig.jpg\" alt=\"Amerikanske John Mark Dougan og ukrainske Diana Panchenko er begge f\u00f8rt opp p\u00e5 EUs nye sanksjonsliste for propagandavirksomhet som if\u00f8lge EU truer og undergraver sikkerheten til EU og Europa\" class=\"brick-c-cFOWSL\" style=\"--brick-image-ratio: 3264 \/ 2448;\"\/><\/p>\n<p>      P\u00c5 LISTEN: Amerikanske John Mark Dougan og ukrainske Diana Panchenko er nye navn p\u00e5 EUs sanksjonsliste.<br \/>\n      Foto: Ruphotog (Wikimedia Commons) og skjermdump fra Diana Panchenkos X-konto\n    <\/p>\n<p><b>Les: <a class=\"simple-relation related-teaser article--c-eRUmMG article--c-eRUmMG-fZoQSp-design-nettavisen article--c-eRUmMG-gwthdJ-cv\" href=\"https:\/\/www.nettavisen.no\/ytre-hoyres-mektige-venner-na-er-europa-i-ideologisk-skvis\/s\/5-95-2773243\" rel=\"nofollow noopener\" target=\"_blank\">Ytre h\u00f8yres \u00abmektige venner\u00bb: \u2013 N\u00e5 er Europa i ideologisk skvis<\/a><\/b><\/p>\n<p>\u2013 Undergraver sikkerheten<\/p>\n<p>EUs h\u00f8ykommiss\u00e6r for utenrikssaker, Kaja Kallas, omtaler Russlands hybridkampanjer som ondsinnede aktiviteter, med sikte p\u00e5 \u00e5 true og undergrave sikkerheten, motstandskraften og det demokratiske grunnlaget for EU, EUs medlemsstater og partnere.<\/p>\n<p>Hun sier Russland har trappet opp disse aktivitetene ytterligere siden starten av den offensive krigen mot Ukraina og at de med stor sannsynlighet vil fortsette i overskuelig fremtid.<\/p>\n<p>Ministerr\u00e5det ber om at tolv fysiske personer og to enheter legges til listen over fysiske og juridiske personer som sanksjoneres.<\/p>\n<p>    Vil du se neste video?<\/p>\n<p>    <a href=\"https:\/\/www.nettavisen.no\/nyheter\/ny-donal-trump-blemme-dumskalle\/v\/5-95-2774170\" class=\"recommend-poster\" data-adp-clicklabel=\"video-recommend\" data-adp-clickvalue=\"poster\" rel=\"nofollow noopener\" target=\"_blank\"><br \/>\n      <img decoding=\"async\" width=\"200\" height=\"200\" loading=\"lazy\" src=\"https:\/\/www.europesays.com\/no\/wp-content\/uploads\/2025\/12\/Trump+og+mobil+til+cue.jpg\" alt=\"\" class=\"brick-c-cFOWSL\" style=\"--brick-image-ratio: 200 \/ 200;\"\/><\/p>\n<p>Ny Trump-blemme: \u2013 Dumskalle0:57<\/p>\n<p>    <\/a><\/p>\n<p>        USAs president Donald Trump kom med en bisarr uttalelse under Det hvite hus&#8217; \u00abcongressional ball\u00bb natt til torsdag norsk tid.<br \/>\n        Amerikansk politimann<\/p>\n<p>P\u00e5 listen st\u00e5r blant andre amerikaneren John Mark Dougan (f\u00f8dt 1976).<\/p>\n<p>Han er tidligere politimann i Florida. Han flyktet til Russland i 2016 og har f\u00e5tt russisk statsborgerskap. Han er anklaget for \u00e5 ha deltatt i Kreml-vennlig informasjonsinnsats fra Moskva gjennom et nettverk av nettsteder med falske nyheter. Dette er nettsteder som fors\u00f8ker \u00e5 etterligne legitime mediekanaler og spre oppdiktede historier og AI-generert deepfake-innhold, heter det fra EU. Rapporter fra etterretningstjenester i vestlige land kobler Dougan til den russiske milit\u00e6re etterretningstjenesten GRU og den Moskva-baserte tankesmien Center for Geopolitical Expertise.<\/p>\n<p>Ukrainsk videoblogger<\/p>\n<p>Et annet navn p\u00e5 listen er Diana Vitaliivna Panchenko (f\u00f8dt 1988). Hun har ukrainsk og russisk nasjonalitet.<\/p>\n<p>Hun er journalist og propagandist f\u00f8dt i Ukraina. Hun har havnet p\u00e5 listen fordi hun produserer og formidler narrativer mot Ukraina, for Russland og mot Nato. I videoene sine bruker hun bevisst et nyhetsformat for \u00e5 skape legitimitet, heter det. Hun manipulerer informasjon for \u00e5 fremstille ukrainske myndigheter som \u00abnazister\u00bb og anklager dem for \u00e5 forr\u00e5de sitt eget folk, samtidig rettferdiggj\u00f8r hun Russlands milit\u00e6re aggresjon og forbrytelser. I okkuperte ukrainske territorier (inkludert Mariupol og Donetsk) har hun sendt ut propaganda som rettferdiggj\u00f8r krigsforbrytelser, if\u00f8lge den ukrainske sikkerhetstjenesten (SBU). Innholdet ble sendt p\u00e5 ukrainske TV-apparater under et russisk cyberangrep som forstyrret vanlige TV-programmer. Panchenko fremmer ogs\u00e5 konspiratorisk og anti-ukrainsk retorikk p\u00e5 Telegram-kanalen sin og p\u00e5 X. P\u00e5 sistnevnte henvender hun seg til et engelsktalende publikum ved \u00e5 bruke clickbait-innhold og uautentisk aktivitet, og ved \u00e5 promotere pro-russiske kontoer.<\/p>\n<p>    Vil du se neste video?<\/p>\n<p>    <a href=\"https:\/\/www.nettavisen.no\/nyheter\/ny-donal-trump-blemme-dumskalle\/v\/5-95-2774170\" class=\"recommend-poster\" data-adp-clicklabel=\"video-recommend\" data-adp-clickvalue=\"poster\" rel=\"nofollow noopener\" target=\"_blank\"><br \/>\n      <img decoding=\"async\" width=\"200\" height=\"200\" loading=\"lazy\" src=\"https:\/\/www.europesays.com\/no\/wp-content\/uploads\/2025\/12\/Trump+og+mobil+til+cue.jpg\" alt=\"\" class=\"brick-c-cFOWSL\" style=\"--brick-image-ratio: 200 \/ 200;\"\/><\/p>\n<p>Ny Trump-blemme: \u2013 Dumskalle0:57<\/p>\n<p>    <\/a><\/p>\n<p>        KYIV, UKRAINA (Nettavisen): Gleb Benia (29) ble hardt skadet i et droneangrep omtrent seks m\u00e5neder inn i milit\u00e6rtjenesten sin. Han er en av sv\u00e6rt mange ukrainere som har m\u00e5ttet amputere siden Russland gikk til fullskala invasjon i 2022, som n\u00e5 har gjort landet blant verdens beste p\u00e5 amputasjoner og rehabilitering.<br \/>\n        Kobler nye forretningsfolk til skyggefl\u00e5ten<\/p>\n<p>N\u00e5r det gjelder sanksjoner mot den russiske skyggefl\u00e5ten, som bidrar til eksport av russisk olje, sanksjonerer EU flere personer knyttet til oljeselskapene Rosneft og Lukoil, samt ytterligere 40 fart\u00f8y. Personene har b\u00e5nd til oljeselskapene eller til shippingselskap som eier og kontrollerer oljetankere, melder NTB.<\/p>\n<p>\u2013 Skyggefl\u00e5ten er Russlands livline til cash. Vi kutter den, sier EUs utenrikssjef Kaja Kallas mandag. Hun forteller at EU fra n\u00e5 l\u00f8pende vil f\u00f8re inn fart\u00f8y p\u00e5 sanksjonslisten. Det vil skje gjennom beslutninger fra m\u00e5ned til m\u00e5ned.<\/p>\n<p>Den canadisk-pakistanske oljetraderen Murtaza Lakhani er det fremste m\u00e5let for sanksjonene. I EUs offisielle journaler heter det at Lakhani \u00abkontrollerer fart\u00f8y som transporterer r\u00e5olje eller petroleumsprodukter, med opphav i Russland eller som eksporteres fra Russland, og samtidig praktiserer uregelmessige eller risikable shippingmetoder\u00bb, skriver NTB.<\/p>\n<p><b><\/p>\n<p>    Vil du se neste video?<\/p>\n<p>    <a href=\"https:\/\/www.nettavisen.no\/nyheter\/ny-donal-trump-blemme-dumskalle\/v\/5-95-2774170\" class=\"recommend-poster\" data-adp-clicklabel=\"video-recommend\" data-adp-clickvalue=\"poster\" rel=\"nofollow noopener\" target=\"_blank\"><br \/>\n      <img decoding=\"async\" width=\"200\" height=\"200\" loading=\"lazy\" src=\"https:\/\/www.europesays.com\/no\/wp-content\/uploads\/2025\/12\/Trump+og+mobil+til+cue.jpg\" alt=\"\" class=\"brick-c-cFOWSL\" style=\"--brick-image-ratio: 200 \/ 200;\"\/><\/p>\n<p>Ny Trump-blemme: \u2013 Dumskalle0:57<\/p>\n<p>    <\/a><\/p>\n<p>        Alt gikk ikke etter planen da Russlands president Vladimir Putin skulle holde en tale i Turkmenistan fredag.<br \/>\n        <\/b><\/p>\n","protected":false},"excerpt":{"rendered":"EU har mandag ikke bare innf\u00f8rt sanksjoner mot en rekke nye personer og selskaper som er koblet til&hellip;\n","protected":false},"author":2,"featured_media":114032,"comment_status":"","ping_status":"","sticky":false,"template":"","format":"standard","meta":{"footnotes":""},"categories":[12],"tags":[20,21,24,25,15,22,23,13,30,28,29,14,16,26,27,42,43,44,45],"class_list":{"0":"post-114031","1":"post","2":"type-post","3":"status-publish","4":"format-standard","5":"has-post-thumbnail","7":"category-verden","8":"tag-breaking-news","9":"tag-breakingnews","10":"tag-featured-news","11":"tag-featurednews","12":"tag-headlines","13":"tag-latest-news","14":"tag-latestnews","15":"tag-news","16":"tag-no","17":"tag-norge","18":"tag-norway","19":"tag-nyheter","20":"tag-overskrifter","21":"tag-top-stories","22":"tag-topstories","23":"tag-verden","24":"tag-world","25":"tag-world-news","26":"tag-worldnews"},"share_on_mastodon":{"url":"https:\/\/pubeurope.com\/@no\/115724975516351032","error":""},"_links":{"self":[{"href":"https:\/\/www.europesays.com\/no\/wp-json\/wp\/v2\/posts\/114031","targetHints":{"allow":["GET"]}}],"collection":[{"href":"https:\/\/www.europesays.com\/no\/wp-json\/wp\/v2\/posts"}],"about":[{"href":"https:\/\/www.europesays.com\/no\/wp-json\/wp\/v2\/types\/post"}],"author":[{"embeddable":true,"href":"https:\/\/www.europesays.com\/no\/wp-json\/wp\/v2\/users\/2"}],"replies":[{"embeddable":true,"href":"https:\/\/www.europesays.com\/no\/wp-json\/wp\/v2\/comments?post=114031"}],"version-history":[{"count":0,"href":"https:\/\/www.europesays.com\/no\/wp-json\/wp\/v2\/posts\/114031\/revisions"}],"wp:featuredmedia":[{"embeddable":true,"href":"https:\/\/www.europesays.com\/no\/wp-json\/wp\/v2\/media\/114032"}],"wp:attachment":[{"href":"https:\/\/www.europesays.com\/no\/wp-json\/wp\/v2\/media?parent=114031"}],"wp:term":[{"taxonomy":"category","embeddable":true,"href":"https:\/\/www.europesays.com\/no\/wp-json\/wp\/v2\/categories?post=114031"},{"taxonomy":"post_tag","embeddable":true,"href":"https:\/\/www.europesays.com\/no\/wp-json\/wp\/v2\/tags?post=114031"}],"curies":[{"name":"wp","href":"https:\/\/api.w.org\/{rel}","templated":true}]}}