{"id":114034,"date":"2025-12-15T18:29:12","date_gmt":"2025-12-15T18:29:12","guid":{"rendered":"https:\/\/www.europesays.com\/no\/114034\/"},"modified":"2025-12-15T18:29:12","modified_gmt":"2025-12-15T18:29:12","slug":"donald-trump-benjamin-netanyahu-trump-anklager-netanyahu-for-brudd-pa-vapenhvilen","status":"publish","type":"post","link":"https:\/\/www.europesays.com\/no\/114034\/","title":{"rendered":"Donald Trump, Benjamin Netanyahu | Trump anklager Netanyahu for brudd p\u00e5 v\u00e5penhvilen"},"content":{"rendered":"\n<p><a href=\"https:\/\/www.axios.com\/2025\/12\/15\/israel-violate-ceasefire-gaza-strike-trump\" rel=\"nofollow noopener\" target=\"_blank\">If\u00f8lge Axios<\/a> , som viser til to amerikanske tjenestepersoner, sendte Det hvite hus i helgen en skarp privat melding til Netanyahu der de slo fast at l\u00f8rdagens drap p\u00e5 Hamas-toppen Raed Saed var et brudd p\u00e5 v\u00e5penhvilen.<\/p>\n<p>If\u00f8lge kildene er b\u00e5de USAs utenriksminister Marco Rubio, Trumps spesialutsending Steve Witkoff og presidentens svigers\u00f8nn og r\u00e5dgiver Jared Kushner \u00absv\u00e6rt frustrerte\u00bb over Netanyahu.<\/p>\n<p>Bakgrunnen for det anspente forholdet skal v\u00e6re Israels manglende vilje til \u00e5 gjennomf\u00f8re neste fase i fredsavtalen.<\/p>\n<p><b>Les ogs\u00e5: <a href=\"https:\/\/www.nettavisen.no\/kjendis\/hollywood-stjernen-rob-reiner-dod-donald-trump-melding-vekker-avsky\/s\/5-95-2781481\" rel=\"Follow nofollow noopener\" target=\"_blank\">Hollywood-stjernen d\u00f8d: Trump-melding vekker avsky<\/a><\/b><\/p>\n<p>Israel og Hamas gikk tidligere i h\u00f8st med p\u00e5 et amerikansk forslag til fredsavtale, og en v\u00e5penhvile tr\u00e5dte i kraft 10. oktober.<\/p>\n<p>Israel har til tross for v\u00e5penhvilen gjennomf\u00f8rt en rekke angrep mot det de sier er Hamas-m\u00e5l i Gaza siden, og n\u00e6rmere 400 mennesker er if\u00f8lge palestinske helsemyndigheter drept.<\/p>\n<p>Netanyahu skal etter planen bes\u00f8ke Trump i Mar-a-Lago 29. desember.<\/p>\n<p>(\u00a9NTB)<\/p>\n<p>    Vil du se neste video?<\/p>\n<p>    <a href=\"https:\/\/www.nettavisen.no\/nyheter\/ny-donal-trump-blemme-dumskalle\/v\/5-95-2774170\" class=\"recommend-poster\" data-adp-clicklabel=\"video-recommend\" data-adp-clickvalue=\"poster\" rel=\"nofollow noopener\" target=\"_blank\"><br \/>\n      <img decoding=\"async\" width=\"200\" height=\"200\" loading=\"lazy\" src=\"https:\/\/www.europesays.com\/no\/wp-content\/uploads\/2025\/12\/Trump+og+mobil+til+cue.jpg\" alt=\"\" class=\"brick-c-cFOWSL\" style=\"--brick-image-ratio: 200 \/ 200;\"\/><\/p>\n<p>Ny Trump-blemme: \u2013 Dumskalle0:57<\/p>\n<p>    <\/a><\/p>\n","protected":false},"excerpt":{"rendered":"If\u00f8lge Axios , som viser til to amerikanske tjenestepersoner, sendte Det hvite hus i helgen en skarp privat&hellip;\n","protected":false},"author":2,"featured_media":110645,"comment_status":"","ping_status":"","sticky":false,"template":"","format":"standard","meta":{"footnotes":""},"categories":[12],"tags":[20,21,24,25,15,22,23,13,30,28,29,14,16,26,27,42,43,44,45],"class_list":{"0":"post-114034","1":"post","2":"type-post","3":"status-publish","4":"format-standard","5":"has-post-thumbnail","7":"category-verden","8":"tag-breaking-news","9":"tag-breakingnews","10":"tag-featured-news","11":"tag-featurednews","12":"tag-headlines","13":"tag-latest-news","14":"tag-latestnews","15":"tag-news","16":"tag-no","17":"tag-norge","18":"tag-norway","19":"tag-nyheter","20":"tag-overskrifter","21":"tag-top-stories","22":"tag-topstories","23":"tag-verden","24":"tag-world","25":"tag-world-news","26":"tag-worldnews"},"share_on_mastodon":{"url":"https:\/\/pubeurope.com\/@no\/115725006895405411","error":""},"_links":{"self":[{"href":"https:\/\/www.europesays.com\/no\/wp-json\/wp\/v2\/posts\/114034","targetHints":{"allow":["GET"]}}],"collection":[{"href":"https:\/\/www.europesays.com\/no\/wp-json\/wp\/v2\/posts"}],"about":[{"href":"https:\/\/www.europesays.com\/no\/wp-json\/wp\/v2\/types\/post"}],"author":[{"embeddable":true,"href":"https:\/\/www.europesays.com\/no\/wp-json\/wp\/v2\/users\/2"}],"replies":[{"embeddable":true,"href":"https:\/\/www.europesays.com\/no\/wp-json\/wp\/v2\/comments?post=114034"}],"version-history":[{"count":0,"href":"https:\/\/www.europesays.com\/no\/wp-json\/wp\/v2\/posts\/114034\/revisions"}],"wp:featuredmedia":[{"embeddable":true,"href":"https:\/\/www.europesays.com\/no\/wp-json\/wp\/v2\/media\/110645"}],"wp:attachment":[{"href":"https:\/\/www.europesays.com\/no\/wp-json\/wp\/v2\/media?parent=114034"}],"wp:term":[{"taxonomy":"category","embeddable":true,"href":"https:\/\/www.europesays.com\/no\/wp-json\/wp\/v2\/categories?post=114034"},{"taxonomy":"post_tag","embeddable":true,"href":"https:\/\/www.europesays.com\/no\/wp-json\/wp\/v2\/tags?post=114034"}],"curies":[{"name":"wp","href":"https:\/\/api.w.org\/{rel}","templated":true}]}}