{"id":114037,"date":"2025-12-15T18:36:39","date_gmt":"2025-12-15T18:36:39","guid":{"rendered":"https:\/\/www.europesays.com\/no\/114037\/"},"modified":"2025-12-15T18:36:39","modified_gmt":"2025-12-15T18:36:39","slug":"hevder-a-ha-sprengt-russisk-ubat-dagbladet","status":"publish","type":"post","link":"https:\/\/www.europesays.com\/no\/114037\/","title":{"rendered":"Hevder \u00e5 ha sprengt russisk ub\u00e5t &#8211; Dagbladet"},"content":{"rendered":"<ol>\n<li><a href=\"https:\/\/news.google.com\/rss\/articles\/CBMif0FVX3lxTFBaUXo1VkpQRkVQWHp1SzZONjhYVnZZUUJsTVB1LTdQSGxIUW5tQTk5WXd6MS1MeGd6ZU9HT1NWXzVvQXlMb2Z4T1V1QWw4UUR6ajRrQ0VfZmxNdUNqQkc0UGFMb0ZWWnpJVURUSWx0UVFzZExLTWljQUxpMkVCTVE?oc=5\" target=\"_blank\" rel=\"nofollow noopener\">Hevder \u00e5 ha sprengt russisk ub\u00e5t<\/a>&nbsp;&nbsp;Dagbladet<\/li>\n<li><a href=\"https:\/\/news.google.com\/rss\/articles\/CBMimwFBVV95cUxPdUVtS1k3SHRzSHZzZHg1T1RGWjc2NXBudDRLWFJtcjJEdWJwSGxDVENxWXVoSTlCbzgtNW05c0VQU09jVHU2aXhOUF9ETGo5eGlLd2FYSjI0TEc3dGhUVU1rNnlyVFNFTkVmNTh1V3VyR1I0bDBaRlRSTXNxQ1V0TlI4M0IyU0d6UkhnV1lfOHZUWEdJVi15Q1FLTQ?oc=5\" target=\"_blank\" rel=\"nofollow noopener\">Ukraina angriper Russlands skyggefl\u00e5te: \u2013 Ulovlig krigf\u00f8ring<\/a>&nbsp;&nbsp;NRK<\/li>\n<li><a href=\"https:\/\/news.google.com\/rss\/articles\/CBMiiwFBVV95cUxNUWtBdUcxLVFGSndIN3RFUEowNlM1Q0hMUU5ETjgzZTh3WEJzVjhRc2VFR0czYTd2cE9JSlNBMHU1TUFubFJNMm5vUEkzNlk1bTEzanBQUzNkbk9sZ2JjZ2JpdUFtYVJFc2lFMjE5WE5uRlBJR3RDczBvdnBxdmxsOXl6cXJVS2UtN3A4?oc=5\" target=\"_blank\" rel=\"nofollow noopener\">\u00d8ker presset mot skyggefl\u00e5ten<\/a>&nbsp;&nbsp;Finansavisen<\/li>\n<li><a href=\"https:\/\/news.google.com\/rss\/articles\/CBMioAJBVV95cUxPNkotcjN2YjlVeHlJZ2tTWjF3Nk1wSlJqRk5WaVNtZ3d4OVNDVHF6al9yaGRjSkphZl9mUFg1YmlXLUcxOGNiOS1SNkFBOGZkVUFoQXYyTGJVUEFUSzk0QndCdGZ2TGJtLTY1TEJES3Q1Y1I4UDFJTlVUT2pCbURZZFAwblYyRlJyYWJWN2V5U3hzY1BrdDdvX2tYbmlFdndJbzVNSVhNTkxXdEo4VTZBLTdzZW5GTGRiV0IyY1VPempjQzNPWXkwOWNyTV9QYUtzb3RJbXRsZlNfMEZJZnlQWmdHQnV4M3J1V1pCSEJYN25RLXA3aXRvM3dSQmZIbnNBVHVreUZQdmdlek9MZU5ENFRvSWVZUXYwR280NmFMNWc?oc=5\" target=\"_blank\" rel=\"nofollow noopener\">SBU sine Sea Baby-sj\u00f8droner treffer tankskip fra Russlands \u00abskyggefl\u00e5te\u00bb i Svartehavet<\/a>&nbsp;&nbsp;MSN<\/li>\n<li><a href=\"https:\/\/news.google.com\/rss\/articles\/CBMigwFBVV95cUxQd0tCeDZfZUcwZVM5d3BGbmo3dG1hY1JNdEdqRWk1YnZ4S2hJcHpGQUtreVd6TTBtNTVNWDVXdlRIbzJxZlZPZzhpZ0tjNnVpamdidUlhZkxaa1Aya1BmMmVxa0JqbVN5SnJpTEtnSjJqNTRZQ0FNVjM4c1ROMjJLNW5kcw?oc=5\" target=\"_blank\" rel=\"nofollow noopener\">Utenriksstudio &#8211; Ukraina sier de har angrepet tankskip i Svartehavet<\/a>&nbsp;&nbsp;Stavanger Aftenblad<\/li>\n<\/ol>\n","protected":false},"excerpt":{"rendered":"Hevder \u00e5 ha sprengt russisk ub\u00e5t&nbsp;&nbsp;Dagbladet Ukraina angriper Russlands skyggefl\u00e5te: \u2013 Ulovlig krigf\u00f8ring&nbsp;&nbsp;NRK \u00d8ker presset mot skyggefl\u00e5ten&nbsp;&nbsp;Finansavisen SBU&hellip;\n","protected":false},"author":2,"featured_media":114038,"comment_status":"","ping_status":"","sticky":false,"template":"","format":"standard","meta":{"footnotes":""},"categories":[12],"tags":[20,21,24,25,15,22,23,13,30,28,29,14,16,26,27,412,42,43,44,45],"class_list":{"0":"post-114037","1":"post","2":"type-post","3":"status-publish","4":"format-standard","5":"has-post-thumbnail","7":"category-verden","8":"tag-breaking-news","9":"tag-breakingnews","10":"tag-featured-news","11":"tag-featurednews","12":"tag-headlines","13":"tag-latest-news","14":"tag-latestnews","15":"tag-news","16":"tag-no","17":"tag-norge","18":"tag-norway","19":"tag-nyheter","20":"tag-overskrifter","21":"tag-top-stories","22":"tag-topstories","23":"tag-utenriks","24":"tag-verden","25":"tag-world","26":"tag-world-news","27":"tag-worldnews"},"share_on_mastodon":{"url":"https:\/\/pubeurope.com\/@no\/115725034105499166","error":""},"_links":{"self":[{"href":"https:\/\/www.europesays.com\/no\/wp-json\/wp\/v2\/posts\/114037","targetHints":{"allow":["GET"]}}],"collection":[{"href":"https:\/\/www.europesays.com\/no\/wp-json\/wp\/v2\/posts"}],"about":[{"href":"https:\/\/www.europesays.com\/no\/wp-json\/wp\/v2\/types\/post"}],"author":[{"embeddable":true,"href":"https:\/\/www.europesays.com\/no\/wp-json\/wp\/v2\/users\/2"}],"replies":[{"embeddable":true,"href":"https:\/\/www.europesays.com\/no\/wp-json\/wp\/v2\/comments?post=114037"}],"version-history":[{"count":0,"href":"https:\/\/www.europesays.com\/no\/wp-json\/wp\/v2\/posts\/114037\/revisions"}],"wp:featuredmedia":[{"embeddable":true,"href":"https:\/\/www.europesays.com\/no\/wp-json\/wp\/v2\/media\/114038"}],"wp:attachment":[{"href":"https:\/\/www.europesays.com\/no\/wp-json\/wp\/v2\/media?parent=114037"}],"wp:term":[{"taxonomy":"category","embeddable":true,"href":"https:\/\/www.europesays.com\/no\/wp-json\/wp\/v2\/categories?post=114037"},{"taxonomy":"post_tag","embeddable":true,"href":"https:\/\/www.europesays.com\/no\/wp-json\/wp\/v2\/tags?post=114037"}],"curies":[{"name":"wp","href":"https:\/\/api.w.org\/{rel}","templated":true}]}}