{"id":114041,"date":"2025-12-15T18:38:18","date_gmt":"2025-12-15T18:38:18","guid":{"rendered":"https:\/\/www.europesays.com\/no\/114041\/"},"modified":"2025-12-15T18:38:18","modified_gmt":"2025-12-15T18:38:18","slug":"jeg-er-redd-for-at-regjeringen-vil-bruke-dette-som-en-hvilepute","status":"publish","type":"post","link":"https:\/\/www.europesays.com\/no\/114041\/","title":{"rendered":"\u2013 Jeg er redd for at regjeringen vil bruke dette som en hvilepute"},"content":{"rendered":"\n<ul class=\"_list_o9xde_3 _list_64s2r_85 _unordered_o9xde_106 text-sans-m\">\n<li class=\"_item_o9xde_30\">Sebastian Saltr\u00f8 Ytrevik (22) mottok skattelotteri-melding, men tjener for mye som fast vararepresentant p\u00e5 Stortinget til \u00e5 dra nytte av skattefradraget.<\/li>\n<li class=\"_item_o9xde_30\">Ny skatteordning lar 100.000 unge f\u00e5 skattelette, men Ytrevik kritiserer ordningen og sier alle unge b\u00f8r f\u00e5 skattelette.<\/li>\n<li class=\"_item_o9xde_30\">Flere unge politikere p\u00e5 Stortinget uttrykte skuffelse over ikke \u00e5 v\u00e6re blant de heldige.<\/li>\n<\/ul>\n<p>Vis mer <\/p>\n<p class=\"_paragraph_o9xde_4 _paragraph_xtcu6_10 layout-component text-serif-m layout-normal text-serif-m layout-padded\">Det er spesielt at han var en av 100.000 som fikk melding fra skatteetaten i dag; han er trukket ut til \u00e5 f\u00e5 skattelette, via et fradrag i arbeidsinntekten.<\/p>\n<p class=\"_paragraph_o9xde_4 _paragraph_xtcu6_10 layout-component text-serif-m layout-normal text-serif-m layout-padded\">Statsbudsjett er lite preget av lotteri, men i neste \u00e5rs statsbudsjett er det lagt inn en liten vri, fordi cirka 100.000 unge er tilfeldig trukket ut til \u00e5 kunne f\u00e5 et fradrag i arbeidsinntekt over en periode p\u00e5 fem \u00e5r.<\/p>\n<p class=\"_paragraph_o9xde_4 _paragraph_xtcu6_10 layout-component text-serif-m layout-normal text-serif-m layout-padded\">Ordningen gjelder kun for dem mellom 20 og 35 \u00e5r, med \u00e5rsinntekt p\u00e5 mellom 210.000 og 657.500 kroner.<\/p>\n<p class=\"_paragraph_o9xde_4 _paragraph_xtcu6_10 layout-component text-serif-m layout-normal text-serif-m layout-padded\">\u2013 Jeg var en av de heldige som ble trukket ut i skattelotteriet, sier han og leser fra brevet fra skatteetaten.<\/p>\n<p class=\"_paragraph_o9xde_4 _paragraph_xtcu6_10 layout-component text-serif-m layout-normal text-serif-m layout-padded\">\u00abDu er trukket ut og har rett p\u00e5 arbeidsfradrag\u00bb, st\u00e5r det.<\/p>\n<p class=\"_paragraph_o9xde_4 _paragraph_xtcu6_10 layout-component text-serif-m layout-normal text-serif-m layout-padded\">Det var den gode nyheten.<\/p>\n<p><img alt=\"Foto: Thomas Andreassen \/ VG\" class=\"_image_qp4xg_65 layout-component layout-normal\" data-fullscreen- data-track-element-type=\"Article image fullscreen\" data-track-name=\"ImageFullscreen\" decoding=\"async\" loading=\"lazy\" height=\"4104\" itemprop=\"image\"  src=\"https:\/\/www.europesays.com\/no\/wp-content\/uploads\/2025\/12\/2a83c663-e91b-4166-ac94-a2fa3d08caca\"  style=\"object-position:0% 0%\" width=\"5472\"\/>Foto: Thomas Andreassen \/ VG<\/p>\n<p class=\"_paragraph_o9xde_4 _paragraph_xtcu6_10 layout-component text-serif-m layout-normal text-serif-m layout-padded\">Den d\u00e5rlige, sett fra et skattelette-perspektiv, er at 22-\u00e5ringen ble vararepresentant p\u00e5 Stortinget i h\u00f8st, for Frp.<\/p>\n<p class=\"_paragraph_o9xde_4 _paragraph_xtcu6_10 layout-component text-serif-m layout-normal text-serif-m layout-padded\">Og da risikerer du \u00e5 m\u00e5tte m\u00f8te p\u00e5 Stortinget.<\/p>\n<p class=\"_paragraph_o9xde_4 _paragraph_xtcu6_10 layout-component text-serif-m layout-normal text-serif-m layout-padded\">Ytrevik ikke bare risikerer det, han er fast og m\u00f8tende vararepresentant.<\/p>\n<p class=\"_paragraph_o9xde_4 _paragraph_xtcu6_10 layout-component text-serif-m layout-normal text-serif-m layout-padded\">\u2013 Og det skal jeg v\u00e6re frem til sommeren, sier han:<\/p>\n<p class=\"_paragraph_o9xde_4 _paragraph_xtcu6_10 layout-component text-serif-m layout-normal text-serif-m layout-padded\">\u2013 Det betyr at jeg vil tjene s\u00e5 mye at jeg kommer over inntektsgrensen som er satt, fordi jeg har planer om \u00e5 jobbe ogs\u00e5 det siste halv\u00e5ret.<\/p>\n<p class=\"_paragraph_o9xde_4 _paragraph_xtcu6_10 layout-component text-serif-m layout-normal text-serif-m layout-padded\">\u2013 Det er ironisk morsomt, siden jeg har v\u00e6rt imot ordningen. Jeg er redd for at regjeringen vil bruke dette som en hvilepute. Vi \u00f8nsker at alle unge skal f\u00e5 skattelette, ikke bare noen heldig utvalgte i et eksperiment.<\/p>\n<p class=\"_paragraph_o9xde_4 _paragraph_xtcu6_10 layout-component text-serif-m layout-normal text-serif-m layout-padded\">Han viser til det s\u00e5kalte skattelotteriet til finansminister Jens Stoltenberg (Ap), der m\u00e5let er \u00e5 se om arbeidsfradrag gj\u00f8r at unge i denne aldersgruppen motiveres til \u00e5 jobbe mer.<\/p>\n<p class=\"_paragraph_o9xde_4 _paragraph_xtcu6_10 layout-component text-serif-m layout-normal text-serif-m layout-padded\">\u2013 Frp vil \u00f8ke frikortgrensen til 150.000 kroner, som gir en veldig god skattelette, sier han.<\/p>\n<p class=\"_paragraph_o9xde_4 _paragraph_xtcu6_10 layout-component text-serif-m layout-normal text-serif-m layout-padded\">Frikortgrensen er i 2025 100.000 kroner: Du m\u00e5 betale skatt hvis du tjener mer enn 100.000 kroner.<\/p>\n<p><img alt=\"Foto: Thomas Andreassen \/ VG\" class=\"_image_qp4xg_65 layout-component layout-normal\" data-fullscreen- data-track-element-type=\"Article image fullscreen\" data-track-name=\"ImageFullscreen\" decoding=\"async\" loading=\"lazy\" height=\"4076\" itemprop=\"image\"  src=\"https:\/\/www.europesays.com\/no\/wp-content\/uploads\/2025\/12\/782c237b-5170-48b9-b677-186beb555f5f\"  style=\"object-position:0% 0%\" width=\"5434\"\/>Foto: Thomas Andreassen \/ VG<\/p>\n<p class=\"_paragraph_o9xde_4 _paragraph_xtcu6_10 layout-component text-serif-m layout-normal text-serif-m layout-padded\">Han er fra Larvik i Vestfold. Og er vararepresentant for Bj\u00f8rn-Kristian Svendsrud, som skal v\u00e6re i permisjon frem til sommeren.<\/p>\n<p class=\"_paragraph_o9xde_4 _paragraph_xtcu6_10 layout-component text-serif-m layout-normal text-serif-m layout-padded\">\u2013 Hvordan har det v\u00e6rt for en 22-\u00e5ring \u00e5 havne rett inn p\u00e5 Stortinget?<\/p>\n<p class=\"_paragraph_o9xde_4 _paragraph_xtcu6_10 layout-component text-serif-m layout-normal text-serif-m layout-padded\">\u2013 Det er utrolig g\u00f8y. Jeg var fjerdekandidat p\u00e5 listen til Vestfold Frp og det nesten ikke til \u00e5 tro at en fjerdekandidat fra Vestfold f\u00e5r s\u00e5 mye m\u00f8tetid. Det er en fantastisk mulighet for meg \u2013 til \u00e5 l\u00e6re om politikk p\u00e5 Stortinget i s\u00e5 ung alder. <\/p>\n<p> \u2013 Har dere glemt meg?<\/p>\n<p class=\"_paragraph_o9xde_4 _paragraph_xtcu6_10 layout-component text-serif-m layout-normal text-serif-m layout-padded\">VG sjekket mandag med en rekke av de unge politikerne p\u00e5 Stortinget.<\/p>\n<p class=\"_paragraph_o9xde_4 _paragraph_xtcu6_10 layout-component text-serif-m layout-normal text-serif-m layout-padded\">Samtlige reagerer med gr\u00e5tende emojis p\u00e5 at de ikke er en av de heldige.<\/p>\n<p class=\"_paragraph_o9xde_4 _paragraph_xtcu6_10 layout-component text-serif-m layout-normal text-serif-m layout-padded\">KrFs Joel Ysteb\u00f8 melder dette med glimt i \u00f8yet:<\/p>\n<p class=\"_paragraph_o9xde_4 _paragraph_xtcu6_10 layout-component text-serif-m layout-normal text-serif-m layout-padded\">\u2013 Dagens nedtur?<\/p>\n<p class=\"_paragraph_o9xde_4 _paragraph_xtcu6_10 layout-component text-serif-m layout-normal text-serif-m layout-padded\">\u2013 Virkelig! Hadde to lodd med min kone. Hun fikk heller ikke. \u00abRigged!\u00bb<\/p>\n<p><img alt=\"TO LODD: Heller ikke to lodd gjorde at Joel Ysteb\u00f8 (t.v.) vant i skattelotteriet.  Foto: Emilie Rydning \/ VG\" class=\"_image_qp4xg_65 layout-component layout-normal\" data-fullscreen- data-track-element-type=\"Article image fullscreen\" data-track-name=\"ImageFullscreen\" decoding=\"async\" loading=\"lazy\" height=\"4160\" itemprop=\"image\"  src=\"https:\/\/www.europesays.com\/no\/wp-content\/uploads\/2025\/12\/ad4b34c7-6512-4d1f-9a92-df8009daa1a6\"  style=\"object-position:0% 0%\" width=\"6240\"\/>TO LODD: Heller ikke to lodd gjorde at Joel Ysteb\u00f8 (t.v.) vant i skattelotteriet.  Foto: Emilie Rydning \/ VG<\/p>\n<p class=\"_paragraph_o9xde_4 _paragraph_xtcu6_10 layout-component text-serif-m layout-normal text-serif-m layout-padded\">PS: En knapp time etter publisering av denne saken, ringer Arbeiderpartiets \u00c5se Kristin Ask Bakke (29).<\/p>\n<p class=\"_paragraph_o9xde_4 _paragraph_xtcu6_10 layout-component text-serif-m layout-normal text-serif-m layout-padded\">\u2013 Har dere glemt meg? Jeg er jo ogs\u00e5 ung representant p\u00e5 Stortinget!<\/p>\n<p class=\"_paragraph_o9xde_4 _paragraph_xtcu6_10 layout-component text-serif-m layout-normal text-serif-m layout-padded\">Bakke kan glimte med \u00e5 v\u00e6re en av de heldige vinnerne i regjeringens skattelotteri, men heller ikke hun f\u00e5r premie.<\/p>\n<p class=\"_paragraph_o9xde_4 _paragraph_xtcu6_10 layout-component text-serif-m layout-normal text-serif-m layout-padded\">\u2013 Jeg mener at det er helt rett at vi som er s\u00e5 heldige at vi er stortingsrepresentanter ikke skal f\u00e5 arbeidsfradrag. Jeg betaler skatten min med gelde. Med den l\u00f8nna vi har, s\u00e5 skulle det bare mangle at vi bidrar til fellesskapet.<\/p>\n<p class=\"_paragraph_o9xde_4 _paragraph_xtcu6_10 layout-component text-serif-m layout-normal text-serif-m layout-padded\">\u2013 Men ble du ikke litt skuffet n\u00e5r du skj\u00f8nte at du ikke f\u00e5r premie?<\/p>\n<p class=\"_paragraph_o9xde_4 _paragraph_xtcu6_10 layout-component text-serif-m layout-normal text-serif-m layout-padded\">\u2013 Jeg synes det er veldig g\u00f8y \u00e5 bli trukket. Det betyr jo at man har litt flaks! Jeg tror jeg skal legge inn lottokupong til helgen.<\/p>\n","protected":false},"excerpt":{"rendered":"Sebastian Saltr\u00f8 Ytrevik (22) mottok skattelotteri-melding, men tjener for mye som fast vararepresentant p\u00e5 Stortinget til \u00e5 dra&hellip;\n","protected":false},"author":2,"featured_media":114042,"comment_status":"","ping_status":"","sticky":false,"template":"","format":"standard","meta":{"footnotes":""},"categories":[5],"tags":[20,21,24,25,15,19,22,23,17,18,13,30,28,281,29,14,16,333,26,27],"class_list":{"0":"post-114041","1":"post","2":"type-post","3":"status-publish","4":"format-standard","5":"has-post-thumbnail","7":"category-overskrifter","8":"tag-breaking-news","9":"tag-breakingnews","10":"tag-featured-news","11":"tag-featurednews","12":"tag-headlines","13":"tag-hovedoppslag","14":"tag-latest-news","15":"tag-latestnews","16":"tag-main-news","17":"tag-mainnews","18":"tag-news","19":"tag-no","20":"tag-norge","21":"tag-norsk-politikk","22":"tag-norway","23":"tag-nyheter","24":"tag-overskrifter","25":"tag-stortinget","26":"tag-top-stories","27":"tag-topstories"},"share_on_mastodon":{"url":"https:\/\/pubeurope.com\/@no\/115725042731382556","error":""},"_links":{"self":[{"href":"https:\/\/www.europesays.com\/no\/wp-json\/wp\/v2\/posts\/114041","targetHints":{"allow":["GET"]}}],"collection":[{"href":"https:\/\/www.europesays.com\/no\/wp-json\/wp\/v2\/posts"}],"about":[{"href":"https:\/\/www.europesays.com\/no\/wp-json\/wp\/v2\/types\/post"}],"author":[{"embeddable":true,"href":"https:\/\/www.europesays.com\/no\/wp-json\/wp\/v2\/users\/2"}],"replies":[{"embeddable":true,"href":"https:\/\/www.europesays.com\/no\/wp-json\/wp\/v2\/comments?post=114041"}],"version-history":[{"count":0,"href":"https:\/\/www.europesays.com\/no\/wp-json\/wp\/v2\/posts\/114041\/revisions"}],"wp:featuredmedia":[{"embeddable":true,"href":"https:\/\/www.europesays.com\/no\/wp-json\/wp\/v2\/media\/114042"}],"wp:attachment":[{"href":"https:\/\/www.europesays.com\/no\/wp-json\/wp\/v2\/media?parent=114041"}],"wp:term":[{"taxonomy":"category","embeddable":true,"href":"https:\/\/www.europesays.com\/no\/wp-json\/wp\/v2\/categories?post=114041"},{"taxonomy":"post_tag","embeddable":true,"href":"https:\/\/www.europesays.com\/no\/wp-json\/wp\/v2\/tags?post=114041"}],"curies":[{"name":"wp","href":"https:\/\/api.w.org\/{rel}","templated":true}]}}