{"id":114043,"date":"2025-12-15T18:39:09","date_gmt":"2025-12-15T18:39:09","guid":{"rendered":"https:\/\/www.europesays.com\/no\/114043\/"},"modified":"2025-12-15T18:39:09","modified_gmt":"2025-12-15T18:39:09","slug":"manchester-united-premier-league-ny-profil-kobles-til-manchester-united","status":"publish","type":"post","link":"https:\/\/www.europesays.com\/no\/114043\/","title":{"rendered":"Manchester United, Premier League | Ny profil kobles til Manchester United"},"content":{"rendered":"\n<p>Mandag kveld tar Manchester United imot Bournemouth hjemme p\u00e5 Old Trafford, og en som b\u00f8r v\u00e6re litt ekstra gira p\u00e5 imponere i kampen mot United er Tyler Adams.<\/p>\n<p>If\u00f8lge <a rel=\"Follow nofollow noopener\" href=\"https:\/\/www.dailymail.co.uk\/sport\/football\/article-15384885\/Bournemouth-midfielder-emerges-surprise-option-Manchester-United-Ruben-Amorim-looks-strengthen-midfield-January.html\" target=\"_blank\">Daily Mail<\/a> skal nemlig amerikaneren v\u00e6re p\u00e5 radaren til Manchester United, som angivelig er p\u00e5 jakt etter en ny midtbanespiller.<\/p>\n<p>26-\u00e5ringen skal ha en prislapp p\u00e5 rundt 40 millioner pund, og han er dermed if\u00f8lge Daily Mail et billigere alternativ enn spillere som Carlos Baleba, Elliot Anderson og Adam Wharton, som ogs\u00e5 blir koblet til United.<\/p>\n<p><b>Les ogs\u00e5: <a href=\"https:\/\/www.nettavisen.no\/sport\/premier-league-klubber-tar-kjott-grep\/s\/5-95-2776745\" rel=\"Follow nofollow noopener\" target=\"_blank\">Premier League-klubber tar kj\u00f8tt-grep<\/a><\/b><\/p>\n<p>Sterk sesong<\/p>\n<p>Om Adams ender opp i United eller ikke gjenst\u00e5r \u00e5 se, men han legger uansett ikke skjul p\u00e5 at han gleder seg til \u00e5 spille p\u00e5 Old Trafford.<\/p>\n<p>\u2013 Jeg spilte mot Manchester United p\u00e5 Old Trafford under covid-19 med RB Leipzig. Det var f\u00f8rste gang jeg kom inn p\u00e5 Old Trafford, og jeg tenkte at dr\u00f8mmen min egentlig er \u00e5 spille i Premier League, for det er jo det det handler om her, sier Adams i et intervju f\u00f8r kampen, gjengitt av Daily Mail.<\/p>\n<p>   <img decoding=\"async\" width=\"2719\" height=\"1995\" fetchpriority=\"low\"  loading=\"lazy\"  src=\"https:\/\/www.europesays.com\/no\/wp-content\/uploads\/2025\/12\/TylerAdams.jpg.jpg\" alt=\"Soccer Football - Premier League - AFC Bournemouth v Everton - Vitality Stadium, Bournemouth, Britain - December 2, 2025 &#10;AFC Bournemouth's Tyler Adams reacts Action Images via Reuters\/Andrew Couldridge EDITORIAL USE ONLY. NO USE WITH UNAUTHORIZED AUDIO, VIDEO, DATA, FIXTURE LISTS, CLUB\/LEAGUE LOGOS OR 'LIVE' SERVICES. ONLINE IN-MATCH USE LIMITED TO 120 IMAGES, NO VIDEO EMULATION. NO USE IN BETTING, GAMES OR SINGLE CLUB\/LEAGUE\/PLAYER PUBLICATIONS. PLEASE CONTACT YOUR ACCOUNT REPRESENTATIVE FOR FURTHER DETAILS..\" class=\"brick-c-cFOWSL\" style=\"--brick-image-ratio: 2719 \/ 1995;\"\/><\/p>\n<p>      IMPONERER: Tyler Adams har imponert for Bournemouth denne sesongen.<br \/>\n      Foto: Andrew Couldridge (Reuters)\n    <\/p>\n<p>\u2013 Jeg gleder meg alltid til \u00e5 spille mot United, legger han til.<\/p>\n<p>Adams har v\u00e6rt en viktig brikke for et Bournemouth-lag som i perioder har imponert stort denne sesongen.<\/p>\n<p>Den defensive midtbanespilleren har ogs\u00e5 sterk statistikk \u00e5 vise til. Denne sesongen er han sammen med Chelseas Mois\u00e9s Caicedo den midtbanespilleren som har brutt motstanderen flest ganger.<\/p>\n<p>Han er ogs\u00e5 p\u00e5 sjuendeplass totalt i Premier League p\u00e5 lista over spillere som har gjort flest taklinger.<\/p>\n<p><b>Les ogs\u00e5: <a href=\"https:\/\/www.nettavisen.no\/sport\/fotballstjernen-pogba-fascinert-av-kamelveddelop-har-kjopt-profflag\/s\/5-95-2778636\" rel=\"Follow nofollow noopener\" target=\"_blank\">Fotballstjernen Pogba fascinert av kamelveddel\u00f8p \u2013 har kj\u00f8pt profflag<\/a><\/b><\/p>\n<p>Vanvittig m\u00e5l<\/p>\n<p>Det er imidlertid noe helt annet enn det defensive Adams har f\u00e5tt mest oppmerksomhet for i \u00e5r. Det skjedde nemlig da han vartet opp med et utrolig m\u00e5l mot Sunderland.<\/p>\n<p>26-\u00e5ringen plukket opp ballen p\u00e5 egen banehalvdel, avanserte framover i banen og lobbet ballen i m\u00e5l fra inne i midtbanesirkelen. M\u00e5let ble k\u00e5ret til m\u00e5nedens m\u00e5l i november.<\/p>\n<p>\u2013 Det var et av de blackout-\u00f8yeblikkene der du befinner deg i et scenario og tenker \u00abpr\u00f8v det\u00bb. Jeg hadde selvtilliten til \u00e5 pr\u00f8ve det, og det endte opp med \u00e5 g\u00e5 i m\u00e5l, forklarer Adams.<\/p>\n<p>Manchester United krysser nok fingrene for at noe lignende ikke skjer i mandagens kamp. Kampen mellom United og Bournemouth starter klokken 21.00.<\/p>\n","protected":false},"excerpt":{"rendered":"Mandag kveld tar Manchester United imot Bournemouth hjemme p\u00e5 Old Trafford, og en som b\u00f8r v\u00e6re litt ekstra&hellip;\n","protected":false},"author":2,"featured_media":114044,"comment_status":"","ping_status":"","sticky":false,"template":"","format":"standard","meta":{"footnotes":""},"categories":[59],"tags":[30,28,29,83,82],"class_list":{"0":"post-114043","1":"post","2":"type-post","3":"status-publish","4":"format-standard","5":"has-post-thumbnail","7":"category-sport","8":"tag-no","9":"tag-norge","10":"tag-norway","11":"tag-sport","12":"tag-sports"},"share_on_mastodon":{"url":"https:\/\/pubeurope.com\/@no\/115725045845949492","error":""},"_links":{"self":[{"href":"https:\/\/www.europesays.com\/no\/wp-json\/wp\/v2\/posts\/114043","targetHints":{"allow":["GET"]}}],"collection":[{"href":"https:\/\/www.europesays.com\/no\/wp-json\/wp\/v2\/posts"}],"about":[{"href":"https:\/\/www.europesays.com\/no\/wp-json\/wp\/v2\/types\/post"}],"author":[{"embeddable":true,"href":"https:\/\/www.europesays.com\/no\/wp-json\/wp\/v2\/users\/2"}],"replies":[{"embeddable":true,"href":"https:\/\/www.europesays.com\/no\/wp-json\/wp\/v2\/comments?post=114043"}],"version-history":[{"count":0,"href":"https:\/\/www.europesays.com\/no\/wp-json\/wp\/v2\/posts\/114043\/revisions"}],"wp:featuredmedia":[{"embeddable":true,"href":"https:\/\/www.europesays.com\/no\/wp-json\/wp\/v2\/media\/114044"}],"wp:attachment":[{"href":"https:\/\/www.europesays.com\/no\/wp-json\/wp\/v2\/media?parent=114043"}],"wp:term":[{"taxonomy":"category","embeddable":true,"href":"https:\/\/www.europesays.com\/no\/wp-json\/wp\/v2\/categories?post=114043"},{"taxonomy":"post_tag","embeddable":true,"href":"https:\/\/www.europesays.com\/no\/wp-json\/wp\/v2\/tags?post=114043"}],"curies":[{"name":"wp","href":"https:\/\/api.w.org\/{rel}","templated":true}]}}