{"id":114051,"date":"2025-12-15T18:52:24","date_gmt":"2025-12-15T18:52:24","guid":{"rendered":"https:\/\/www.europesays.com\/no\/114051\/"},"modified":"2025-12-15T18:52:24","modified_gmt":"2025-12-15T18:52:24","slug":"bondeprotester-i-mange-europeiske-land-det-er-bare-opptakten","status":"publish","type":"post","link":"https:\/\/www.europesays.com\/no\/114051\/","title":{"rendered":"Bondeprotester i mange europeiske land, det er bare opptakten!"},"content":{"rendered":"<p>            <img loading=\"lazy\" decoding=\"async\" width=\"696\" height=\"390\" class=\"entry-thumb\" src=\"https:\/\/www.europesays.com\/no\/wp-content\/uploads\/2025\/12\/gresk-bondeprotest.jpg\"   alt=\"\" title=\"gresk bondeprotest\"\/>Gresk bondeprotest.<\/p>\n<p>Angrepene p\u00e5 b\u00f8ndene bare fortsetter, men ute i Europa sier de tydelig ifra.<\/p>\n<p><img data-recalc-dims=\"1\" fetchpriority=\"high\" decoding=\"async\" width=\"220\" height=\"251\" src=\"https:\/\/www.europesays.com\/no\/wp-content\/uploads\/2025\/12\/romy-e1702354547279.jpg\" alt=\"\" class=\"wp-image-36356\"\/>Romy Rohmann.<\/p>\n<p>Den 12. desember sto det stille i Hellas, greske b\u00f8nder blokkerte motorveier, havner og flyplasser, fordi 600 MILLIONER euro i landbruksst\u00f8tte p\u00e5 mystisk vis forsvant i en korrupsjonsskandale som n\u00e5 eksploderer over hele landet. B\u00f8ndene har mistet t\u00e5lmodigheten, b\u00f8ndene kjemper mot kostnads\u00f8kninger, flom og sykdommer blant husdyra. Regjeringa hevder at 3,7 milliarder euro kommer, men de lar vente p\u00e5 seg.<a href=\"https:\/\/www.google.com\/url?sa=i&amp;url=https%3A%2F%2Fwww.rnd.de%2Fwirtschaft%2Fgriechische-landwirte-blockieren-wichtige-strassen-und-autobahnen-JCPULXHRBVCNJITMX6QK4VURE4.html&amp;psig=AOvVaw0_GnO0PYUvrDS7PlIpp3Zr&amp;ust=1765860201801000&amp;source=images&amp;cd=vfe&amp;opi=89978449&amp;ved=0CBQQjhxqFwoTCPjRk8nkvpEDFQAAAAAdAAAAABAE\" target=\"_blank\" rel=\"noreferrer noopener nofollow\"><\/p>\n<p><a href=\"https:\/\/www.google.com\/url?sa=i&amp;url=https%3A%2F%2Fwww.rnd.de%2Fwirtschaft%2Fgriechische-landwirte-blockieren-wichtige-strassen-und-autobahnen-JCPULXHRBVCNJITMX6QK4VURE4.html&amp;psig=AOvVaw0_GnO0PYUvrDS7PlIpp3Zr&amp;ust=1765860201801000&amp;source=images&amp;cd=vfe&amp;opi=89978449&amp;ved=0CBQQjhxqFwoTCPjRk8nkvpEDFQAAAAAdAAAAABAE\" target=\"_blank\" rel=\"noreferrer noopener nofollow\">Proteste in Griechenland: Landwirte legen Autobahnen lahm<\/a><a href=\"https:\/\/www.rnd.de\/wirtschaft\/griechische-landwirte-blockieren-wichtige-strassen-und-autobahnen-JCPULXHRBVCNJITMX6QK4VURE4.html\" target=\"_blank\" rel=\"noreferrer noopener nofollow\"><\/p>\n<p>I Frankrike har det v\u00e6rt store protester mot myndighetenes h\u00e5ndtering av utbruddene av nodul\u00e6r dermatitt, allment kjent som klumpete hudsykdom. B\u00f8ndene blokkerte veier i protest mot masseslaktingstiltakene som blei beordret. N\u00e5 har Frankrikes landbruksdepartement sagt at en million storfe ville bli vaksinert mot denne hudsykdommen i l\u00f8pet av de kommende ukene.<\/p>\n<p><img loading=\"lazy\" data-recalc-dims=\"1\" decoding=\"async\" width=\"328\" height=\"347\" src=\"https:\/\/www.europesays.com\/no\/wp-content\/uploads\/2025\/12\/image-18.jpeg\" alt=\"\" class=\"wp-image-155517\"  \/><\/p>\n<p><a href=\"https:\/\/www.france24.com\/en\/france\/20251213-france-to-vaccinate-cattle-against-lumpy-skin-disease-as-farmers-protest-mass-culling-policy\" rel=\"nofollow noopener\" target=\"_blank\">https:\/\/www.france24.com\/en\/france\/20251213-france-to-vaccinate-cattle-against-lumpy-skin-disease-as-farmers-protest-mass-culling-policy<\/a><\/p>\n<p>I England har det v\u00e6rt store protester i flere byer mot den varslede arveavgiften. Det ser ikke ut til at regjeringa har tenkt \u00e5 legge den til side.<\/p>\n<p>Dette har vi skrevet om her p\u00e5 steigan.no ogs\u00e5 tidligere:<\/p>\n<p>Halvparten av britiske g\u00e5rder kan g\u00e5 ut av drift innen 2035 p\u00e5 grunn av disse foresl\u00e5tte endringer i arveavgiften (IHT), som skal tre i kraft v\u00e5ren 2026. Dette kommer fram i en\u00a0<a href=\"https:\/\/www.fwi.co.uk\/business\/business-management\/tax\/half-of-uk-farms-face-closure-from-iht-hike-survey-finds\" target=\"_blank\" rel=\"noreferrer noopener nofollow\">unders\u00f8kelse<\/a>, bestilt av Ashbridge Partners, der 2000 britiske b\u00f8nder har deltatt.<\/p>\n<p>Det er ventet store demonstrasjoner opp mot EU-toppm\u00f8tet den 18.desember, flere steder i Frankrike \u00abvarmer de allerede opp\u00bb med \u00e5 spre m\u00f8kk foran bygninger.<\/p>\n<p><img data-recalc-dims=\"1\" loading=\"lazy\" decoding=\"async\" width=\"696\" height=\"402\" src=\"https:\/\/www.europesays.com\/no\/wp-content\/uploads\/2025\/12\/image-23-1.jpg\" alt=\"\" class=\"wp-image-155518\"  \/><\/p>\n<p>Disse protestene i forbindelse med EU m\u00f8tet er organisert av de europeiske bondeorganisasjonene Copa Cogeca, og er rettet mot de foresl\u00e5tte kutt i EUs landbrukspolitikk, \u00f8kt regelpress og handelsavtaler som Mercosur-avtalen.\u00a0<\/p>\n<p>Importen fra fattige jordbruksland \u00f8ker mens Europas b\u00f8nder m\u00e5 avvikle. Mercosuravtalen mellom EU og viktige jordbruksland i Latin-Amerika, \u00e5pner for full tollfrihet.<\/p>\n<p>Dette er en video de har delt for \u00e5 mobilisere f\u00f8r m\u00f8tet:<\/p>\n<p><img data-recalc-dims=\"1\" decoding=\"async\" data-spai-excluded=\"true\" class=\"epyt-facade-poster skip-lazy\" loading=\"lazy\" alt=\"YouTube player\" src=\"https:\/\/www.europesays.com\/no\/wp-content\/uploads\/2025\/12\/1765824743_472_maxresdefault.jpg\"\/><\/p>\n<p>Svenske b\u00f8nder har sagt at de vil dra til Brussel og delta i demonstrasjonene, rundt 50 er fra LRF og Sverige, inkludert Hans Ramel, medlem av LRFs landsstyre.<\/p>\n<p>(LRF (Lantbrukarnas Riksf\u00f6rbund) i Sverige er en stor interesse- og n\u00e6ringsorganisasjon for hele det gr\u00f8nne n\u00e6ringslivet, som inkluderer landbruk, skogbruk, hagebruk, livsmiddelindustri og landsbygdsturisme. Med rundt 140 000 medlemmer representerer LRF over 70 000 bedrifter, jobber for \u00e5 styrke konkurranseevnen, tilby r\u00e5dgivning, og p\u00e5virker politikk for \u00e5 skape bedre vilk\u00e5r for eiere av jord og skog.)<\/p>\n<p>Jeg drar dit fordi vi synes det er viktig \u00e5 markere v\u00e5r misn\u00f8ye. Det f\u00f8les historisk og viktig, og jeg er glad for at LRF er der og representerer Sveriges b\u00f8nder, sier Hans Ramel.<\/p>\n<p><a href=\"https:\/\/www.landlantbruk.se\/lrf-demonstrerar-i-bryssel-mot-eus-jordbrukspolitik\" rel=\"nofollow noopener\" target=\"_blank\">https:\/\/www.landlantbruk.se\/lrf-demonstrerar-i-bryssel-mot-eus-jordbrukspolitik<\/a><\/p>\n<p>I Norge g\u00e5r talla for sj\u00f8lforsyning ned, p\u00e5 tross av regjeringas m\u00e5l om \u00f8kt sj\u00f8lforsyning.<\/p>\n<p><img data-recalc-dims=\"1\" loading=\"lazy\" decoding=\"async\" width=\"696\" height=\"460\" src=\"https:\/\/www.europesays.com\/no\/wp-content\/uploads\/2025\/12\/image-23-2.jpg\" alt=\"\" class=\"wp-image-155520\" style=\"width:700px\"  \/><\/p>\n<p>S\u00e5 langt i \u00e5r er det importert litt over 10,9 millioner kilo kj\u00f8tt, 50 prosent mer enn i fjor.<\/p>\n<p><a href=\"https:\/\/www.finansavisen.no\/mat-og-drikke\/2025\/10\/07\/8297858\/kjottimporten-opp-50-prosent-sa-langt-i-ar\" rel=\"nofollow noopener\" target=\"_blank\">https:\/\/www.finansavisen.no\/mat-og-drikke\/2025\/10\/07\/8297858\/kjottimporten-opp-50-prosent-sa-langt-i-ar<\/a><\/p>\n<p>Samtidig leser vi at overskuddet av sm\u00e5gris i Stavanger var s\u00e5 stort at Nortura m\u00e5tte avlive og destruere 900 sm\u00e5gris, fordi det ikke var b\u00f8nder som kunne ta imot og f\u00f8 opp disse her i landet. Dette er sv\u00e6rt d\u00e5rlig planlegging og d\u00e5rlig landbrukspolitikk.<\/p>\n<p>Nationen snakket med en bonde som tok imot 180 griser i august:<\/p>\n<p>Det finnes b\u00f8nder som har ledig kapasitet i fj\u00f8set, men som ikke kan ta imot flere griser, fordi de allerede har produsert opp til konsesjonsgrensen og ikke vil gj\u00f8re seg til lovbrytere. En av dem som tok imot gris selv om han allerede har produsert det han har lov til dette \u00e5ret, er bonde og H\u00f8yre-politiker Kristian Hovde i Ringsaker.<\/p>\n<p>Han tok imot ekstra 180 griser fra Nortura i august. \u2013 Jeg kommer til \u00e5 f\u00e5 bot fra landbruksmyndighetene p\u00e5 250 kroner per gris for dette her, men jeg synes det m\u00e5 v\u00e6re lov \u00e5 bruke huet. Det er helt idiotisk \u00e5 avlive sm\u00e5gris, mens vi importere ribbe og gir b\u00f8ter til de b\u00f8ndene som pr\u00f8ver \u00e5 avhjelpe situasjonen, sier Hovde.<\/p>\n<p><a href=\"https:\/\/www.nationen.no\/nortura-matte-avlive-900-smagris-pa-grunn-av-plassproblemer-samtidig-som-vi-importerer-svinekjott\/s\/5-148-835848\" rel=\"nofollow noopener\" target=\"_blank\">https:\/\/www.nationen.no\/nortura-matte-avlive-900-smagris-pa-grunn-av-plassproblemer-samtidig-som-vi-importerer-svinekjott\/s\/5-148-835848<\/a><\/p>\n<p>Vi skreiv om hva som skulle til for \u00e5 n\u00e5 et 50% sj\u00f8lforsyningsm\u00e5l innen 2030 her p\u00e5 steigan.no i juni. Da hadde Norsk Bonde- og Sm\u00e5brukarlag f\u00e5tt rapporten de hadde bestilt av Rurarlis. Denne viste at det vil koste 11 milliarder kroner i \u00e5ret \u00e5 n\u00e5 Stortingets sj\u00f8lforsyningsm\u00e5l p\u00e5 50% innen 2030.<\/p>\n<p>Vi st\u00e5r bare lenger fra dette m\u00e5let enn vi gjorde, og er n\u00e5 nesten nede p\u00e5 2019-niv\u00e5.<\/p>\n","protected":false},"excerpt":{"rendered":"Gresk bondeprotest. Angrepene p\u00e5 b\u00f8ndene bare fortsetter, men ute i Europa sier de tydelig ifra. Romy Rohmann. Den&hellip;\n","protected":false},"author":2,"featured_media":114052,"comment_status":"","ping_status":"","sticky":false,"template":"","format":"standard","meta":{"footnotes":""},"categories":[12],"tags":[20,21,24,25,15,22,23,13,30,28,29,14,16,26,27,42,43,44,45],"class_list":{"0":"post-114051","1":"post","2":"type-post","3":"status-publish","4":"format-standard","5":"has-post-thumbnail","7":"category-verden","8":"tag-breaking-news","9":"tag-breakingnews","10":"tag-featured-news","11":"tag-featurednews","12":"tag-headlines","13":"tag-latest-news","14":"tag-latestnews","15":"tag-news","16":"tag-no","17":"tag-norge","18":"tag-norway","19":"tag-nyheter","20":"tag-overskrifter","21":"tag-top-stories","22":"tag-topstories","23":"tag-verden","24":"tag-world","25":"tag-world-news","26":"tag-worldnews"},"share_on_mastodon":{"url":"https:\/\/pubeurope.com\/@no\/115725097461956598","error":""},"_links":{"self":[{"href":"https:\/\/www.europesays.com\/no\/wp-json\/wp\/v2\/posts\/114051","targetHints":{"allow":["GET"]}}],"collection":[{"href":"https:\/\/www.europesays.com\/no\/wp-json\/wp\/v2\/posts"}],"about":[{"href":"https:\/\/www.europesays.com\/no\/wp-json\/wp\/v2\/types\/post"}],"author":[{"embeddable":true,"href":"https:\/\/www.europesays.com\/no\/wp-json\/wp\/v2\/users\/2"}],"replies":[{"embeddable":true,"href":"https:\/\/www.europesays.com\/no\/wp-json\/wp\/v2\/comments?post=114051"}],"version-history":[{"count":0,"href":"https:\/\/www.europesays.com\/no\/wp-json\/wp\/v2\/posts\/114051\/revisions"}],"wp:featuredmedia":[{"embeddable":true,"href":"https:\/\/www.europesays.com\/no\/wp-json\/wp\/v2\/media\/114052"}],"wp:attachment":[{"href":"https:\/\/www.europesays.com\/no\/wp-json\/wp\/v2\/media?parent=114051"}],"wp:term":[{"taxonomy":"category","embeddable":true,"href":"https:\/\/www.europesays.com\/no\/wp-json\/wp\/v2\/categories?post=114051"},{"taxonomy":"post_tag","embeddable":true,"href":"https:\/\/www.europesays.com\/no\/wp-json\/wp\/v2\/tags?post=114051"}],"curies":[{"name":"wp","href":"https:\/\/api.w.org\/{rel}","templated":true}]}}