{"id":114055,"date":"2025-12-15T19:00:30","date_gmt":"2025-12-15T19:00:30","guid":{"rendered":"https:\/\/www.europesays.com\/no\/114055\/"},"modified":"2025-12-15T19:00:30","modified_gmt":"2025-12-15T19:00:30","slug":"konservativ-seier-i-presidentvalget-i-chile","status":"publish","type":"post","link":"https:\/\/www.europesays.com\/no\/114055\/","title":{"rendered":"Konservativ seier i presidentvalget i Chile"},"content":{"rendered":"\n<p class=\"_lead_o9xde_2 _lead_xtcu6_50 layout-component text-serif-m layout-normal text-serif-l layout-component layout-wide layout-padded _wide_17hqh_1 layout-padded\">Den h\u00f8yreorienterte kandidaten Jos\u00e9 Antonio Kast (59) vant s\u00f8ndagens presidentvalg i Chile med klar margin.<\/p>\n<p><img alt=\"Presidentkandidat Jos\u00e9 Antonio Kast tar en selfie med velgerne etter at han avga sin stemme i Chiles hovedstad Santiago s\u00f8ndag.  Foto: Esteban Felix \/ AP \/ NTB\" class=\"_image_qp4xg_65 layout-component layout-wide\" data-fullscreen- data-track-element-type=\"Article image fullscreen\" data-track-name=\"ImageFullscreen\" fetchpriority=\"high\" decoding=\"sync\" loading=\"eager\" height=\"5760\" itemprop=\"image\"  src=\"https:\/\/www.europesays.com\/no\/wp-content\/uploads\/2025\/12\/1a736980-ffe7-4f6b-a3b5-31384929c0f0\"  style=\"object-position:0% 0%\" width=\"8640\"\/>Presidentkandidat Jos\u00e9 Antonio Kast tar en selfie med velgerne etter at han avga sin stemme i Chiles hovedstad Santiago s\u00f8ndag.  Foto: Esteban Felix \/ AP \/ NTB<\/p>\n<ul aria-hidden=\"true\" class=\"_images_ntbth_112\">\n<li><a class=\"_link_ntbth_117\" href=\"https:\/\/www.vg.no\/forfatter\/ntb\" style=\"z-index:1\" title=\"NTB\" rel=\"nofollow noopener\" target=\"_blank\"><img alt=\"Bilde av NTB\" class=\"_image_ntbth_93\" fetchpriority=\"low\" loading=\"lazy\" decoding=\"async\" itemprop=\"image\"  src=\"https:\/\/www.europesays.com\/no\/wp-content\/uploads\/2025\/12\/1765825230_623_c33980b0-5d07-4027-84a1-813f90a7c8d6\"  width=\"480\"\/><\/a><\/li>\n<\/ul>\n<p> Oppdatert mandag 15. desember kl. 02:54     <\/p>\n<p class=\"_paragraph_o9xde_4 _paragraph_xtcu6_10 layout-component text-serif-m layout-normal text-serif-m layout-padded\">Kast fikk 58,3 prosent av stemmene i andre valgomgang mot Jeannette Jara fra den venstreorienterte regjeringskoalisjonen, som endte p\u00e5 41,7 prosent, da over 95 prosent av stemmene var telt opp.<\/p>\n<p class=\"_paragraph_o9xde_4 _paragraph_xtcu6_10 layout-component text-serif-m layout-normal text-serif-m layout-padded\">Seieren markerer et markant h\u00f8yreskifte i landet, og kriminalitet og innvandring ble avgj\u00f8rende temaer i valgkampen.<\/p>\n<p class=\"_paragraph_o9xde_4 _paragraph_xtcu6_10 layout-component text-serif-m layout-normal text-serif-m layout-padded\">Jara er medlem av kommunistpartiet og tidligere arbeidsminister i president Gabriel Borics venstreregjering. <\/p>\n<p class=\"_paragraph_o9xde_4 _paragraph_xtcu6_10 layout-component text-serif-m layout-normal text-serif-m layout-padded\">\u2013 Demokratiet har talt h\u00f8yt og tydelig, sa Jara da hun erkjente nederlaget.<\/p>\n<p class=\"_paragraph_o9xde_4 _paragraph_xtcu6_10 layout-component text-serif-m layout-normal text-serif-m layout-padded\">Kasts seier inneb\u00e6rer det tydeligste h\u00f8yreskiftet i <a href=\"https:\/\/www.vg.no\/tag\/chile?utm_source=vg-article&amp;utm_medium=auto-tagger&amp;utm_campaign=M7gGRR\" class=\"_link_o9xde_39\" rel=\"nofollow noopener\" target=\"_blank\">Chile<\/a> siden slutten p\u00e5 milit\u00e6rdiktaturet i 1990. Han slutter seg til en rekke h\u00f8yreorienterte ledere valgt i regionen de siste \u00e5rene, blant dem Ecuadors Daniel Noboa, El Salvadors Nayib Bukele og Argentinas Javier Milei.<\/p>\n<p>Innvandring<\/p>\n<p class=\"_paragraph_o9xde_4 _paragraph_xtcu6_10 layout-component text-serif-m layout-normal text-serif-m layout-padded\">Innvandring har ogs\u00e5 rykket h\u00f8yt opp p\u00e5 den politiske dagsordenen. If\u00f8lge myndighetene har de fleste migrantene som oppholder seg ulovlig i Chile kommet fra Venezuela. Migranter utgj\u00f8r n\u00e5 rundt 10 prosent av befolkningen.<\/p>\n<p class=\"_paragraph_o9xde_4 _paragraph_xtcu6_10 layout-component text-serif-m layout-normal text-serif-m layout-padded\">Kast har gjort sikring av grensene, utvisning av migranter uten lovlig opphold og bygging av nye fengsler til hovedsaker i valgkampen. Han har ogs\u00e5 foresl\u00e5tt \u00e5 sette inn milit\u00e6ret i omr\u00e5der med h\u00f8y kriminalitet og \u00e5 etablere en politistyrke inspirert av USAs immigrasjonsmyndigheter.<\/p>\n<p class=\"_paragraph_o9xde_4 _paragraph_xtcu6_10 layout-component text-serif-m layout-normal text-serif-m layout-padded\">\u00d8konomisk har Kast varslet lavere selskapsskatt og kraftige kutt i offentlige utgifter. Forventninger om mindre regulering og mer markedsvennlig politikk har allerede bidratt til oppgang p\u00e5 b\u00f8rsen og styrket pesoen. Chile er verdens st\u00f8rste produsent av kobber og en stor produsent av litium.<\/p>\n<p>Nibarnsfar<\/p>\n<p class=\"_paragraph_o9xde_4 _paragraph_xtcu6_10 layout-component text-serif-m layout-normal text-serif-m layout-padded\">Samtidig kan Kast m\u00f8te motstand i kongressen. Senatet er jevnt delt mellom venstre- og h\u00f8yresiden, mens vippeposisjonen i underhuset innehas av det populistiske Folkepartiet.<\/p>\n<p class=\"_paragraph_o9xde_4 _paragraph_xtcu6_10 layout-component text-serif-m layout-normal text-serif-m layout-padded\">Kast er katolikk og nibarnsfar. Han er f\u00f8dt inn i en familie av tyske immigranter. Kasts far, som var medlem av nazipartiet i Bayern, flyttet til Chile etter andre verdenskrig og grunnla senere en kj\u00f8tt- og p\u00f8lsefabrikk. <\/p>\n<p class=\"_paragraph_o9xde_4 _paragraph_xtcu6_10 layout-component text-serif-m layout-normal text-serif-m layout-padded\">Rundt 15,8 millioner mennesker hadde stemmerett i Chile, der stemmegivning er obligatorisk. Kast tiltrer embetet 11. mars 2026.<\/p>\n","protected":false},"excerpt":{"rendered":"Den h\u00f8yreorienterte kandidaten Jos\u00e9 Antonio Kast (59) vant s\u00f8ndagens presidentvalg i Chile med klar margin. Presidentkandidat Jos\u00e9 Antonio&hellip;\n","protected":false},"author":2,"featured_media":114056,"comment_status":"","ping_status":"","sticky":false,"template":"","format":"standard","meta":{"footnotes":""},"categories":[12],"tags":[20,21,5798,24,25,15,22,23,13,30,28,29,14,16,26,27,42,43,44,45],"class_list":{"0":"post-114055","1":"post","2":"type-post","3":"status-publish","4":"format-standard","5":"has-post-thumbnail","7":"category-verden","8":"tag-breaking-news","9":"tag-breakingnews","10":"tag-chile","11":"tag-featured-news","12":"tag-featurednews","13":"tag-headlines","14":"tag-latest-news","15":"tag-latestnews","16":"tag-news","17":"tag-no","18":"tag-norge","19":"tag-norway","20":"tag-nyheter","21":"tag-overskrifter","22":"tag-top-stories","23":"tag-topstories","24":"tag-verden","25":"tag-world","26":"tag-world-news","27":"tag-worldnews"},"share_on_mastodon":{"url":"https:\/\/pubeurope.com\/@no\/115725128627474549","error":""},"_links":{"self":[{"href":"https:\/\/www.europesays.com\/no\/wp-json\/wp\/v2\/posts\/114055","targetHints":{"allow":["GET"]}}],"collection":[{"href":"https:\/\/www.europesays.com\/no\/wp-json\/wp\/v2\/posts"}],"about":[{"href":"https:\/\/www.europesays.com\/no\/wp-json\/wp\/v2\/types\/post"}],"author":[{"embeddable":true,"href":"https:\/\/www.europesays.com\/no\/wp-json\/wp\/v2\/users\/2"}],"replies":[{"embeddable":true,"href":"https:\/\/www.europesays.com\/no\/wp-json\/wp\/v2\/comments?post=114055"}],"version-history":[{"count":0,"href":"https:\/\/www.europesays.com\/no\/wp-json\/wp\/v2\/posts\/114055\/revisions"}],"wp:featuredmedia":[{"embeddable":true,"href":"https:\/\/www.europesays.com\/no\/wp-json\/wp\/v2\/media\/114056"}],"wp:attachment":[{"href":"https:\/\/www.europesays.com\/no\/wp-json\/wp\/v2\/media?parent=114055"}],"wp:term":[{"taxonomy":"category","embeddable":true,"href":"https:\/\/www.europesays.com\/no\/wp-json\/wp\/v2\/categories?post=114055"},{"taxonomy":"post_tag","embeddable":true,"href":"https:\/\/www.europesays.com\/no\/wp-json\/wp\/v2\/tags?post=114055"}],"curies":[{"name":"wp","href":"https:\/\/api.w.org\/{rel}","templated":true}]}}