{"id":114059,"date":"2025-12-15T19:03:12","date_gmt":"2025-12-15T19:03:12","guid":{"rendered":"https:\/\/www.europesays.com\/no\/114059\/"},"modified":"2025-12-15T19:03:12","modified_gmt":"2025-12-15T19:03:12","slug":"jeg-ma-takke-alle-haterne","status":"publish","type":"post","link":"https:\/\/www.europesays.com\/no\/114059\/","title":{"rendered":"&#8211; Jeg m\u00e5 takke alle haterne"},"content":{"rendered":"<p>\u2013 Til alle som sa at jeg ikke kunne klare det, at jeg er for gammel, at jeg er avdanket, at jeg trenger \u00e5 g\u00e5 til psykolog og at jeg aldri vil bli s\u00e5 rask som jeg var \u2026 Tusen takk.<\/p>\n<p>Slik \u00e5pner Lindsey Vonn (41) et <a href=\"https:\/\/www.instagram.com\/p\/DSQbHBkEV5T\/\" rel=\"nofollow noopener\" target=\"_blank\">Instagram<\/a>-innlegg etter en dr\u00f8mmehelg de f\u00e6rreste hadde sett for seg.\u00a0<\/p>\n<p>Veteranen har v\u00e6rt gjennom utallige skademareritt, men i St. Moritz fredag kronet hun sitt comeback med en knusende overlegen utforseier.\u00a0<\/p>\n<p>De p\u00e5f\u00f8lgende dagene viste hun at dette ikke var noe blaff. L\u00f8rdag ble det andreplass i utfor, og s\u00f8ndag ble hun nummer fire i Super G \u2013 kun 27 hundredeler bak vinner Alice Robinson.<\/p>\n<p>\u2013 M\u00e5 takke alle haterne<\/p>\n<p>Og da helgen var over, <a href=\"https:\/\/www.tv2.no\/sport\/svindal-ble-tatt-pa-sengen-av-vonn-telefon\/18381937\/\" rel=\"nofollow noopener\" target=\"_blank\">hadde Aksel Lund Svindal-trente Vonn<\/a>, en klar beskjed til sine kritikere.<\/p>\n<p>\u2013 Jeg gjorde ikke dette comebacket for dere, jeg gjorde det for meg selv \u2026 fordi det gir meg glede, og jeg f\u00f8ler at jeg fortsatt har noe \u00e5 gi til sporten som har gitt meg s\u00e5 mye, sier hun.\u00a0<\/p>\n<p>        <img class=\"image__img lazyload\" itemprop=\"image\" title=\"Foto: Luciano Bisi \/ AP \/ NTB\" alt=\"NORSK HJELP: Aksel Lund Svindal er trener for Lindsey Vonn. Foto: Luciano Bisi \/ AP \/ NTB\" width=\"675\" height=\"453\" bad-src=\"https:\/\/www.europesays.com\/no\/wp-content\/uploads\/2025\/12\/18387217.webp\" fetchpriority=\"auto\" \/><\/p>\n<p>      NORSK HJELP: Aksel Lund Svindal er trener for Lindsey Vonn.<br \/>\n         Foto: Luciano Bisi \/ AP \/ NTB<\/p>\n<p>Og legger til:<\/p>\n<p>\u2013 Men jeg m\u00e5 takke alle haterne for at de ga meg ekstra motivasjon til \u00e5 fortsette \u00e5 presse meg selv og ga meg drivkraft da jeg var langt nede, skriver alpinstjernen.\u00a0<\/p>\n<p>\u2013 Bare umulig til du gj\u00f8r det<\/p>\n<p>Etter \u00e5 ha slitt med kroniske smerter i \u00e5revis, gjennomf\u00f8rte 41-\u00e5ringen i fjor en kneoperasjon som har gjort comebacket mulig.\u00a0<\/p>\n<p>\u2013 Det f\u00f8les godt \u00e5 vite at etter alt jeg har v\u00e6rt gjennom, kan jeg fortsatt strekke meg etter stjernene og n\u00e5 dem. Selv n\u00e5r jeg er 41 \u00e5r gammel, konkluderer hun.<\/p>\n<p>        <img class=\"image__img lazyload\" itemprop=\"image\" title=\"Foto: Stefan Wermuth \/ Reuters \/ NTB\" alt=\"STERKE F\u00d8LELSER: Lindsey Vonn tok til t\u00e5rene p\u00e5 podiet etter triumfen i St. Moritz. Foto: Stefan Wermuth \/ Reuters \/ NTB\" width=\"675\" height=\"466\" bad-src=\"https:\/\/www.europesays.com\/no\/wp-content\/uploads\/2025\/12\/18386383.webp\" fetchpriority=\"auto\" \/><\/p>\n<p>      STERKE F\u00d8LELSER: Lindsey Vonn tok til t\u00e5rene p\u00e5 podiet etter triumfen i St. Moritz.<br \/>\n         Foto: Stefan Wermuth \/ Reuters \/ NTB<\/p>\n<p>Blant de som har kommentert innlegget, er en av kvinnene som faktisk slo Vonn denne helgen.\u00a0<\/p>\n<p>\u2013 En inspirasjon for oss alle, skriver\u00a0Super G-triumfator\u00a0Alice Robinson.<\/p>\n<p>Vonn avslutter sitt innlegg med en oppfordring til sine f\u00f8lgere.\u00a0<\/p>\n<p>\u2013 Aldri slutt \u00e5 tro p\u00e5 deg selv. Aldri slutt \u00e5 dr\u00f8mme. Aldri slutt \u00e5 t\u00f8rre \u00e5 gj\u00f8re det alle tror du ikke kan. Det er bare umulig helt til du gj\u00f8r det, skriver kvinnen som tok sitt f\u00f8rste og eneste OL-gull i utfor i Vancouver i 2010.\u00a0<\/p>\n<p>16 \u00e5r senere skal hun jakte OL-gull p\u00e5 nytt.<\/p>\n<p><script async src=\"\/\/www.instagram.com\/embed.js\"><\/script><\/p>\n","protected":false},"excerpt":{"rendered":"\u2013 Til alle som sa at jeg ikke kunne klare det, at jeg er for gammel, at jeg&hellip;\n","protected":false},"author":2,"featured_media":114060,"comment_status":"","ping_status":"","sticky":false,"template":"","format":"standard","meta":{"footnotes":""},"categories":[59],"tags":[30,28,29,83,82],"class_list":{"0":"post-114059","1":"post","2":"type-post","3":"status-publish","4":"format-standard","5":"has-post-thumbnail","7":"category-sport","8":"tag-no","9":"tag-norge","10":"tag-norway","11":"tag-sport","12":"tag-sports"},"share_on_mastodon":{"url":"https:\/\/pubeurope.com\/@no\/115725140152597517","error":""},"_links":{"self":[{"href":"https:\/\/www.europesays.com\/no\/wp-json\/wp\/v2\/posts\/114059","targetHints":{"allow":["GET"]}}],"collection":[{"href":"https:\/\/www.europesays.com\/no\/wp-json\/wp\/v2\/posts"}],"about":[{"href":"https:\/\/www.europesays.com\/no\/wp-json\/wp\/v2\/types\/post"}],"author":[{"embeddable":true,"href":"https:\/\/www.europesays.com\/no\/wp-json\/wp\/v2\/users\/2"}],"replies":[{"embeddable":true,"href":"https:\/\/www.europesays.com\/no\/wp-json\/wp\/v2\/comments?post=114059"}],"version-history":[{"count":0,"href":"https:\/\/www.europesays.com\/no\/wp-json\/wp\/v2\/posts\/114059\/revisions"}],"wp:featuredmedia":[{"embeddable":true,"href":"https:\/\/www.europesays.com\/no\/wp-json\/wp\/v2\/media\/114060"}],"wp:attachment":[{"href":"https:\/\/www.europesays.com\/no\/wp-json\/wp\/v2\/media?parent=114059"}],"wp:term":[{"taxonomy":"category","embeddable":true,"href":"https:\/\/www.europesays.com\/no\/wp-json\/wp\/v2\/categories?post=114059"},{"taxonomy":"post_tag","embeddable":true,"href":"https:\/\/www.europesays.com\/no\/wp-json\/wp\/v2\/tags?post=114059"}],"curies":[{"name":"wp","href":"https:\/\/api.w.org\/{rel}","templated":true}]}}