{"id":114061,"date":"2025-12-15T19:07:14","date_gmt":"2025-12-15T19:07:14","guid":{"rendered":"https:\/\/www.europesays.com\/no\/114061\/"},"modified":"2025-12-15T19:07:14","modified_gmt":"2025-12-15T19:07:14","slug":"flere-vil-ha-bensin-og-diesel-darlig-nytt-for-elbilene","status":"publish","type":"post","link":"https:\/\/www.europesays.com\/no\/114061\/","title":{"rendered":"Flere vil ha bensin og diesel: D\u00e5rlig nytt for elbilene"},"content":{"rendered":"<p>        Saken oppsummert<\/p>\n<ul lang=\"nb-NO\">\n<li>Interessen for biler med forbrenningsmotorer \u00f8ker globalt, mens elbilinteressen synker, if\u00f8lge ny rapport.<\/li>\n<li>Halvparten av bilkj\u00f8pere planlegger \u00e5 kj\u00f8pe forbrenningsmotorbiler de neste to \u00e5rene. Det er langt flere enn p\u00e5 samme tid i fjor.<\/li>\n<li>Geopolitiske forhold p\u00e5virker kj\u00f8psbeslutninger, med \u00f8kt skepsis til elbilinfrastruktur og kostnader.<\/li>\n<li>Politisk endring, som Trumps forslag om \u00e5 lette utslippskrav, gj\u00f8r det lettere for bensinbilprodusenter.<\/li>\n<\/ul>\n<p class=\"italic ai-disclaimer\" data-lab-italic=\"italic\">Oppsummeringen er laget med kunstig intelligens (KI) fra OpenAI. Innholdet er kvalitetssikret av TV 2s journalister. <a target=\"_blank\" href=\"https:\/\/hjelp.tv2.no\/info\/artikkel\/slik-jobber-vi-med-ki-i-tv-2\" title=\"Les om hvordan vi jobber med KI\" rel=\"nofollow noopener\">Les om hvordan vi jobber med KI<\/a><\/p>\n<p>Etter flere \u00e5r der nesten alt fokus har v\u00e6rt p\u00e5 elektriske drivlinjer, kommer det stadig nye signaler om at verden kanskje ikke er moden for \u00e5 kaste bensin- og diesel p\u00e5 b\u00e5ten, i hvert fall ikke helt enn\u00e5.<\/p>\n<p>En ny rapport fra konsulentselskapet Ernst &amp; Young (EY) viser nemlig at den globale interessen for biler med forbrenningsmotorer er \u00f8kende. Samtidig synker interessen for elbiler. Det skriver nyhetsbyr\u00e5et <a href=\"https:\/\/www.reuters.com\/business\/energy\/combustion-engine-cars-regain-popularity-worldwide-ey-says-2025-12-09\/\" rel=\"nofollow noopener\" target=\"_blank\">Reuters<\/a>.<\/p>\n<p>Skylder p\u00e5 geopolitiske forhold<\/p>\n<p>Halvparten av de globale bilkj\u00f8perne planlegger \u00e5 kj\u00f8pe en ny eller brukt bil med forbrenningsmotor i l\u00f8pet av de neste 24 m\u00e5nedene. Det er 13 prosentpoeng flere enn i en tilsvarende rapport for bare ett \u00e5r siden.<\/p>\n<p>24 prosent sa at de planla \u00e5 kj\u00f8pe elbil for ett \u00e5r siden. N\u00e5 er tallet ned hele 10 prosentpoeng, til bare 14 prosent. Ogs\u00e5 interessen for hybrider g\u00e5r tilbake, fra 21 til 16 prosent.\u00a0<\/p>\n<p> Blant potensielle kj\u00f8pere av elbiler vurderer eller utsetter 36 prosent kj\u00f8p p\u00e5 grunn av den geopolitiske utviklingen, if\u00f8lge EY. <\/p>\n<p> \u00abBilkj\u00f8pere over hele verden g\u00e5r tilbake til forbrenningsmotorer som f\u00f8lge av politiske endringer, handelskriger og \u00f8kende skepsis til infrastruktur og kostnader for elbiler\u00bb, skriver de i rapporten. <\/p>\n<p><a href=\"https:\/\/www.tv2.no\/broom\/her-velger-819-prosent-bensinbil\/17863399\/\" rel=\"nofollow noopener\" target=\"_blank\">Her velger 81,9 prosent bensinbil<\/a><\/p>\n<p>        <img class=\"image__img lazyload\" itemprop=\"image\" title=\"Foto: Mercedes-AMG\" alt=\"FORTSETTER: Mercedes er blant produsentene som har skrotet ambisi\u00f8se elbilm\u00e5l. N\u00e5 er de blant annet i gang med \u00e5 utvikle en helt ny V8-motor. Foto: Mercedes-AMG\" width=\"978\" height=\"551\" bad-src=\"https:\/\/www.europesays.com\/no\/wp-content\/uploads\/2025\/12\/18372473.webp\" fetchpriority=\"auto\" \/><\/p>\n<p>      FORTSETTER: Mercedes er blant produsentene som har skrotet ambisi\u00f8se elbilm\u00e5l. N\u00e5 er de blant annet i gang med \u00e5 utvikle en helt ny V8-motor.<br \/>\n         Foto: Mercedes-AMG<\/p>\n<p>Gj\u00f8r det lettere for bensinbilprodusentene<\/p>\n<p>S\u00e6rlig Donald Trump og den amerikanske administrasjonens kj\u00f8lige holdning til elektriske kj\u00f8ret\u00f8y, trekkes fram som en driver her.\u00a0<\/p>\n<p>S\u00e5 sent som i forrige uke foreslo Trump \u00e5 lette p\u00e5 kravene til forbruk og utslipp som Biden-administrasjonen tidligere har vedtatt, for \u00e5 gj\u00f8re det enklere for produsentene \u00e5 selge bensinbiler i landet.<\/p>\n<p>Samtidig tror mange at EU snart <a href=\"https:\/\/www.tv2.no\/broom\/seks-land-vil-skrote-elbil-malet\/18363809\/\" rel=\"nofollow noopener\" target=\"_blank\">vil f\u00f8lge etter og lette p\u00e5 utslippskravene<\/a> i Europa. Blant annet diskuteres et unntak for hybrider med ekstra lavt utslipp ogs\u00e5 etter at fossilforbudet etter planen trer i kraft i Europa fra 2035.\u00a0<\/p>\n<p> \u2013 Vi har hatt diskusjoner med EU, ettersom de n\u00e5 foretar due diligence-unders\u00f8kelser for sin revurdering av den gr\u00f8nne avtalen. De ser n\u00e5 mer p\u00e5 vitenskapelige fakta og mindre p\u00e5 domfellelser, sa Constantin M. Gall da EY-rapporten ble lagt fram. Han er leder for EY Global Aerospace, Defense and Mobility.\u00a0<\/p>\n<p>Ogs\u00e5 i Kina, verdens st\u00f8rste elbil-marked, mener Gall de ser endringer.\u00a0<\/p>\n<p> \u2013 Kinesiske kj\u00f8pere har blitt mindre interesserte i hvordan bilene drives, og mer interessert i hvordan bilen integreres i deres digitale livsstil, sier han.<\/p>\n<p> <a href=\"https:\/\/www.tv2.no\/broom\/mener-dette-er-elbil-ber-eu-ta-grep\/17710818\/\" rel=\"nofollow noopener\" target=\"_blank\">Mener dette er en elbil \u2013 ber EU ta grep<\/a> \u00a0<\/p>\n<p class=\"bold m-bold\" data-lab-font_weight=\"bold\">F\u00e5 ogs\u00e5 med deg dette:<\/p>\n<p>    <a class=\"article__link\" data-ga-active-label=\"\" data-ga-active-label-animation=\"\" href=\"https:\/\/www.tv2.no\/broom\/apner-for-bensinmotor-i-elbiler\/17814635\/\" rel=\"nofollow noopener\" target=\"_blank\"><\/p>\n<p>    <img class=\"image__img lazyload\" itemprop=\"image\" title=\"\" alt=\"\" width=\"978\" height=\"411\" bad-src=\"https:\/\/www.europesays.com\/no\/wp-content\/uploads\/2025\/12\/17815138.webp\" fetchpriority=\"auto\" \/><\/p>\n<p>            \u00c5pner for bensinmotor i elbiler<\/p>\n<p>    <\/a><\/p>\n","protected":false},"excerpt":{"rendered":"Saken oppsummert Interessen for biler med forbrenningsmotorer \u00f8ker globalt, mens elbilinteressen synker, if\u00f8lge ny rapport. Halvparten av bilkj\u00f8pere&hellip;\n","protected":false},"author":2,"featured_media":114062,"comment_status":"","ping_status":"","sticky":false,"template":"","format":"standard","meta":{"footnotes":""},"categories":[12],"tags":[20,21,24,25,15,22,23,13,30,28,29,14,16,26,27,42,43,44,45],"class_list":{"0":"post-114061","1":"post","2":"type-post","3":"status-publish","4":"format-standard","5":"has-post-thumbnail","7":"category-verden","8":"tag-breaking-news","9":"tag-breakingnews","10":"tag-featured-news","11":"tag-featurednews","12":"tag-headlines","13":"tag-latest-news","14":"tag-latestnews","15":"tag-news","16":"tag-no","17":"tag-norge","18":"tag-norway","19":"tag-nyheter","20":"tag-overskrifter","21":"tag-top-stories","22":"tag-topstories","23":"tag-verden","24":"tag-world","25":"tag-world-news","26":"tag-worldnews"},"share_on_mastodon":{"url":"https:\/\/pubeurope.com\/@no\/115725156309781875","error":""},"_links":{"self":[{"href":"https:\/\/www.europesays.com\/no\/wp-json\/wp\/v2\/posts\/114061","targetHints":{"allow":["GET"]}}],"collection":[{"href":"https:\/\/www.europesays.com\/no\/wp-json\/wp\/v2\/posts"}],"about":[{"href":"https:\/\/www.europesays.com\/no\/wp-json\/wp\/v2\/types\/post"}],"author":[{"embeddable":true,"href":"https:\/\/www.europesays.com\/no\/wp-json\/wp\/v2\/users\/2"}],"replies":[{"embeddable":true,"href":"https:\/\/www.europesays.com\/no\/wp-json\/wp\/v2\/comments?post=114061"}],"version-history":[{"count":0,"href":"https:\/\/www.europesays.com\/no\/wp-json\/wp\/v2\/posts\/114061\/revisions"}],"wp:featuredmedia":[{"embeddable":true,"href":"https:\/\/www.europesays.com\/no\/wp-json\/wp\/v2\/media\/114062"}],"wp:attachment":[{"href":"https:\/\/www.europesays.com\/no\/wp-json\/wp\/v2\/media?parent=114061"}],"wp:term":[{"taxonomy":"category","embeddable":true,"href":"https:\/\/www.europesays.com\/no\/wp-json\/wp\/v2\/categories?post=114061"},{"taxonomy":"post_tag","embeddable":true,"href":"https:\/\/www.europesays.com\/no\/wp-json\/wp\/v2\/tags?post=114061"}],"curies":[{"name":"wp","href":"https:\/\/api.w.org\/{rel}","templated":true}]}}