{"id":114063,"date":"2025-12-15T19:08:09","date_gmt":"2025-12-15T19:08:09","guid":{"rendered":"https:\/\/www.europesays.com\/no\/114063\/"},"modified":"2025-12-15T19:08:09","modified_gmt":"2025-12-15T19:08:09","slug":"trafikk-ulykker-og-hendelser-steinras-pa-e6-stengt-i-begge-retninger","status":"publish","type":"post","link":"https:\/\/www.europesays.com\/no\/114063\/","title":{"rendered":"Trafikk, Ulykker og hendelser | Steinras p\u00e5 E6 \u2013 stengt i begge retninger"},"content":{"rendered":"\n<p><b>SN\u00c5SA:<\/b>\u00a0Politiet fikk klokka 18.28-tiden melding som stein som har rast ned p\u00e5 E6 ved Sn\u00e5savatnet.\u00a0<\/p>\n<p>\u2013 Veien er stengt i begge retninger p\u00e5 stedet, opplyser operasjonsleder Einar R\u00f8stum ved Tr\u00f8ndelag politidistrikt.<\/p>\n<p>   <img decoding=\"async\" width=\"699\" height=\"498\" fetchpriority=\"low\"  loading=\"lazy\"  src=\"https:\/\/www.europesays.com\/no\/wp-content\/uploads\/2025\/12\/Ras+2.jpg\" alt=\"\" class=\"brick-c-cFOWSL\" style=\"--brick-image-ratio: 699 \/ 498;\"\/><\/p>\n<p>      KJ\u00d8RTE INN I RASET: Et vogntog kj\u00f8rte seg inn i steinspranget p\u00e5 E6. N\u00e5 er vegen stengt p\u00e5 ubestemt tid.<br \/>\n      Foto: Skjermdump\n    <\/p>\n<p>If\u00f8lge trafikkoperat\u00f8r Torgeir Nilsen i Statens vegvesen ble hendelsen meldt, etter at et vogntog kj\u00f8rte seg inn i steinspranget.<\/p>\n<p>\u2013 Det er for tidlig \u00e5 si hvor lenge vegen blir stengt. Det m\u00e5 gj\u00f8res en mer n\u00f8ye vurdering p\u00e5 dette, basert p\u00e5 om det er snakk om noen f\u00e5 steiner, eller om det er et st\u00f8rre ras.<\/p>\n<p>Det skal if\u00f8lge trafikkoperat\u00f8ren ha kommet ulike meldinger fra publikum om b\u00e5de st\u00f8rrelse p\u00e5 steiner og omfang av raset.<\/p>\n<p>\u2013 Entrepren\u00f8r er p\u00e5 veg til stedet \u2013 og om n\u00f8dvendig ogs\u00e5 geolog, sier Nilsen.<\/p>\n<p>Raset har skjedd i Oldervika \u2013 mellom Sn\u00e5sakroa og Vegset camping \u2013 der vegen i utgangspunktet skal v\u00e6re sikret mot nettopp ras.<\/p>\n<p>R\u00f8stum i politiet melder om at det skal v\u00e6re snakk om steiner p\u00e5 50 x 30 cm som har falt p\u00e5 vegen.\u00a0<\/p>\n<p>   <img decoding=\"async\" width=\"5712\" height=\"4284\" fetchpriority=\"low\"  loading=\"lazy\"  src=\"https:\/\/www.europesays.com\/no\/wp-content\/uploads\/2025\/12\/photo+%2821%29.jpg\" alt=\"\" class=\"brick-c-cFOWSL\" style=\"--brick-image-ratio: 5712 \/ 4284;\"\/><\/p>\n<p>      STENGT: E6 er stengt i begge retninger, i p\u00e5vente av mer info om omfanget p\u00e5 raset. Her fra \u00f8stsiden av raset, ved Vegset. Strekningen er i utgangspunktet sikret mot steinras.<br \/>\n      Foto: Geir Olav Fl\u00e5an, Sn\u00e5sningen\n    <\/p>\n<p>\u2013 Patruljen p\u00e5 stedet har meldt om at det er lang k\u00f8 p\u00e5 stedet, sier R\u00f8stum til Tr\u00f8nder-Avisa.<\/p>\n<p>Han p\u00e5peker at vegen blir stengt p\u00e5 ubestemt tid.\u00a0<\/p>\n<p>\u2013 Det er Vegtrafikksentralen som m\u00e5 ta vurderinger p\u00e5 dette n\u00e5, sier han.<\/p>\n<p>Det er fortsatt manuell dirigering nord-\u00f8st for ras-stedet, der det skjedde en trafikkulykke mellom et vogntog og en personbil tidligere p\u00e5 ettermiddagen. Der ble det ytterligere problemer, da et nytt vogntog kj\u00f8rte seg inn i ulykka.<\/p>\n<p>  <a href=\"https:\/\/www.t-a.no\/5-116-2273645\" class=\"related-teaser default-story-teaser article--c-eRUmMG article--c-eRUmMG-jKCPdD-design-default article--c-eRUmMG-kpKLOW-cv\" rel=\"nofollow noopener\" target=\"_blank\"><\/p>\n<p>\n            Les ogs\u00e5<\/p>\n<p>              Klarte ikke stanse \u2013 trailer kj\u00f8rte inn i ulykkesstedet\n        <\/p>\n<p>  <\/a><\/p>\n<p>Saken oppdateres.<\/p>\n","protected":false},"excerpt":{"rendered":"SN\u00c5SA:\u00a0Politiet fikk klokka 18.28-tiden melding som stein som har rast ned p\u00e5 E6 ved Sn\u00e5savatnet.\u00a0 \u2013 Veien er&hellip;\n","protected":false},"author":2,"featured_media":114064,"comment_status":"","ping_status":"","sticky":false,"template":"","format":"standard","meta":{"footnotes":""},"categories":[10],"tags":[36,20,21,834,24,25,15,22,23,13,30,28,29,14,16,1149,13883,1510,26,27,224,941],"class_list":{"0":"post-114063","1":"post","2":"type-post","3":"status-publish","4":"format-standard","5":"has-post-thumbnail","7":"category-norge","8":"tag-art","9":"tag-breaking-news","10":"tag-breakingnews","11":"tag-e6","12":"tag-featured-news","13":"tag-featurednews","14":"tag-headlines","15":"tag-latest-news","16":"tag-latestnews","17":"tag-news","18":"tag-no","19":"tag-norge","20":"tag-norway","21":"tag-nyheter","22":"tag-overskrifter","23":"tag-ras","24":"tag-snasa","25":"tag-story","26":"tag-top-stories","27":"tag-topstories","28":"tag-trafikk","29":"tag-ulykker-og-hendelser"},"share_on_mastodon":{"url":"https:\/\/pubeurope.com\/@no\/115725160034130583","error":""},"_links":{"self":[{"href":"https:\/\/www.europesays.com\/no\/wp-json\/wp\/v2\/posts\/114063","targetHints":{"allow":["GET"]}}],"collection":[{"href":"https:\/\/www.europesays.com\/no\/wp-json\/wp\/v2\/posts"}],"about":[{"href":"https:\/\/www.europesays.com\/no\/wp-json\/wp\/v2\/types\/post"}],"author":[{"embeddable":true,"href":"https:\/\/www.europesays.com\/no\/wp-json\/wp\/v2\/users\/2"}],"replies":[{"embeddable":true,"href":"https:\/\/www.europesays.com\/no\/wp-json\/wp\/v2\/comments?post=114063"}],"version-history":[{"count":0,"href":"https:\/\/www.europesays.com\/no\/wp-json\/wp\/v2\/posts\/114063\/revisions"}],"wp:featuredmedia":[{"embeddable":true,"href":"https:\/\/www.europesays.com\/no\/wp-json\/wp\/v2\/media\/114064"}],"wp:attachment":[{"href":"https:\/\/www.europesays.com\/no\/wp-json\/wp\/v2\/media?parent=114063"}],"wp:term":[{"taxonomy":"category","embeddable":true,"href":"https:\/\/www.europesays.com\/no\/wp-json\/wp\/v2\/categories?post=114063"},{"taxonomy":"post_tag","embeddable":true,"href":"https:\/\/www.europesays.com\/no\/wp-json\/wp\/v2\/tags?post=114063"}],"curies":[{"name":"wp","href":"https:\/\/api.w.org\/{rel}","templated":true}]}}