{"id":114065,"date":"2025-12-15T19:09:07","date_gmt":"2025-12-15T19:09:07","guid":{"rendered":"https:\/\/www.europesays.com\/no\/114065\/"},"modified":"2025-12-15T19:09:07","modified_gmt":"2025-12-15T19:09:07","slug":"sky-sports-ryerson-onsket-av-barcelona","status":"publish","type":"post","link":"https:\/\/www.europesays.com\/no\/114065\/","title":{"rendered":"Sky Sports: Ryerson \u00f8nsket av Barcelona"},"content":{"rendered":"<p>Barcelona har kastet sine \u00f8yne p\u00e5 den norske Dortmund-stjernen Julian Ryerson (28).<\/p>\n<p>S\u00f8rlendingen er if\u00f8lge tyske <a href=\"https:\/\/sport.sky.de\/fussball\/artikel\/der-fc-barcelona-zeigt-interesse-an-bvb-star-julian-ryerson\/13483726\/33895\" rel=\"nofollow noopener\" target=\"_blank\">Sky Sports<\/a> vurdert av katalanerne som en rimelig forsterkning til forsvaret.<\/p>\n<p>De skriver videre at Barcelona allerede har tatt kontakt med Ryersons representanter om en mulig overgang.<\/p>\n<p class=\"bold m-bold\" data-lab-font_weight=\"bold\">\u2013 Nordmannen vil sannsynligvis forlate BVB hvis et godt tilbud dukker opp \u2013 ogs\u00e5 fordi han ikke har en fast startplass under Dortmund-trener Niko Kovac, skriver de.<\/p>\n<p data-lab-font_weight=\"\">Denne sesongen st\u00e5r landslagsspilleren med 13 opptredener for Dortmund i Bundesliga, og 20 totalt i alle turneringer if\u00f8lge <a href=\"https:\/\/www.transfermarkt.com\/julian-ryerson\/profil\/spieler\/370789\" rel=\"nofollow noopener\" target=\"_blank\">Transfermarkt<\/a>.<\/p>\n<p>28-\u00e5ringen har kontrakt med det tyske storlaget frem til 2028.<\/p>\n<p>Barcelona ser etter en billig reserve for Jules Kound\u00e9 i forsvaret.\u00a0<\/p>\n<p>Ryersons anvendelighet i forsvarsleddet, hvor han kan bekle begge sidebackene, skal v\u00e6re en faktor Barcelona setter pris p\u00e5.<\/p>\n<p>S\u00f8rlendingen kom til Dortmund fra Union Berlin i januar 2023 for fem millioner euro.\u00a0<\/p>\n<p>Siden den gang har han spilt 121 kamper for den tyske storklubben og bidratt med syv m\u00e5l og elleve m\u00e5lgivende pasninger.<\/p>\n","protected":false},"excerpt":{"rendered":"Barcelona har kastet sine \u00f8yne p\u00e5 den norske Dortmund-stjernen Julian Ryerson (28). S\u00f8rlendingen er if\u00f8lge tyske Sky Sports&hellip;\n","protected":false},"author":2,"featured_media":114066,"comment_status":"","ping_status":"","sticky":false,"template":"","format":"standard","meta":{"footnotes":""},"categories":[5],"tags":[20,21,24,25,15,19,22,23,17,18,13,30,28,29,14,16,26,27],"class_list":{"0":"post-114065","1":"post","2":"type-post","3":"status-publish","4":"format-standard","5":"has-post-thumbnail","7":"category-overskrifter","8":"tag-breaking-news","9":"tag-breakingnews","10":"tag-featured-news","11":"tag-featurednews","12":"tag-headlines","13":"tag-hovedoppslag","14":"tag-latest-news","15":"tag-latestnews","16":"tag-main-news","17":"tag-mainnews","18":"tag-news","19":"tag-no","20":"tag-norge","21":"tag-norway","22":"tag-nyheter","23":"tag-overskrifter","24":"tag-top-stories","25":"tag-topstories"},"share_on_mastodon":{"url":"","error":""},"_links":{"self":[{"href":"https:\/\/www.europesays.com\/no\/wp-json\/wp\/v2\/posts\/114065","targetHints":{"allow":["GET"]}}],"collection":[{"href":"https:\/\/www.europesays.com\/no\/wp-json\/wp\/v2\/posts"}],"about":[{"href":"https:\/\/www.europesays.com\/no\/wp-json\/wp\/v2\/types\/post"}],"author":[{"embeddable":true,"href":"https:\/\/www.europesays.com\/no\/wp-json\/wp\/v2\/users\/2"}],"replies":[{"embeddable":true,"href":"https:\/\/www.europesays.com\/no\/wp-json\/wp\/v2\/comments?post=114065"}],"version-history":[{"count":0,"href":"https:\/\/www.europesays.com\/no\/wp-json\/wp\/v2\/posts\/114065\/revisions"}],"wp:featuredmedia":[{"embeddable":true,"href":"https:\/\/www.europesays.com\/no\/wp-json\/wp\/v2\/media\/114066"}],"wp:attachment":[{"href":"https:\/\/www.europesays.com\/no\/wp-json\/wp\/v2\/media?parent=114065"}],"wp:term":[{"taxonomy":"category","embeddable":true,"href":"https:\/\/www.europesays.com\/no\/wp-json\/wp\/v2\/categories?post=114065"},{"taxonomy":"post_tag","embeddable":true,"href":"https:\/\/www.europesays.com\/no\/wp-json\/wp\/v2\/tags?post=114065"}],"curies":[{"name":"wp","href":"https:\/\/api.w.org\/{rel}","templated":true}]}}