{"id":114069,"date":"2025-12-15T19:14:15","date_gmt":"2025-12-15T19:14:15","guid":{"rendered":"https:\/\/www.europesays.com\/no\/114069\/"},"modified":"2025-12-15T19:14:15","modified_gmt":"2025-12-15T19:14:15","slug":"forgiftnings-mistenkt-kvinne-loslatt-i-sverige","status":"publish","type":"post","link":"https:\/\/www.europesays.com\/no\/114069\/","title":{"rendered":"Forgiftnings-mistenkt kvinne l\u00f8slatt i Sverige"},"content":{"rendered":"\n<p class=\"_lead_o9xde_2 _lead_xtcu6_50 layout-component text-serif-m layout-normal text-serif-l layout-component layout-wide layout-padded _wide_17hqh_1 layout-padded\">En kvinne som mistenkes for \u00e5 ha forgiftet fire ansatte ved Akademiska sjukhuset i Uppsala i h\u00f8st, er l\u00f8slatt fra varetekt.<\/p>\n<p><img alt=\" Foto: Christine Olsson \/ TT Nyhetsbyr\u00e5n \/ NTB\" class=\"_image_qp4xg_65 layout-component layout-wide\" data-fullscreen- data-track-element-type=\"Article image fullscreen\" data-track-name=\"ImageFullscreen\" fetchpriority=\"high\" decoding=\"sync\" loading=\"eager\" height=\"3468\" itemprop=\"image\"  src=\"https:\/\/www.europesays.com\/no\/wp-content\/uploads\/2025\/12\/255419dc-71ad-49af-9fc6-346f12046508\"  style=\"object-position:0% 0%\" width=\"5208\"\/> Foto: Christine Olsson \/ TT Nyhetsbyr\u00e5n \/ NTB<\/p>\n<ul aria-hidden=\"true\" class=\"_images_ntbth_112\">\n<li><a class=\"_link_ntbth_117\" href=\"https:\/\/www.vg.no\/forfatter\/ntb\" style=\"z-index:1\" title=\"NTB\" rel=\"nofollow noopener\" target=\"_blank\"><img alt=\"Bilde av NTB\" class=\"_image_ntbth_93\" fetchpriority=\"low\" loading=\"lazy\" decoding=\"async\" itemprop=\"image\"  src=\"https:\/\/www.europesays.com\/no\/wp-content\/uploads\/2025\/12\/1765826054_749_c33980b0-5d07-4027-84a1-813f90a7c8d6\"  width=\"480\"\/><\/a><\/li>\n<\/ul>\n<p> Oppdatert mandag 15. desember kl. 16:46    <\/p>\n<ul class=\"_list_o9xde_3 _list_64s2r_85 _unordered_o9xde_106 text-sans-m\">\n<li class=\"_item_o9xde_30\">En kvinne som er mistenkt for \u00e5 ha forgiftet fire ansatte ved Akademiska sjukhuset er n\u00e5 l\u00f8slatt.<\/li>\n<li class=\"_item_o9xde_30\">Retten mener bevisene ikke er sterke nok for forlenget varetektsfengsling, til tross for p\u00e5talemyndighetens p\u00e5stand om styrket mistanke.<\/li>\n<li class=\"_item_o9xde_30\">Kvinnen har hele tiden nektet straffskyld.<\/li>\n<\/ul>\n<p>Vis mer <\/p>\n<p class=\"_paragraph_o9xde_4 _paragraph_xtcu6_10 layout-component text-serif-m layout-normal text-serif-m layout-padded\">Tingretten i Uppsala vurderte mandag at bevisene mot kvinnen ikke var sterke nok til at varetektsfengslingen kunne forlenges, skriver kringkasteren\u00a0<a href=\"https:\/\/www.svt.se\/nyheter\/lokalt\/uppsala\/misstankt-for-forgiftningarna-pa-akademiska-sjukhuset-begars-omhaktad\" class=\"_link_o9xde_39\" rel=\"nofollow noopener\" target=\"_blank\">SVT.<\/a><\/p>\n<p class=\"_paragraph_o9xde_4 _paragraph_xtcu6_10 layout-component text-serif-m layout-normal text-serif-m layout-padded\">Tidligere p\u00e5 dagen sa p\u00e5talemyndigheten at mistanken mot kvinnen i 60-\u00e5rene var styrket. P\u00e5talemyndigheten mente kvinnen kunne fengsles for drapsfors\u00f8k, ikke bare grov mishandling, som hun i forrige uke ble varetektsfengslet for.<\/p>\n<p class=\"_paragraph_o9xde_4 _paragraph_xtcu6_10 layout-component text-serif-m layout-normal layout-padded\"><strong class=\"_strong_o9xde_25\">Les ogs\u00e5:<\/strong> <a href=\"https:\/\/www.vg.no\/i\/rrLJr8\" data-track-element-type=\"Link\" data-track-id=\"link:rrLJr8\" class=\"_link_o9xde_39\" rel=\"nofollow noopener\" target=\"_blank\">Svenske medier: Forgiftet energidrikken til fire kolleger<\/a><\/p>\n<p class=\"_paragraph_o9xde_4 _paragraph_xtcu6_10 layout-component text-serif-m layout-normal text-serif-m layout-padded\">Kvinnen har v\u00e6rt siktet for drapsfors\u00f8k, men p\u00e5talemyndigheten fikk opprinnelig ikke gjennomslag i retten for \u00e5 varetektsfengsle henne p\u00e5 dette grunnlaget.<\/p>\n<p class=\"_paragraph_o9xde_4 _paragraph_xtcu6_10 layout-component text-serif-m layout-normal text-serif-m layout-padded\">Selv har hun tidligere nektet straffskyld.<\/p>\n<p><img alt=\"Foto: Christine Olsson \/ TT \/ NTB\" class=\"_image_qp4xg_65 layout-component layout-normal\" data-fullscreen- data-track-element-type=\"Article image fullscreen\" data-track-name=\"ImageFullscreen\" decoding=\"async\" loading=\"lazy\" height=\"5504\" itemprop=\"image\"  src=\"https:\/\/www.europesays.com\/no\/wp-content\/uploads\/2025\/12\/09bd2b80-916e-46b7-b9e1-0650a3152978\"  style=\"object-position:0% 0%\" width=\"8256\"\/>Foto: Christine Olsson \/ TT \/ NTB<\/p>\n<p class=\"_paragraph_o9xde_4 _paragraph_xtcu6_10 layout-component text-serif-m layout-normal text-serif-m layout-padded\">If\u00f8lge SVT jobbet kvinnen selv ved sykehuset da de mistenkte forgiftningene fant sted.<\/p>\n<p class=\"_paragraph_o9xde_4 _paragraph_xtcu6_10 layout-component text-serif-m layout-normal text-serif-m layout-padded\">Den f\u00f8rste personen ble syk 25. oktober. En uke senere ble ytterligere to personer syke. Alle tre hadde s\u00e5 alvorlige symptomer at de m\u00e5tte f\u00e5 intensivbehandling. Senere har aktoratet oppgitt at det er mistanke om at ogs\u00e5 en fjerde person er fors\u00f8kt forgiftet.<\/p>\n<p class=\"_paragraph_o9xde_4 _paragraph_xtcu6_10 layout-component text-serif-m layout-normal text-serif-m layout-padded\">Akademiska sjukhuset i Uppsala er ett av Sveriges ledende sykehus for barn og ungdommer.<\/p>\n","protected":false},"excerpt":{"rendered":"En kvinne som mistenkes for \u00e5 ha forgiftet fire ansatte ved Akademiska sjukhuset i Uppsala i h\u00f8st, er&hellip;\n","protected":false},"author":2,"featured_media":114070,"comment_status":"","ping_status":"","sticky":false,"template":"","format":"standard","meta":{"footnotes":""},"categories":[12],"tags":[20,21,24,25,15,22,23,13,30,28,29,14,16,26,27,42,43,44,45],"class_list":{"0":"post-114069","1":"post","2":"type-post","3":"status-publish","4":"format-standard","5":"has-post-thumbnail","7":"category-verden","8":"tag-breaking-news","9":"tag-breakingnews","10":"tag-featured-news","11":"tag-featurednews","12":"tag-headlines","13":"tag-latest-news","14":"tag-latestnews","15":"tag-news","16":"tag-no","17":"tag-norge","18":"tag-norway","19":"tag-nyheter","20":"tag-overskrifter","21":"tag-top-stories","22":"tag-topstories","23":"tag-verden","24":"tag-world","25":"tag-world-news","26":"tag-worldnews"},"share_on_mastodon":{"url":"https:\/\/pubeurope.com\/@no\/115725183956489370","error":""},"_links":{"self":[{"href":"https:\/\/www.europesays.com\/no\/wp-json\/wp\/v2\/posts\/114069","targetHints":{"allow":["GET"]}}],"collection":[{"href":"https:\/\/www.europesays.com\/no\/wp-json\/wp\/v2\/posts"}],"about":[{"href":"https:\/\/www.europesays.com\/no\/wp-json\/wp\/v2\/types\/post"}],"author":[{"embeddable":true,"href":"https:\/\/www.europesays.com\/no\/wp-json\/wp\/v2\/users\/2"}],"replies":[{"embeddable":true,"href":"https:\/\/www.europesays.com\/no\/wp-json\/wp\/v2\/comments?post=114069"}],"version-history":[{"count":0,"href":"https:\/\/www.europesays.com\/no\/wp-json\/wp\/v2\/posts\/114069\/revisions"}],"wp:featuredmedia":[{"embeddable":true,"href":"https:\/\/www.europesays.com\/no\/wp-json\/wp\/v2\/media\/114070"}],"wp:attachment":[{"href":"https:\/\/www.europesays.com\/no\/wp-json\/wp\/v2\/media?parent=114069"}],"wp:term":[{"taxonomy":"category","embeddable":true,"href":"https:\/\/www.europesays.com\/no\/wp-json\/wp\/v2\/categories?post=114069"},{"taxonomy":"post_tag","embeddable":true,"href":"https:\/\/www.europesays.com\/no\/wp-json\/wp\/v2\/tags?post=114069"}],"curies":[{"name":"wp","href":"https:\/\/api.w.org\/{rel}","templated":true}]}}