{"id":114071,"date":"2025-12-15T19:15:24","date_gmt":"2025-12-15T19:15:24","guid":{"rendered":"https:\/\/www.europesays.com\/no\/114071\/"},"modified":"2025-12-15T19:15:24","modified_gmt":"2025-12-15T19:15:24","slug":"arbeidsulykke-midt-telemark-rykket-ut-pa-arbeidsulykke","status":"publish","type":"post","link":"https:\/\/www.europesays.com\/no\/114071\/","title":{"rendered":"Arbeidsulykke, Midt-Telemark | Rykket ut p\u00e5 arbeidsulykke"},"content":{"rendered":"\n<p>N\u00f8detater er p\u00e5 plass i Gvarv etter melding om arbeidsulykke.<\/p>\n<p>\u2013 Et betongelement har falt ned p\u00e5 beinet til en arbeider. Helse er p\u00e5 stedet. Hendelsen har skjedd utend\u00f8rs. Den skadde er bevisst, melder operasjonsleder Eskil Hagen Olsen.<\/p>\n<p>En r\u00f8rlegger har jobbet ved siden av en gravemaskin og s\u00e5 f\u00e5tt et kumlokk p\u00e5 50 kg over seg. Den skadde er kj\u00f8rt til sykehuset skien. Arbeidstilsynet bli varslet. Ulykken bli etterforsket. Vi er ferdig p\u00e5 stedet, melder Olsen klokken 14.09.<\/p>\n","protected":false},"excerpt":{"rendered":"N\u00f8detater er p\u00e5 plass i Gvarv etter melding om arbeidsulykke. \u2013 Et betongelement har falt ned p\u00e5 beinet&hellip;\n","protected":false},"author":2,"featured_media":1273,"comment_status":"","ping_status":"","sticky":false,"template":"","format":"standard","meta":{"footnotes":""},"categories":[10],"tags":[3375,36,20,21,24,25,3857,15,1576,22,23,626,13,30,28,29,14,16,1510,26,27],"class_list":{"0":"post-114071","1":"post","2":"type-post","3":"status-publish","4":"format-standard","5":"has-post-thumbnail","7":"category-norge","8":"tag-arbeidsulykke","9":"tag-art","10":"tag-breaking-news","11":"tag-breakingnews","12":"tag-featured-news","13":"tag-featurednews","14":"tag-gvarv","15":"tag-headlines","16":"tag-hendelse","17":"tag-latest-news","18":"tag-latestnews","19":"tag-midt-telemark","20":"tag-news","21":"tag-no","22":"tag-norge","23":"tag-norway","24":"tag-nyheter","25":"tag-overskrifter","26":"tag-story","27":"tag-top-stories","28":"tag-topstories"},"share_on_mastodon":{"url":"https:\/\/pubeurope.com\/@no\/115725187482381200","error":""},"_links":{"self":[{"href":"https:\/\/www.europesays.com\/no\/wp-json\/wp\/v2\/posts\/114071","targetHints":{"allow":["GET"]}}],"collection":[{"href":"https:\/\/www.europesays.com\/no\/wp-json\/wp\/v2\/posts"}],"about":[{"href":"https:\/\/www.europesays.com\/no\/wp-json\/wp\/v2\/types\/post"}],"author":[{"embeddable":true,"href":"https:\/\/www.europesays.com\/no\/wp-json\/wp\/v2\/users\/2"}],"replies":[{"embeddable":true,"href":"https:\/\/www.europesays.com\/no\/wp-json\/wp\/v2\/comments?post=114071"}],"version-history":[{"count":0,"href":"https:\/\/www.europesays.com\/no\/wp-json\/wp\/v2\/posts\/114071\/revisions"}],"wp:featuredmedia":[{"embeddable":true,"href":"https:\/\/www.europesays.com\/no\/wp-json\/wp\/v2\/media\/1273"}],"wp:attachment":[{"href":"https:\/\/www.europesays.com\/no\/wp-json\/wp\/v2\/media?parent=114071"}],"wp:term":[{"taxonomy":"category","embeddable":true,"href":"https:\/\/www.europesays.com\/no\/wp-json\/wp\/v2\/categories?post=114071"},{"taxonomy":"post_tag","embeddable":true,"href":"https:\/\/www.europesays.com\/no\/wp-json\/wp\/v2\/tags?post=114071"}],"curies":[{"name":"wp","href":"https:\/\/api.w.org\/{rel}","templated":true}]}}