{"id":114072,"date":"2025-12-15T19:16:08","date_gmt":"2025-12-15T19:16:08","guid":{"rendered":"https:\/\/www.europesays.com\/no\/114072\/"},"modified":"2025-12-15T19:16:08","modified_gmt":"2025-12-15T19:16:08","slug":"traktor-i-elv-to-personer-reddet-i-land-nrk-rogaland-lokale-nyheter-tv-og-radio","status":"publish","type":"post","link":"https:\/\/www.europesays.com\/no\/114072\/","title":{"rendered":"Traktor i elv \u2013 to personer reddet i land \u2013 NRK Rogaland \u2013 Lokale nyheter, TV og radio"},"content":{"rendered":"<p>En traktor har kj\u00f8rt ut i en elv i n\u00e6rheten av \u00d8ynoveien i Sokndal, melder politiet kl. 19.37.<\/p>\n<p>To personer sitter p\u00e5 taket av traktoren, og det er sterk str\u00f8m i elven, opplyser politiet. De meldte f\u00f8rst om tre personer p\u00e5 taket.<\/p>\n<p>N\u00f8detatene og et redningshelikopter er p\u00e5 vei, melder politiet.<\/p>\n<p>Klokken 19.52 opplyser politiet at mannskaper fra brannvesenet har tatt seg ut til traktoren med b\u00e5t.<\/p>\n<p>De to personene er tatt over i b\u00e5ten og fraktet til land. De f\u00e5r tilsyn av helsepersonell.<\/p>\n<p>Traktoren blir st\u00e5ende i elva til vannet har trukket seg tilbake.<\/p>\n","protected":false},"excerpt":{"rendered":"En traktor har kj\u00f8rt ut i en elv i n\u00e6rheten av \u00d8ynoveien i Sokndal, melder politiet kl. 19.37.&hellip;\n","protected":false},"author":2,"featured_media":114073,"comment_status":"","ping_status":"","sticky":false,"template":"","format":"standard","meta":{"footnotes":""},"categories":[5],"tags":[20,21,24,25,15,19,22,23,17,18,13,30,28,29,14,16,26,27],"class_list":{"0":"post-114072","1":"post","2":"type-post","3":"status-publish","4":"format-standard","5":"has-post-thumbnail","7":"category-overskrifter","8":"tag-breaking-news","9":"tag-breakingnews","10":"tag-featured-news","11":"tag-featurednews","12":"tag-headlines","13":"tag-hovedoppslag","14":"tag-latest-news","15":"tag-latestnews","16":"tag-main-news","17":"tag-mainnews","18":"tag-news","19":"tag-no","20":"tag-norge","21":"tag-norway","22":"tag-nyheter","23":"tag-overskrifter","24":"tag-top-stories","25":"tag-topstories"},"share_on_mastodon":{"url":"https:\/\/pubeurope.com\/@no\/115725191795409475","error":""},"_links":{"self":[{"href":"https:\/\/www.europesays.com\/no\/wp-json\/wp\/v2\/posts\/114072","targetHints":{"allow":["GET"]}}],"collection":[{"href":"https:\/\/www.europesays.com\/no\/wp-json\/wp\/v2\/posts"}],"about":[{"href":"https:\/\/www.europesays.com\/no\/wp-json\/wp\/v2\/types\/post"}],"author":[{"embeddable":true,"href":"https:\/\/www.europesays.com\/no\/wp-json\/wp\/v2\/users\/2"}],"replies":[{"embeddable":true,"href":"https:\/\/www.europesays.com\/no\/wp-json\/wp\/v2\/comments?post=114072"}],"version-history":[{"count":0,"href":"https:\/\/www.europesays.com\/no\/wp-json\/wp\/v2\/posts\/114072\/revisions"}],"wp:featuredmedia":[{"embeddable":true,"href":"https:\/\/www.europesays.com\/no\/wp-json\/wp\/v2\/media\/114073"}],"wp:attachment":[{"href":"https:\/\/www.europesays.com\/no\/wp-json\/wp\/v2\/media?parent=114072"}],"wp:term":[{"taxonomy":"category","embeddable":true,"href":"https:\/\/www.europesays.com\/no\/wp-json\/wp\/v2\/categories?post=114072"},{"taxonomy":"post_tag","embeddable":true,"href":"https:\/\/www.europesays.com\/no\/wp-json\/wp\/v2\/tags?post=114072"}],"curies":[{"name":"wp","href":"https:\/\/api.w.org\/{rel}","templated":true}]}}