{"id":114074,"date":"2025-12-15T19:17:16","date_gmt":"2025-12-15T19:17:16","guid":{"rendered":"https:\/\/www.europesays.com\/no\/114074\/"},"modified":"2025-12-15T19:17:16","modified_gmt":"2025-12-15T19:17:16","slug":"sport-fotball-dette-er-hbk-damenes-nye-trener","status":"publish","type":"post","link":"https:\/\/www.europesays.com\/no\/114074\/","title":{"rendered":"Sport, Fotball | Dette er HBK-damenes nye trener"},"content":{"rendered":"\n<p>Mandag ettermiddag r\u00f8per HBK nyheten p\u00e5 egne nettsider: <b>Remi Natvik er ansatt som ny hovedtrener for HBK kvinner. <\/b><\/p>\n<p>Natvik har skrevet under p\u00e5 en to\u00e5rskontrakt, melder klubben.<\/p>\n<p>\u2013 Veldig hyggelig \u00e5 v\u00e6re tilbake, sier den nye treneren i en video som er spilt inn p\u00e5 Aka arena i H\u00f8nefoss.<\/p>\n<p>  <a href=\"https:\/\/www.ringblad.no\/5-45-2134644\" class=\"related-teaser has-image default-story-teaser article--c-eRUmMG article--c-eRUmMG-jKCPdD-design-default\" rel=\"nofollow noopener\" target=\"_blank\"><\/p>\n<p>    <img decoding=\"async\" loading=\"lazy\"  src=\"https:\/\/www.europesays.com\/no\/wp-content\/uploads\/2025\/12\/trener+martin.JPG\" alt=\"\" class=\"brick-c-cFOWSL\" style=\"\"\/><\/p>\n<p>\n            Les ogs\u00e5<\/p>\n<p>              Martin Lindmark ferdig i HBK\n        <\/p>\n<p>  <\/a><br \/>\n  Bred erfaring<\/p>\n<p>Remi Natvik kom til HBK i 2015-sesongen, mens Rune Skarsfjord var hovedtrener for herrene. Den gangen var han utviklings- og analyseansvarlig p\u00e5 gutter 14 til 19 \u00e5r og herresiden, if\u00f8lge klubben.<\/p>\n<p>S\u00e5 gikk ferden videre for haugesundingen, som blant annet har v\u00e6rt assistenttrener i \u00c5sane fotball og Jerv samt hovedtrener for Arna Bj\u00f8rnar i Toppserien. Han har ogs\u00e5 hatt trenerroller i andre klubber, p\u00e5 junior- og seniorniv\u00e5.<\/p>\n<p>\u2013 Vist at de kan bite fra seg<\/p>\n<p>N\u00e5 har han alts\u00e5 takket ja til \u00e5 lede satsningen p\u00e5 damesiden. Som kjent berget HBK plassen i Toppserien i 2025, og er dermed blant landets beste fotballag ogs\u00e5 i 2026.<\/p>\n<p>Om grunnen til at valget falt p\u00e5 HBK, sier den nye treneren f\u00f8lgende i videoen:<\/p>\n<p>\u2013 F\u00f8rst og fremst et godt innsalg av Jan-Remi Dalen (fungerende daglig leder, journ. anm.), og s\u00e5 kjenner jeg klubben litt fra f\u00f8r, vet litt hvilke verdier de har. Ei god spillergruppe som har en bra stamme, som har vist at de kan bite fra seg i Toppserien, sier Natvik.<\/p>\n<p>   <img decoding=\"async\" width=\"890\" height=\"500\" fetchpriority=\"low\"  loading=\"lazy\"  src=\"https:\/\/www.europesays.com\/no\/wp-content\/uploads\/2025\/12\/E91A3869-main+%281%29.jpg\" alt=\"\" class=\"brick-c-cFOWSL\" style=\"--brick-image-ratio: 890 \/ 500;\"\/><\/p>\n<p>      SIGNERT: Remi Natvik har signert avtale med H\u00f8nefoss BK.<br \/>\n      Foto: H\u00f8nefoss BK\n    <\/p>\n<p>  Videreutvikle<\/p>\n<p>N\u00e5r det gjelder hva Natvik skal bringe inn som trener, svarer han:<\/p>\n<p>\u2013 Kommer sikkert inn med litt nye tanker, og m\u00e5 komponere et lag s\u00e5nn som jeg \u00f8nsker \u00e5 ha det. Videreutvikle en veldig god kultur som allerede er her fra f\u00f8r. M\u00e5 pr\u00f8ve \u00e5 sette mitt stempel p\u00e5 ting.<\/p>\n<p>\u2013 Utvikle spesielt den offensive biten av spillet, og bygge videre p\u00e5 masse bra som er gjort her tidligere, legger han til.<\/p>\n<p>  <a href=\"https:\/\/www.ringblad.no\/5-45-2141897\" class=\"related-teaser has-image default-story-teaser article--c-eRUmMG article--c-eRUmMG-jKCPdD-design-default\" rel=\"nofollow noopener\" target=\"_blank\"><\/p>\n<p>    <img decoding=\"async\" loading=\"lazy\"  src=\"https:\/\/www.europesays.com\/no\/wp-content\/uploads\/2025\/12\/587168401_1438254964973870_6174985273101964719_n.jpg\" alt=\"\" class=\"brick-c-cFOWSL\" style=\"\"\/><\/p>\n<p>\n            Les ogs\u00e5<\/p>\n<p>              Her sier de takk til treneren gjennom fem innholdsrike \u00e5r\n        <\/p>\n<p>  <\/a><br \/>\n  Best mulig<\/p>\n<p>Natvik, som har UEFA A-lisens, starter i jobben p\u00e5 ny\u00e5ret:<\/p>\n<p>\u2013 Folk kan forvente \u00e5 se et lag \u2013 og en trener \u2013 som pr\u00f8ver sitt ytterste hver gang, og hver trening, for \u00e5 utvikle seg og bli best mulig, sier han i videoen klubben har delt p\u00e5 egne nettsider.<\/p>\n<p>Remi Natvik erstatter Martin Lindmark som trener. Lindmark starter i jobben som hovedtrener for AaFK Kvinner 1. januar 2026.<\/p>\n<p>  <a href=\"https:\/\/www.ringblad.no\/5-45-2148228\" class=\"related-teaser has-image default-story-teaser article--c-eRUmMG article--c-eRUmMG-jKCPdD-design-default\" rel=\"nofollow noopener\" target=\"_blank\"><\/p>\n<p>    <img decoding=\"async\" loading=\"lazy\"  src=\"https:\/\/www.europesays.com\/no\/wp-content\/uploads\/2025\/12\/hbk+malin+og+heidi_1.JPG\" alt=\"\" class=\"brick-c-cFOWSL\" style=\"\"\/><\/p>\n<p>\n            Les ogs\u00e5<\/p>\n<p>              Tjener mye mindre enn mannfolka p\u00e5 samme niv\u00e5: \u2013 Langt igjen\n        <\/p>\n<p>  <\/a><\/p>\n","protected":false},"excerpt":{"rendered":"Mandag ettermiddag r\u00f8per HBK nyheten p\u00e5 egne nettsider: Remi Natvik er ansatt som ny hovedtrener for HBK kvinner.&hellip;\n","protected":false},"author":2,"featured_media":114075,"comment_status":"","ping_status":"","sticky":false,"template":"","format":"standard","meta":{"footnotes":""},"categories":[59],"tags":[36,92,1979,341,30,28,29,83,82,1510],"class_list":{"0":"post-114074","1":"post","2":"type-post","3":"status-publish","4":"format-standard","5":"has-post-thumbnail","7":"category-sport","8":"tag-art","9":"tag-fotball","10":"tag-hbk","11":"tag-honefoss","12":"tag-no","13":"tag-norge","14":"tag-norway","15":"tag-sport","16":"tag-sports","17":"tag-story"},"share_on_mastodon":{"url":"https:\/\/pubeurope.com\/@no\/115725195363002098","error":""},"_links":{"self":[{"href":"https:\/\/www.europesays.com\/no\/wp-json\/wp\/v2\/posts\/114074","targetHints":{"allow":["GET"]}}],"collection":[{"href":"https:\/\/www.europesays.com\/no\/wp-json\/wp\/v2\/posts"}],"about":[{"href":"https:\/\/www.europesays.com\/no\/wp-json\/wp\/v2\/types\/post"}],"author":[{"embeddable":true,"href":"https:\/\/www.europesays.com\/no\/wp-json\/wp\/v2\/users\/2"}],"replies":[{"embeddable":true,"href":"https:\/\/www.europesays.com\/no\/wp-json\/wp\/v2\/comments?post=114074"}],"version-history":[{"count":0,"href":"https:\/\/www.europesays.com\/no\/wp-json\/wp\/v2\/posts\/114074\/revisions"}],"wp:featuredmedia":[{"embeddable":true,"href":"https:\/\/www.europesays.com\/no\/wp-json\/wp\/v2\/media\/114075"}],"wp:attachment":[{"href":"https:\/\/www.europesays.com\/no\/wp-json\/wp\/v2\/media?parent=114074"}],"wp:term":[{"taxonomy":"category","embeddable":true,"href":"https:\/\/www.europesays.com\/no\/wp-json\/wp\/v2\/categories?post=114074"},{"taxonomy":"post_tag","embeddable":true,"href":"https:\/\/www.europesays.com\/no\/wp-json\/wp\/v2\/tags?post=114074"}],"curies":[{"name":"wp","href":"https:\/\/api.w.org\/{rel}","templated":true}]}}