{"id":114082,"date":"2025-12-15T19:28:07","date_gmt":"2025-12-15T19:28:07","guid":{"rendered":"https:\/\/www.europesays.com\/no\/114082\/"},"modified":"2025-12-15T19:28:07","modified_gmt":"2025-12-15T19:28:07","slug":"donald-trump-fredsplan-neumann-kan-ikke-stole-pa-fredsmegler-med-okonomisk-agenda","status":"publish","type":"post","link":"https:\/\/www.europesays.com\/no\/114082\/","title":{"rendered":"Donald Trump, Fredsplan | Neumann: \u2013 Kan ikke stole p\u00e5 fredsmegler med \u00f8konomisk agenda"},"content":{"rendered":"\n<p>Russland-ekspert Iver B. Neumann advarer mot \u00e5 tro at president Donald Trumps plan for Ukraina vil resultere i en varig fredsl\u00f8sning.<\/p>\n<p><b>Les ogs\u00e5: <a class=\"simple-relation related-teaser article--c-eRUmMG article--c-eRUmMG-fZoQSp-design-nettavisen article--c-eRUmMG-gwthdJ-cv\" href=\"https:\/\/www.nettavisen.no\/store-tror-ikke-pa-ukraina-enighet-for-jul\/s\/5-95-2781635\" rel=\"nofollow noopener\" target=\"_blank\">St\u00f8re: Tror ikke p\u00e5 Ukraina-enighet f\u00f8r jul<\/a><\/b><\/p>\n<p>Samtalene mellom USA og Ukraina som n\u00e5 p\u00e5g\u00e5r, kan i beste fall resultere i v\u00e5penhvile og en frossen konflikt der spenningsniv\u00e5et holdes nede, tror Neumann, som er direkt\u00f8r ved Fridtjof Nansens Institutt.<\/p>\n<p>\u2013 Amerikanerne har klart og uten blygsel flagget at de har en \u00f8konomisk agenda, p\u00e5pekte han i <a href=\"https:\/\/radio.nrk.no\/\" rel=\"nofollow noopener\" target=\"_blank\">Dagsnytt 18 i NRK<\/a> mandag.<\/p>\n<p>\u2013 Det dreier seg om \u00e5 tenke eiendomsbesittelse og profitt. Da kan man dytte den svake part veldig langt for \u00e5 f\u00e5 kloa i pengene. Det dreier seg om forretningsmuligheter for amerikanerne i Russland, det dreier seg om mulig gjenoppbygging i Ukraina, og det dreier seg ogs\u00e5 om \u00e5 f\u00e5 kloa i disse frosne midlene som russiske oligarker har st\u00e5ende i Europa, sa Neumann.<\/p>\n<p>\u2013 Hvordan skal man kunne stole p\u00e5 en fredsmegler som har sin egen tydelige \u00f8konomiske agenda som kanskje prioriteres over det strategiske, undrer han.<\/p>\n<p>En fredsl\u00f8sning der Ukraina m\u00e5 avst\u00e5 territorium til Russland er farlig, tror Neumann.<\/p>\n<p>\u2013 Russerne blir proppfulle av selvtillit, det viser seg at deres satsing p\u00e5 bruk av milit\u00e6rmakt l\u00f8nner seg. Da kan vi bare feste setebeltet. Vi vet jo at det da kommer press mot Moldova og mer press i Sentral-Asia, advarer han.<\/p>\n<p>\u2013 Det store sp\u00f8rsm\u00e5let er om de ogs\u00e5 vil gyve l\u00f8s p\u00e5 Nato-land. Ved ikke \u00e5 stagge dem n\u00e5, oppfordrer vi jo til mer bruk av vold fra Russlands side, sa Neumann.<\/p>\n<p>(\u00a9NTB)<\/p>\n<p><b>Les ogs\u00e5: <a class=\"simple-relation related-teaser article--c-eRUmMG article--c-eRUmMG-fZoQSp-design-nettavisen article--c-eRUmMG-gwthdJ-cv\" href=\"https:\/\/www.nettavisen.no\/eu-med-nye-sanksjoner-mot-skyggeflate-og-propagandister\/s\/5-95-2781506\" rel=\"nofollow noopener\" target=\"_blank\">EU med nye sanksjoner mot skyggefl\u00e5te og propagandister<\/a><\/b><\/p>\n","protected":false},"excerpt":{"rendered":"Russland-ekspert Iver B. Neumann advarer mot \u00e5 tro at president Donald Trumps plan for Ukraina vil resultere i&hellip;\n","protected":false},"author":2,"featured_media":114083,"comment_status":"","ping_status":"","sticky":false,"template":"","format":"standard","meta":{"footnotes":""},"categories":[12],"tags":[20,21,24,25,15,22,23,13,30,28,29,14,16,26,27,42,43,44,45],"class_list":{"0":"post-114082","1":"post","2":"type-post","3":"status-publish","4":"format-standard","5":"has-post-thumbnail","7":"category-verden","8":"tag-breaking-news","9":"tag-breakingnews","10":"tag-featured-news","11":"tag-featurednews","12":"tag-headlines","13":"tag-latest-news","14":"tag-latestnews","15":"tag-news","16":"tag-no","17":"tag-norge","18":"tag-norway","19":"tag-nyheter","20":"tag-overskrifter","21":"tag-top-stories","22":"tag-topstories","23":"tag-verden","24":"tag-world","25":"tag-world-news","26":"tag-worldnews"},"share_on_mastodon":{"url":"https:\/\/pubeurope.com\/@no\/115725238585376481","error":""},"_links":{"self":[{"href":"https:\/\/www.europesays.com\/no\/wp-json\/wp\/v2\/posts\/114082","targetHints":{"allow":["GET"]}}],"collection":[{"href":"https:\/\/www.europesays.com\/no\/wp-json\/wp\/v2\/posts"}],"about":[{"href":"https:\/\/www.europesays.com\/no\/wp-json\/wp\/v2\/types\/post"}],"author":[{"embeddable":true,"href":"https:\/\/www.europesays.com\/no\/wp-json\/wp\/v2\/users\/2"}],"replies":[{"embeddable":true,"href":"https:\/\/www.europesays.com\/no\/wp-json\/wp\/v2\/comments?post=114082"}],"version-history":[{"count":0,"href":"https:\/\/www.europesays.com\/no\/wp-json\/wp\/v2\/posts\/114082\/revisions"}],"wp:featuredmedia":[{"embeddable":true,"href":"https:\/\/www.europesays.com\/no\/wp-json\/wp\/v2\/media\/114083"}],"wp:attachment":[{"href":"https:\/\/www.europesays.com\/no\/wp-json\/wp\/v2\/media?parent=114082"}],"wp:term":[{"taxonomy":"category","embeddable":true,"href":"https:\/\/www.europesays.com\/no\/wp-json\/wp\/v2\/categories?post=114082"},{"taxonomy":"post_tag","embeddable":true,"href":"https:\/\/www.europesays.com\/no\/wp-json\/wp\/v2\/tags?post=114082"}],"curies":[{"name":"wp","href":"https:\/\/api.w.org\/{rel}","templated":true}]}}