{"id":114084,"date":"2025-12-15T19:29:15","date_gmt":"2025-12-15T19:29:15","guid":{"rendered":"https:\/\/www.europesays.com\/no\/114084\/"},"modified":"2025-12-15T19:29:15","modified_gmt":"2025-12-15T19:29:15","slug":"brann-nordland-politidistrikt-william-hoff-selnes-14-antatt-omkommet-etter-brann","status":"publish","type":"post","link":"https:\/\/www.europesays.com\/no\/114084\/","title":{"rendered":"Brann, Nordland Politidistrikt | William Hoff Selnes (14) antatt omkommet etter brann"},"content":{"rendered":"\n<p>Identifiseringsarbeidet p\u00e5g\u00e5r fortsatt, men det er grunn til \u00e5 anta at det var 14 \u00e5r gamle William Hoff Selnes som omkom under brannen fredag kveld. Det skriver Nordland politidistrikt i en pressemelding.<\/p>\n<p>Selnes var beboer i huset som brant, og er savnet etter brannen. Navnet frigis i samr\u00e5d med p\u00e5r\u00f8rende.<\/p>\n<p>I en e-post forteller politiadvokat Joachim Nymann at politiet n\u00e5 har kommet i gang med etterforskningen av brannen som oppstod p\u00e5 Gruben fredag kveld.<\/p>\n<p>\u2013 Vi er forel\u00f8pig i en innledende fase av det som ser ut til \u00e5 bli en omfattende etterforskning, skriver han.<\/p>\n<p>Nymann understreker at det fortsatt er for tidlig \u00e5 svare p\u00e5 hva som gjorde at brannen oppstod, og hvorfor den fikk det tragiske utfallet den fikk.<\/p>\n<p>\u2013 Forh\u00e5pentligvis vil den videre etterforskningen kunne gi svar p\u00e5 det, skriver han.<\/p>\n<p>Politiadvokaten p\u00e5peker at en sentral del av den videre etterforskningen vil v\u00e6re unders\u00f8kelsene p\u00e5 brannstedet.<\/p>\n<p>\u2013 Vi starter de kriminaltekniske unders\u00f8kelsene p\u00e5 torsdag, skriver han.<\/p>\n<p>Videre forteller politiadvokaten at det vil v\u00e6re sentralt \u00e5 avh\u00f8re vitner og innhente relevant informasjon som kan bidra til \u00e5 opplyse saken.<\/p>\n<p>\u2013 Dette arbeidet er p\u00e5begynt og vi vil fortsette \u00e5 ha trykk p\u00e5 dette i l\u00f8pet av de kommende dagene, st\u00e5r det i e-posten fra Nymann.<\/p>\n<p>  <a href=\"https:\/\/www.ranablad.no\/5-42-1532695\" class=\"related-teaser default-story-teaser article--c-eRUmMG article--c-eRUmMG-jKCPdD-design-default article--c-eRUmMG-kpKLOW-cv\" rel=\"nofollow noopener\" target=\"_blank\"><\/p>\n<p>\n            Les ogs\u00e5<\/p>\n<p>              Mindre\u00e5rig gutt funnet omkommet p\u00e5 branntomta p\u00e5 Gruben\n        <\/p>\n<p>  <\/a><\/p>\n<p>  <a href=\"https:\/\/www.ranablad.no\/5-42-1532692\" class=\"related-teaser has-image default-story-teaser article--c-eRUmMG article--c-eRUmMG-jKCPdD-design-default\" rel=\"nofollow noopener\" target=\"_blank\"><\/p>\n<p>    <img decoding=\"async\" loading=\"lazy\"  src=\"https:\/\/www.europesays.com\/no\/wp-content\/uploads\/2025\/12\/Skjermbilde+2025-12-12+230145.png\" alt=\"\" class=\"brick-c-cFOWSL\" style=\"\"\/><\/p>\n<p>\n            Les ogs\u00e5<\/p>\n<p>              Dette vet vi per n\u00e5 om brannen i omsorgsboligen p\u00e5 Gruben\n        <\/p>\n<p>  <\/a><\/p>\n","protected":false},"excerpt":{"rendered":"Identifiseringsarbeidet p\u00e5g\u00e5r fortsatt, men det er grunn til \u00e5 anta at det var 14 \u00e5r gamle William Hoff&hellip;\n","protected":false},"author":2,"featured_media":5826,"comment_status":"","ping_status":"","sticky":false,"template":"","format":"standard","meta":{"footnotes":""},"categories":[10],"tags":[36,367,20,21,255,24,25,11557,15,22,23,13,30,3657,28,29,14,16,1510,26,27],"class_list":{"0":"post-114084","1":"post","2":"type-post","3":"status-publish","4":"format-standard","5":"has-post-thumbnail","7":"category-norge","8":"tag-art","9":"tag-brann","10":"tag-breaking-news","11":"tag-breakingnews","12":"tag-etterforskning","13":"tag-featured-news","14":"tag-featurednews","15":"tag-gruben","16":"tag-headlines","17":"tag-latest-news","18":"tag-latestnews","19":"tag-news","20":"tag-no","21":"tag-nordland-politidistrikt","22":"tag-norge","23":"tag-norway","24":"tag-nyheter","25":"tag-overskrifter","26":"tag-story","27":"tag-top-stories","28":"tag-topstories"},"share_on_mastodon":{"url":"https:\/\/pubeurope.com\/@no\/115725242611823706","error":""},"_links":{"self":[{"href":"https:\/\/www.europesays.com\/no\/wp-json\/wp\/v2\/posts\/114084","targetHints":{"allow":["GET"]}}],"collection":[{"href":"https:\/\/www.europesays.com\/no\/wp-json\/wp\/v2\/posts"}],"about":[{"href":"https:\/\/www.europesays.com\/no\/wp-json\/wp\/v2\/types\/post"}],"author":[{"embeddable":true,"href":"https:\/\/www.europesays.com\/no\/wp-json\/wp\/v2\/users\/2"}],"replies":[{"embeddable":true,"href":"https:\/\/www.europesays.com\/no\/wp-json\/wp\/v2\/comments?post=114084"}],"version-history":[{"count":0,"href":"https:\/\/www.europesays.com\/no\/wp-json\/wp\/v2\/posts\/114084\/revisions"}],"wp:featuredmedia":[{"embeddable":true,"href":"https:\/\/www.europesays.com\/no\/wp-json\/wp\/v2\/media\/5826"}],"wp:attachment":[{"href":"https:\/\/www.europesays.com\/no\/wp-json\/wp\/v2\/media?parent=114084"}],"wp:term":[{"taxonomy":"category","embeddable":true,"href":"https:\/\/www.europesays.com\/no\/wp-json\/wp\/v2\/categories?post=114084"},{"taxonomy":"post_tag","embeddable":true,"href":"https:\/\/www.europesays.com\/no\/wp-json\/wp\/v2\/tags?post=114084"}],"curies":[{"name":"wp","href":"https:\/\/api.w.org\/{rel}","templated":true}]}}