{"id":114085,"date":"2025-12-15T19:32:19","date_gmt":"2025-12-15T19:32:19","guid":{"rendered":"https:\/\/www.europesays.com\/no\/114085\/"},"modified":"2025-12-15T19:32:19","modified_gmt":"2025-12-15T19:32:19","slug":"sherlock-stjerna-mark-gatiss-helt-utrolig","status":"publish","type":"post","link":"https:\/\/www.europesays.com\/no\/114085\/","title":{"rendered":"\u00abSherlock\u00bb-stjerna Mark Gatiss: &#8211; Helt Utrolig"},"content":{"rendered":"<p> &#8211; For en idiot!<\/p>\n<p>Mark Gatiss ler h\u00f8yt og rister p\u00e5 hodet n\u00e5r han forteller om den f\u00f8rste l\u00f8nna si. Ikke fordi den var stor, men fordi ten\u00e5ringen Mark brukte den p\u00e5 \u00e5 f\u00e5 sydd en tredelt tweeddress.<\/p>\n<p>&#8211; Jeg ville bare bli voksen. Jeg satt ikke og ventet.<\/p>\n<p class=\"font-weight-bold m-font-weight-bold\" data-lab-font_weight=\"font-weight-bold\">59-\u00e5ringen har en lang karriere bak seg og er for mange nordmenn et kjent ansikt fra serier som \u00abSherlock\u00bb, \u00abDoctor Who\u00bb, \u00abDracula\u00bb, \u00abThe League of Gentlemen\u00bb og \u00abGame of Thrones\u00bb.<\/p>\n<p>        <img loading=\"lazy\" decoding=\"async\" src=\"https:\/\/www.europesays.com\/no\/wp-content\/uploads\/2025\/12\/83960089.webp\" width=\"686\" height=\"433\" title=\"KVALITETS-KRIM: Gatiss skamroser sine \u00abSherlock\u00bb-kolleger Martin Freeman og Benedict Cumberbatch. - Hvis man kunne tappe den kjemien p\u00e5 flaske, ville man gjort det igjen og igjen, sier han til Dagbladet. Foto: Hartswood Films\/REX\/NTB\" alt=\"\" class=\"\" style=\"--aspect-ratio-image: 1.58; \"\/><\/p>\n<p>\n        KVALITETS-KRIM: Gatiss skamroser sine \u00abSherlock\u00bb-kolleger Martin Freeman og Benedict Cumberbatch. &#8211; Hvis man kunne tappe den kjemien p\u00e5 flaske, ville man gjort det igjen og igjen, sier han til Dagbladet. Foto: Hartswood Films\/REX\/NTB\n    <\/p>\n<p>Filmlista hans rommer alt fra Oscar-vinneren \u00abThe Father\u00bb og kostymedramaet \u00abThe Favourite\u00bb, til blockbustere som \u00abMission: Impossible &#8211; Dead Reckoning Part One\u00bb.<\/p>\n<p>&#8211; Jeg har alltid sagt at jeg ble satt p\u00e5 jorda for \u00e5 lage den typen ting jeg selv liker \u00e5 se &#8211; p\u00e5 julaften eller en hvilken som helst dag, sier Gatiss.<\/p>\n<p class=\"font-weight-bold m-font-weight-bold\" data-lab-font_weight=\"font-weight-bold\">N\u00e5 sitter han p\u00e5 Zoom fra et slott i Skottland der han spiller inn andre sesong av krimserien \u00abBookish\u00bb. Han er sliten, men forn\u00f8yd.<\/p>\n<p>&#8211; Det er et periodedrama rett etter krigen, med mord, overnaturlige undertoner og en homofil hovedperson. Jeg f\u00e5r kombinert alt jeg elsker, sier han forn\u00f8yd. <\/p>\n<p>&#8211; Ville gjort igjen og igjen\t<\/p>\n<p> Skuespiller, manusforfatter, regiss\u00f8r, produsent. Mark Gatiss har gjort karriere p\u00e5 \u00e5 dyrke alt det han satte pris p\u00e5 som barn: sp\u00f8kelser, skrekk, mordmysterier og britisk h\u00f8ykultur med en skrudd vri. <\/p>\n<p class=\"font-weight-bold m-font-weight-bold\" data-lab-font_weight=\"font-weight-bold\">Men den rollen som s\u00e6rlig mange forbinder med ham, er kjempesuksessen \u00abSherlock\u00bb &#8211; serien som han selv var med p\u00e5 \u00e5 skape, og hvor han spilte rollen som Sherlock Holmes\u2019 storebror, Mycroft.<\/p>\n<p class=\"font-weight-normal m-font-weight-normal\" data-lab-font_weight=\"font-weight-normal\">Serien tok verdens mest ber\u00f8mte detektiv inn i v\u00e5r tid og gjorde Benedict Cumberbatch og Martin Freeman til superstjerner.<\/p>\n<p>        <img loading=\"lazy\" decoding=\"async\" src=\"https:\/\/www.europesays.com\/no\/wp-content\/uploads\/2025\/12\/83959876.webp\" width=\"686\" height=\"481\" title=\"GULL-TRIO: Mark Gatiss spilte mot Benedict Cumberbatch (t.v.) og Martin Freeman i \u00abSherlock\u00bb. Serien ble en global suksess og gjorde trioen til superstjerner. Foto: Hartswood Films\/REX\/NTB\" alt=\"\" class=\"\" style=\"--aspect-ratio-image: 1.43; \"\/><\/p>\n<p>\n        GULL-TRIO: Mark Gatiss spilte mot Benedict Cumberbatch (t.v.) og Martin Freeman i \u00abSherlock\u00bb. Serien ble en global suksess og gjorde trioen til superstjerner. Foto: Hartswood Films\/REX\/NTB\n    <\/p>\n<p>&#8211; Stephen Moffat og jeg fikk ideen om \u00e5 flytte historien til n\u00e5tida, og n\u00f8kkelen var vennskapet mellom to unge menn som deler leilighet. Det er et veldig moderne utgangspunkt.<\/p>\n<p>Han smiler.<\/p>\n<p class=\"font-weight-bold m-font-weight-bold\" data-lab-font_weight=\"font-weight-bold\">&#8211; Og s\u00e5 var vi heldige, for noen ganger stemmer alt &#8211; timing, manus, casting. Martin og Benedict hadde fantastisk kjemi. Hvis man kunne tappe det p\u00e5 flaske, ville man gjort det igjen og igjen.<\/p>\n<p>Ryktene om en ny sesong dukker stadig opp. Gatiss kan ikke love noe, samtidig som han har et glimt i \u00f8yet.<\/p>\n<p>&#8211; Vi hadde faktisk en filmid\u00e9 under pandemien. Den var veldig god, men det har aldri falt helt p\u00e5 plass. Alle er s\u00e5 travle. Kanskje vi skal la det ligge litt, la folk savne det. S\u00e5 kan vi gj\u00f8re det n\u00e5r vi er blitt 80.<\/p>\n<p>    <a itemprop=\"url\" href=\"https:\/\/www.dagbladet.no\/kjendis\/blir-skremt\/83874244\" rel=\"nofollow noopener\" target=\"_blank\"><\/p>\n<p>        <img loading=\"lazy\" decoding=\"async\" src=\"https:\/\/www.europesays.com\/no\/wp-content\/uploads\/2025\/12\/1765827132_10_83874416.webp\" width=\"147\" height=\"98\" title=\"- Blir skremt\" alt=\"\" class=\"lazyload\" style=\"--aspect-ratio-image: 1.50; \"\/><\/p>\n<p>        &#8211; Blir skremt<\/p>\n<p>    <\/a><\/p>\n<p>Skrekk og gru i jula\t<\/p>\n<p>Utgangspunktet for intervjuet er egentlig noe helt annet: Gatiss\u2019 kj\u00e6rlighet til sp\u00f8kelser og hans rolle som drivkraft bak BBCs tradisjonsrike kortfilmserie, \u00abA Ghost Story for Christmas\u00bb.<\/p>\n<p>Han har skrevet og regissert flere i \u00e5renes l\u00f8p, blant annet \u00abCount Magnus\u00bb, \u00abLot No. 249\u00bb og \u00abWoman in Stone\u00bb som alle kan str\u00f8mmes via BritBox denne jula.<\/p>\n<p>        <img loading=\"lazy\" decoding=\"async\" src=\"https:\/\/www.europesays.com\/no\/wp-content\/uploads\/2025\/12\/83960138.webp\" width=\"686\" height=\"474\" title=\"SE BAK DEG: \u00abGame of Thrones\u00bb-stjerna Kit Harington i en scene fra gr\u00f8sserkortfilmen \u00abLot No. 249\u00bb, basert p\u00e5 en historie av Sherlock Holmes-forfatteren Arthur Conan Doyle. Foto: BritBox\" alt=\"\" class=\"\" style=\"--aspect-ratio-image: 1.45; \"\/><\/p>\n<p>\n        SE BAK DEG: \u00abGame of Thrones\u00bb-stjerna Kit Harington i en scene fra gr\u00f8sserkortfilmen \u00abLot No. 249\u00bb, basert p\u00e5 en historie av Sherlock Holmes-forfatteren Arthur Conan Doyle. Foto: BritBox\n    <\/p>\n<p class=\"font-weight-bold m-font-weight-bold\" data-lab-font_weight=\"font-weight-bold\">&#8211; Jeg vokste opp med filmatiseringene p\u00e5 70-tallet, og sp\u00f8kelser har alltid v\u00e6rt favoritten min. Jeg elsker all skrekk, men sp\u00f8kelseshistorier er det jeg liker aller best. Det er noe med gr\u00f8ssende julefortellinger fortalt ved peisen som alltid har tiltalt meg.<\/p>\n<p>59-\u00e5ringen mener Charles Dickens m\u00e5 ta mye av \u00abskylda\u00bb for at jul og overtro h\u00f8rer sammen.<\/p>\n<p>&#8211; \u00abEn julefortelling\u00bb er jo selve grunnmuren i hvordan vi forst\u00e5r jula. \u00c5nder st\u00e5r i sentrum, og Dickens baserte seg p\u00e5 gamle tradisjoner &#8211; folk satt foran peisen og fortalte historier. Og de handlet sjelden om solrike sommerdager.<\/p>\n<p>Jula, sier han, er b\u00e5de glad og melankolsk.<\/p>\n<p>        <img loading=\"lazy\" decoding=\"async\" src=\"https:\/\/www.europesays.com\/no\/wp-content\/uploads\/2025\/12\/83960139.webp\" width=\"686\" height=\"446\" title=\"GUFFEN UHYGGE: Gr\u00f8sser-kortfilmen \u00abCount Magnus\u00bb fikk undertegnede til \u00e5 skvette skikkelig i stolen flere ganger. Se den p\u00e5 eget ansvar. Foto: BritBox\" alt=\"\" class=\"\" style=\"--aspect-ratio-image: 1.54; \"\/><\/p>\n<p>\n        GUFFEN UHYGGE: Gr\u00f8sser-kortfilmen \u00abCount Magnus\u00bb fikk undertegnede til \u00e5 skvette skikkelig i stolen flere ganger. Se den p\u00e5 eget ansvar. Foto: BritBox\n    <\/p>\n<p>&#8211; Man ser seg rundt og tenker p\u00e5 dem som ikke er der lenger. Samtidig ser man framover. Det er et vendepunkt i \u00e5ret. Derfor f\u00f8les det naturlig at sp\u00f8kelser h\u00f8rer hjemme der.<\/p>\n<p>    <a itemprop=\"url\" href=\"https:\/\/www.dagbladet.no\/kjendis\/die-hard-debatt-ikke-en-julefilm\/83875183\" rel=\"nofollow noopener\" target=\"_blank\"><\/p>\n<p>        <img loading=\"lazy\" decoding=\"async\" src=\"https:\/\/www.europesays.com\/no\/wp-content\/uploads\/2025\/12\/1765827136_410_74878819.webp\" width=\"980\" height=\"441\" title=\"\u00abDie Hard\u00bb-debatt: - Ikke en julefilm\" alt=\"\" class=\"lazyload\" style=\"--aspect-ratio-image: 2.22; \"\/><\/p>\n<p>        \u00abDie Hard\u00bb-debatt: &#8211; Ikke en julefilm<\/p>\n<p>    <\/a><\/p>\n<p>Gr\u00f8ss i norske omgivelser\t<\/p>\n<p>Kortfilmen \u00abCount Magnus\u00bb er bygget p\u00e5 M.R. James\u2019 klassiske sp\u00f8kelseshistorie og foreg\u00e5r i Sverige.<\/p>\n<p>En nysgjerrig, britisk reiseforfatter kommer til et staslig svensk gods. Der oppdager han at en lenge avd\u00f8d adelsmann ikke hviler s\u00e5 lett i graven sin som man skulle h\u00e5pet.<\/p>\n<p class=\"font-weight-bold m-font-weight-bold\" data-lab-font_weight=\"font-weight-bold\">Gatiss forteller at han har aldri v\u00e6rt i Norge, men utelukker ikke at det kan skje.<\/p>\n<p>&#8211; Jeg er sikker p\u00e5 at hvis man ser at det er mulig \u00e5 filme i et vennlig land, s\u00e5 sier man ikke nei til det.<\/p>\n<p>        <img loading=\"lazy\" decoding=\"async\" src=\"https:\/\/www.europesays.com\/no\/wp-content\/uploads\/2025\/12\/83960086.webp\" width=\"686\" height=\"453\" title=\"DETEKTIVLEGENDE: David Suchet og Mark Gatiss under innspillingen av Agatha Christies Poirot-mysterium \u00abStevnem\u00f8te med d\u00f8den\u00bb i 2008. Gatiss har selv bearbeidet flere av Christies historier til manus. Foto: ITV\/REX\/NTB\" alt=\"\" class=\"\" style=\"--aspect-ratio-image: 1.51; \"\/><\/p>\n<p>\n        DETEKTIVLEGENDE: David Suchet og Mark Gatiss under innspillingen av Agatha Christies Poirot-mysterium \u00abStevnem\u00f8te med d\u00f8den\u00bb i 2008. Gatiss har selv bearbeidet flere av Christies historier til manus. Foto: ITV\/REX\/NTB\n    <\/p>\n<p>Og hvis han f\u00f8rst skulle lagt en sp\u00f8kelseshistorie hit?<\/p>\n<p class=\"font-weight-bold m-font-weight-bold\" data-lab-font_weight=\"font-weight-bold\">&#8211; Slike fortellinger er veldig tilpasningsdyktige. Et godt opptakssted gir enorm visuell verdi. Hvis jeg fant et fantastisk norsk sted &#8211; for eksempel et gammelt trehotell &#8211; kunne jeg helt klart flyttet historien dit.<\/p>\n<p>Han smiler.<\/p>\n<p>&#8211; Skandinavia har en utrolig rik folklore &#8211; ikke bare troll, men masse annet spennende \u00e5 utforske.<\/p>\n<p>    <a itemprop=\"url\" href=\"https:\/\/www.dagbladet.no\/kjendis\/apenhjertig-har-opplevd-sorg\/83890783\" rel=\"nofollow noopener\" target=\"_blank\"><\/p>\n<p>        <img loading=\"lazy\" decoding=\"async\" src=\"https:\/\/www.europesays.com\/no\/wp-content\/uploads\/2025\/12\/83890817.webp\" width=\"980\" height=\"441\" title=\"\u00c5penhjertig: - Har opplevd sorg\" alt=\"\" class=\"lazyload\" style=\"--aspect-ratio-image: 2.22; \"\/><\/p>\n<p>        \u00c5penhjertig: &#8211; Har opplevd sorg<\/p>\n<p>    <\/a><\/p>\n<p>Vampyrbeskyttere i slekta\t<\/p>\n<p>At fascinasjonen for det overnaturlige sitter dypt, fikk Gatiss bekreftet da han deltok i den britiske utgaven av \u00abHvem tror du at du er?\u00bb i 2015.<\/p>\n<p>Slektsforskningen avsl\u00f8rte blant annet at en grein p\u00e5 familietreet hans hadde et rykte for \u00e5 v\u00e6re b\u00e5de historiefortellere og &#8211; if\u00f8lge lokale legender &#8211; \u00abvampyrjegere\u00bb.<\/p>\n<p class=\"italic m-italic\" data-lab-italic=\"italic\">&#8211; Hvordan var det \u00e5 f\u00e5 den nyheten?<\/p>\n<p class=\"font-weight-bold m-font-weight-bold\" data-lab-font_weight=\"font-weight-bold\">&#8211; Du kan jo forestille deg! Det var helt utrolig, og jeg visste ingenting. Under opptakene la jeg merke til at de filmet meg fra rare vinkler mens jeg gikk gjennom knirkende porter, og jeg tenkte: \u00abDette leder et sted.\u00bb<\/p>\n<p>        <img loading=\"lazy\" decoding=\"async\" src=\"https:\/\/www.europesays.com\/no\/wp-content\/uploads\/2025\/12\/83960087.webp\" width=\"686\" height=\"488\" title=\"TV-FAVORITT: Mark Gatiss spilte rollen som Tycho Nestoris - en representant for Jernbanken i Braavos - i flere sesonger av megasuksessen \u00abGame of Thrones\u00bb. Foto: HBO Max\/Kobal\/REX\" alt=\"\" class=\"\" style=\"--aspect-ratio-image: 1.41; \"\/><\/p>\n<p>\n        TV-FAVORITT: Mark Gatiss spilte rollen som Tycho Nestoris &#8211; en representant for Jernbanken i Braavos &#8211; i flere sesonger av megasuksessen \u00abGame of Thrones\u00bb. Foto: HBO Max\/Kobal\/REX\n    <\/p>\n<p>Det viste seg nemlig at morsslekta kom fra et omr\u00e5de i Nord\u00f8st-England der det fantes gamle folketro-fortellinger om vampyrer og overnaturlige vesener.<\/p>\n<p>If\u00f8lge arkivmateriale ble en av hans forfedre omtalt som en som \u00abbeskyttet landsbyen mot vampyrer\u00bb &#8211; trolig en blanding av lokal mytologi og overdrivelse snarere enn faktiske hendelser. <\/p>\n<p class=\"font-weight-bold m-font-weight-bold\" data-lab-font_weight=\"font-weight-bold\">&#8211; Jeg ble utrolig glad for \u00e5 oppdage at det fantes en fortellertradisjon i familien. Og s\u00e5 viste det seg attp\u00e5til at vi hadde en forbindelse til den eldste vampyrhistorien i Vest-Europa. Jeg ble helt fra meg av begeistring.<\/p>\n<p>Han l\u00e6rte ogs\u00e5 at det g\u00e6liske navnet for \u00abvampyr\u00bb er \u00abdearg due\u00bb, som p\u00e5 norsk blir noe slikt som \u00abden r\u00f8de t\u00f8rsten\u00bb.<\/p>\n<p>&#8211; Er ikke det fantastisk? Jeg skal bruke det som tittel p\u00e5 en historie &#8211; \u00abThe Red Drinkers\u00bb.<\/p>\n<p>    <a itemprop=\"url\" href=\"https:\/\/www.dagbladet.no\/kjendis\/advart-mot-overgriper-alle-visste\/83887733\" rel=\"nofollow noopener\" target=\"_blank\"><\/p>\n<p>        <img loading=\"lazy\" decoding=\"async\" src=\"https:\/\/www.europesays.com\/no\/wp-content\/uploads\/2025\/12\/83887740.webp\" width=\"147\" height=\"98\" title=\"Advart mot overgriper: - Alle visste\" alt=\"\" class=\"lazyload\" style=\"--aspect-ratio-image: 1.50; \"\/><\/p>\n<p>        Advart mot overgriper: &#8211; Alle visste<\/p>\n<p>    <\/a><\/p>\n<p>Skremt svigermor\t<\/p>\n<p>N\u00e5r vi sp\u00f8r Gatiss om hvordan jula hans blir i \u00e5r, forteller han at han reiser hjem 20. desember. Da rekker han en svipptur til Madrid for en filminnspilling og er tilbake p\u00e5 julaften &#8211; akkurat tidsnok til \u00e5 se sin egen sp\u00f8kelseshistorie p\u00e5 TV.<\/p>\n<p class=\"font-weight-bold m-font-weight-bold\" data-lab-font_weight=\"font-weight-bold\">&#8211; Ektemannen min spiller i pantomime og har bare fri p\u00e5 f\u00f8rste juledag, s\u00e5 da er han hjemme. Og s\u00e5 kommer foreldrene hans. Det har blitt tradisjon.<\/p>\n<p>        <img loading=\"lazy\" decoding=\"async\" src=\"https:\/\/www.europesays.com\/no\/wp-content\/uploads\/2025\/12\/83960088.webp\" width=\"686\" height=\"481\" title=\"Mandatory Credit: Photo by James Gourley\/REX (9480156ag)Mark Gatiss and Ian Hallard'Ghost Stories' film screening, London, UK - 27 Mar 2018\" alt=\"\" class=\"\" style=\"--aspect-ratio-image: 1.43; \"\/><\/p>\n<p>\n        Mandatory Credit: Photo by James Gourley\/REX (9480156ag)Mark Gatiss and Ian Hallard&#8217;Ghost Stories&#8217; film screening, London, UK &#8211; 27 Mar 2018\n    <\/p>\n<p>Han ler n\u00e5r han forteller om svigermora n\u00e5r det er tid for \u00abA Ghost Story for Christmas\u00bb. Han holder hendene sine opp foran ansiktet sitt for \u00e5 demonstrere.<\/p>\n<p class=\"font-weight-bold m-font-weight-bold\" data-lab-font_weight=\"font-weight-bold\">&#8211; Hun er redd for alt. Hun ser p\u00e5 med hendene foran ansiktet. Vi sier alltid at det g\u00e5r kjappere \u00e5 bare lukke \u00f8ynene, men det gj\u00f8r hun aldri.<\/p>\n<p>Julaften er favorittdagen hans.<\/p>\n<p>&#8211; Jeg elsker n\u00e5r det er ordentlig kaldt, det begynner \u00e5 m\u00f8rkne og man ser lysene i vinduene. Den f\u00f8lelsen er magisk.<\/p>\n<p>    <a itemprop=\"url\" href=\"https:\/\/www.dagbladet.no\/kjendis\/kjenner-meg-ikke-igjen\/83885871\" rel=\"nofollow noopener\" target=\"_blank\"><\/p>\n<p>        <img loading=\"lazy\" decoding=\"async\" src=\"https:\/\/www.europesays.com\/no\/wp-content\/uploads\/2025\/12\/83885943.webp\" width=\"980\" height=\"441\" title=\"- Kjenner meg ikke igjen\" alt=\"\" class=\"lazyload\" style=\"--aspect-ratio-image: 2.22; \"\/><\/p>\n<p>        &#8211; Kjenner meg ikke igjen<\/p>\n<p>    <\/a><\/p>\n<p>&#8211; Vi trenger rollemodeller\t<\/p>\n<p>Gatiss har lenge v\u00e6rt \u00e5pen om sin legning, og i 2008 inngikk han partnerskap med skuespilleren Ian Hallard (51). Gatiss har flere ganger blitt listet blant Storbritannias mest innflytelsesrike homofile.<\/p>\n<p>&#8211; Jeg vet ikke om jeg egentlig er det, sier han og ler.<\/p>\n<p class=\"font-weight-bold m-font-weight-bold\" data-lab-font_weight=\"font-weight-bold\">&#8211; Jeg pleide \u00e5 sp\u00f8ke med at siden jeg havnet midt p\u00e5 lista, s\u00e5 m\u00e5tte jeg \u00abv\u00e6re mer homo neste \u00e5r\u00bb for \u00e5 klatre h\u00f8yere opp.<\/p>\n<p>S\u00e5 blir han alvorlig.<\/p>\n<p>&#8211; Vi trenger rollemodeller. Jeg trengte dem selv da jeg vokste opp. Men du kan p\u00e5 samme tid b\u00e5de v\u00e6re noens forbilde og noens skyteskive. Det eneste man kan gj\u00f8re, er \u00e5 f\u00f8lge sin egen vei.<\/p>\n<p class=\"font-weight-bold m-font-weight-bold\" data-lab-font_weight=\"font-weight-bold\">Han er opptatt av at rettigheter ikke er noe man kan ta for gitt.<\/p>\n<p>&#8211; Som vi ser s\u00e5 kan de raskt tas fra oss, s\u00e6rlig i USA n\u00e5. Ting vi trodde var vunnet, kan forsvinne p\u00e5 et blunk. Derfor er det viktig \u00e5 v\u00e6re synlig. Jeg kommer ikke til \u00e5 gripe til v\u00e5pen, men jeg kan bidra med det jeg kan, og det er \u00e5 fortelle historier.<\/p>\n","protected":false},"excerpt":{"rendered":"&#8211; For en idiot! Mark Gatiss ler h\u00f8yt og rister p\u00e5 hodet n\u00e5r han forteller om den f\u00f8rste&hellip;\n","protected":false},"author":2,"featured_media":114086,"comment_status":"","ping_status":"","sticky":false,"template":"","format":"standard","meta":{"footnotes":""},"categories":[58],"tags":[71,5593,479,30,28,29,13887,4005,72],"class_list":{"0":"post-114085","1":"post","2":"type-post","3":"status-publish","4":"format-standard","5":"has-post-thumbnail","7":"category-underholdning","8":"tag-entertainment","9":"tag-jul","10":"tag-kjendis","11":"tag-no","12":"tag-norge","13":"tag-norway","14":"tag-sherlock","15":"tag-some","16":"tag-underholdning"},"share_on_mastodon":{"url":"https:\/\/pubeurope.com\/@no\/115725254489175202","error":""},"_links":{"self":[{"href":"https:\/\/www.europesays.com\/no\/wp-json\/wp\/v2\/posts\/114085","targetHints":{"allow":["GET"]}}],"collection":[{"href":"https:\/\/www.europesays.com\/no\/wp-json\/wp\/v2\/posts"}],"about":[{"href":"https:\/\/www.europesays.com\/no\/wp-json\/wp\/v2\/types\/post"}],"author":[{"embeddable":true,"href":"https:\/\/www.europesays.com\/no\/wp-json\/wp\/v2\/users\/2"}],"replies":[{"embeddable":true,"href":"https:\/\/www.europesays.com\/no\/wp-json\/wp\/v2\/comments?post=114085"}],"version-history":[{"count":0,"href":"https:\/\/www.europesays.com\/no\/wp-json\/wp\/v2\/posts\/114085\/revisions"}],"wp:featuredmedia":[{"embeddable":true,"href":"https:\/\/www.europesays.com\/no\/wp-json\/wp\/v2\/media\/114086"}],"wp:attachment":[{"href":"https:\/\/www.europesays.com\/no\/wp-json\/wp\/v2\/media?parent=114085"}],"wp:term":[{"taxonomy":"category","embeddable":true,"href":"https:\/\/www.europesays.com\/no\/wp-json\/wp\/v2\/categories?post=114085"},{"taxonomy":"post_tag","embeddable":true,"href":"https:\/\/www.europesays.com\/no\/wp-json\/wp\/v2\/tags?post=114085"}],"curies":[{"name":"wp","href":"https:\/\/api.w.org\/{rel}","templated":true}]}}