{"id":114087,"date":"2025-12-15T19:36:09","date_gmt":"2025-12-15T19:36:09","guid":{"rendered":"https:\/\/www.europesays.com\/no\/114087\/"},"modified":"2025-12-15T19:36:09","modified_gmt":"2025-12-15T19:36:09","slug":"foler-seg-fanget-i-en-vaepnet-konflikt-agderposten-no","status":"publish","type":"post","link":"https:\/\/www.europesays.com\/no\/114087\/","title":{"rendered":"F\u00f8ler seg fanget i en v\u00e6pnet konflikt &#8211; agderposten.no"},"content":{"rendered":"<ol>\n<li><a href=\"https:\/\/news.google.com\/rss\/articles\/CBMihAFBVV95cUxQTzRLbFNXRHNlRHhWbWNVMmRhVzN6Q3d5enJ6aWZqaWFsVDA3dFAwXzFUZVRlS3I0UUlXYTBrQTFDZnd4OXlmVTVRM1dmN0p6Q3BqOFkteDNiaWQtTlVWeXdCYUNEU0w1ZGhtODBFZzliMnhfOElfRUpEQ21Da0xRMDVWejU?oc=5\" target=\"_blank\" rel=\"nofollow noopener\">F\u00f8ler seg fanget i en v\u00e6pnet konflikt<\/a>&nbsp;&nbsp;agderposten.no<\/li>\n<li><a href=\"https:\/\/news.google.com\/rss\/articles\/CBMikAFBVV95cUxOcENiUlFyS2VKT2M5aGtWRTQyMkxsemI5UVRCSkJNbk9DaURNUWEzMzdjLXE3dnNZclB0SGY2Ym9TZXpKTU9HazM4cmVCMEdiTlI5SHBwejZ1UXFuNVBvZlFKem5pWE1QdS1HeFdxeU5rclQ4ZlN5TzJmTDNScFpSeW15aVlJNkZBNHVWckpzUno?oc=5\" target=\"_blank\" rel=\"nofollow noopener\">Sverige advarer mot reiser til ferie\u00f8yer i Thailand<\/a>&nbsp;&nbsp;VG<\/li>\n<li><a href=\"https:\/\/news.google.com\/rss\/articles\/CBMingFBVV95cUxQdU15Z0pvdGhfaGdINk9MbkFaemZ1eEhDX0NsUGpZNHNvVG5sNFZWZ3lrZ2FZTXE3ZWMxUmJuVm5qRFhWUHFPTXEwTVdyemh5LTdoQ3N4SF9yVnZLb1BpWXh1WjBUTDJpT0pmejlmWjR3VTA4OVpqMHRycVB2RVA3U1Z1UFRMamdYT2NLSWVvcU5GaTNheW81TjhUUFdtZw?oc=5\" target=\"_blank\" rel=\"nofollow noopener\">Thailand innf\u00f8rer portforbud etter nye kamper med Kambodsja \u2013 Siste nytt<\/a>&nbsp;&nbsp;NRK<\/li>\n<li><a href=\"https:\/\/news.google.com\/rss\/articles\/CBMifkFVX3lxTFBwZ1VMaHVTV1EzTXFvSjZxNl9McWh5eFYyMmtTZHRHcjR5c0ZxOWF3T0RKUElQd2hDM1ZQTjdKTG9pU0tLX29DbUxhdU5FSldONjVUdnpGOE1Wdl9JaWI1YzFtOUZuWUdIa2xxRlo4cnpsS0hfYnlLdjd3aUQ5UQ?oc=5\" target=\"_blank\" rel=\"nofollow noopener\">Bes\u00f8ker kj\u00e6resten: &#8211; H\u00f8rer bomber<\/a>&nbsp;&nbsp;Dagbladet<\/li>\n<li><a href=\"https:\/\/news.google.com\/rss\/articles\/CBMirgFBVV95cUxPbVNacURYMVVJR2ZUTFpQVTdCTThyLWIxbDJmenctRFJORElCQzJRNWs0azVJekxRMTZWRTgzQWo2LWtSN0w3U1AwQmg1ZFF3eG16QjJqNjMtUDhGUjRkcnNfOVhMNUhSc09NRUdOa3VpV25mWTd3NDdjWDVPdFA0cUc3djhpMU9TX0c2dm9zNHVMM0dJX1BFaVlGSEpUYS1KSHdBclRuaDNwWU5SZEE?oc=5\" target=\"_blank\" rel=\"nofollow noopener\">(+) Kambodsja sier thailandske angrep rammet Angkor Wat-provins<\/a>&nbsp;&nbsp;folkebladet.no<\/li>\n<\/ol>\n","protected":false},"excerpt":{"rendered":"F\u00f8ler seg fanget i en v\u00e6pnet konflikt&nbsp;&nbsp;agderposten.no Sverige advarer mot reiser til ferie\u00f8yer i Thailand&nbsp;&nbsp;VG Thailand innf\u00f8rer portforbud&hellip;\n","protected":false},"author":2,"featured_media":114088,"comment_status":"","ping_status":"","sticky":false,"template":"","format":"standard","meta":{"footnotes":""},"categories":[12],"tags":[20,21,24,25,15,22,23,13,30,28,29,14,16,26,27,42,43,44,45],"class_list":{"0":"post-114087","1":"post","2":"type-post","3":"status-publish","4":"format-standard","5":"has-post-thumbnail","7":"category-verden","8":"tag-breaking-news","9":"tag-breakingnews","10":"tag-featured-news","11":"tag-featurednews","12":"tag-headlines","13":"tag-latest-news","14":"tag-latestnews","15":"tag-news","16":"tag-no","17":"tag-norge","18":"tag-norway","19":"tag-nyheter","20":"tag-overskrifter","21":"tag-top-stories","22":"tag-topstories","23":"tag-verden","24":"tag-world","25":"tag-world-news","26":"tag-worldnews"},"share_on_mastodon":{"url":"https:\/\/pubeurope.com\/@no\/115725270051625831","error":""},"_links":{"self":[{"href":"https:\/\/www.europesays.com\/no\/wp-json\/wp\/v2\/posts\/114087","targetHints":{"allow":["GET"]}}],"collection":[{"href":"https:\/\/www.europesays.com\/no\/wp-json\/wp\/v2\/posts"}],"about":[{"href":"https:\/\/www.europesays.com\/no\/wp-json\/wp\/v2\/types\/post"}],"author":[{"embeddable":true,"href":"https:\/\/www.europesays.com\/no\/wp-json\/wp\/v2\/users\/2"}],"replies":[{"embeddable":true,"href":"https:\/\/www.europesays.com\/no\/wp-json\/wp\/v2\/comments?post=114087"}],"version-history":[{"count":0,"href":"https:\/\/www.europesays.com\/no\/wp-json\/wp\/v2\/posts\/114087\/revisions"}],"wp:featuredmedia":[{"embeddable":true,"href":"https:\/\/www.europesays.com\/no\/wp-json\/wp\/v2\/media\/114088"}],"wp:attachment":[{"href":"https:\/\/www.europesays.com\/no\/wp-json\/wp\/v2\/media?parent=114087"}],"wp:term":[{"taxonomy":"category","embeddable":true,"href":"https:\/\/www.europesays.com\/no\/wp-json\/wp\/v2\/categories?post=114087"},{"taxonomy":"post_tag","embeddable":true,"href":"https:\/\/www.europesays.com\/no\/wp-json\/wp\/v2\/tags?post=114087"}],"curies":[{"name":"wp","href":"https:\/\/api.w.org\/{rel}","templated":true}]}}